{"id":607,"date":"2021-08-11T10:28:55","date_gmt":"2021-08-11T08:28:55","guid":{"rendered":"https:\/\/fotobum.pl\/blog\/?p=607"},"modified":"2021-08-13T18:31:08","modified_gmt":"2021-08-13T16:31:08","slug":"naklejki-szkolne-na-przybory-z-imieniem-dziecka","status":"publish","type":"post","link":"https:\/\/fotobum.pl\/blog\/naklejki-szkolne-na-przybory-z-imieniem-dziecka\/","title":{"rendered":"Naklejki szkolne. Najlepszy pomys\u0142 na oznaczenie lub podpisanie rzeczy dziecka."},"content":{"rendered":"\n<h2 class=\"wp-block-heading\">Naklejki imienne. <strong>Jak i po co u\u017cywa\u0107 imiennik\u00f3w?<\/strong><\/h2>\n\n\n\n<p>Chcesz estetycznie podpisa\u0107 ka\u017cdy przedmiot dziecka, kt\u00f3ry trafi do tornistra lub szkolnej szafki? To zrozumia\u0142e, w ko\u0144cu uczniowie mog\u0105 mie\u0107 bardzo podobne rzeczy, co mo\u017ce doprowadzi\u0107 do niema\u0142ego zamieszania. <a href=\"https:\/\/fotobum.pl\/kategoria\/386-naklejki-imienne\">Naklejki imienne<\/a> sprawdz\u0105 si\u0119 idealnie <strong>do podpisywania ksi\u0105\u017cek, zeszyt\u00f3w czy kleju i farbek<\/strong>. Zast\u0105p podpisy zwyk\u0142ym d\u0142ugopisem nowym rozwi\u0105zaniem z trwa\u0142ym nadrukiem. Naklejki imienne to produkt, kt\u00f3ry mo\u017ce przyczyni\u0107 si\u0119 do braku problem\u00f3w z zaginionymi kubeczkami, kredkami czy bidonami Twojego syna lub c\u00f3rki. W ko\u0144cu wszystko b\u0119dzie podpisane, odpowiednio u\u0142o\u017cone i gotowe do u\u017cycia! Nic nie stoi na przeszkodzie, aby naklejki imienne wykorzysta\u0107 tak\u017ce w nieco inny spos\u00f3b. Nie musz\u0105 znajdowa\u0107 si\u0119 jedynie na pi\u00f3rniku czy plecaku. Zach\u0119camy do postawienia na tego rodzaju produkty, gdy na przyk\u0142ad chcesz stworzy\u0107<strong> grafik prac domowych<\/strong>. Dzi\u0119ki \u0142atwej aplikacji <strong><a href=\"https:\/\/fotobum.pl\/kategoria\/386-naklejki-imienne\">naklejek na przybory<\/a><\/strong> szkolne dziecko z \u0142atwo\u015bci\u0105 poradzi sobie z tym samodzielnie. To mo\u017ce by\u0107 \u015bwietna zabawa! Zaokr\u0105glone rogi <strong>naklejki imiennej<\/strong> sprawiaj\u0105, \u017ce <strong>naklejki s\u0105 trwa\u0142e<\/strong> i nie zniszcz\u0105 si\u0119 szybko. Takie <strong><a href=\"https:\/\/fotobum.pl\/kategoria\/386-naklejki-imienne\">naklejki imienniki<\/a><\/strong> s\u0105 idealnym rozwi\u0105zaniem na podpisanie wszystkiego do szko\u0142y i przedszkola. Podpisz wszystko naklejkami z imieniem i upewnij si\u0119, \u017ce nic si\u0119 nie zgubi.<\/p>\n\n\n\n<figure class=\"wp-block-image size-large\"><img loading=\"lazy\" decoding=\"async\" width=\"1024\" height=\"536\" src=\"https:\/\/fotobum.pl\/blog\/wp-content\/uploads\/2021\/08\/Naklejki-imienne-imienniki-1024x536.jpg\" alt=\"Naklejki imienne imienniki\" class=\"wp-image-616\" srcset=\"https:\/\/fotobum.pl\/blog\/wp-content\/uploads\/2021\/08\/Naklejki-imienne-imienniki-1024x536.jpg 1024w, https:\/\/fotobum.pl\/blog\/wp-content\/uploads\/2021\/08\/Naklejki-imienne-imienniki-300x157.jpg 300w, https:\/\/fotobum.pl\/blog\/wp-content\/uploads\/2021\/08\/Naklejki-imienne-imienniki-768x402.jpg 768w, https:\/\/fotobum.pl\/blog\/wp-content\/uploads\/2021\/08\/Naklejki-imienne-imienniki-750x393.jpg 750w, https:\/\/fotobum.pl\/blog\/wp-content\/uploads\/2021\/08\/Naklejki-imienne-imienniki.jpg 1200w\" sizes=\"auto, (max-width: 1024px) 100vw, 1024px\" \/><figcaption><a href=\"https:\/\/fotobum.pl\/kategoria\/386-naklejki-imienne\" target=\"_blank\" rel=\"noreferrer noopener\">Naklejki imienne dla dzieci<\/a><\/figcaption><\/figure>\n\n\n\n<h2 class=\"wp-block-heading\">Naklejki motywacyjne. Wykorzystaj je tak\u017ce <strong><strong><strong>w domowym systemie nagradzania<\/strong><\/strong><\/strong><\/h2>\n\n\n\n<p>Motywowanie dzieci za pomoc\u0105 naklejek z uroczymi grafikami i kr\u00f3tkimi tekstami to znany i lubiany element nauczania, kt\u00f3ry na sta\u0142e zago\u015bci\u0142 ju\u017c w setkach szk\u00f3\u0142. Nagradzanie w taki spos\u00f3b to metoda daj\u0105ca <strong>zadowalaj\u0105ce efekty<\/strong>, kt\u00f3r\u0105 warto przenie\u015b\u0107 r\u00f3wnie\u017c do domowego zacisza.<\/p>\n\n\n\n<p>Drobne obowi\u0105zki domowe to co\u015b, co ka\u017cde dziecko ma\u0142ymi kroczkami powinno mie\u0107 wdra\u017cane w \u017cycie od najm\u0142odszych lat. Zadania do wykonania ucz\u0105 go, \u017ce ka\u017cdy cz\u0142onek rodziny powinien dba\u0107 o wsp\u00f3ln\u0105 przestrze\u0144. Mog\u0105 to by\u0107 drobne czynno\u015bci na przyk\u0142ad sprz\u0105tanie zabawek czy chocia\u017cby mycie z\u0119b\u00f3w i chodzenie spa\u0107 na czas. Rodzice jednak zazwyczaj zapominaj\u0105 o przydzielonych zadaniach, przez co nie sprawdzaj\u0105 systematycznie dziecka. My\u015bl w g\u0142owie najm\u0142odszego cz\u0142onka rodziny o <strong>nagrodzie w postaci naklejki<\/strong> samo zmotywuje go do wykonania powierzonych zada\u0144 i sprawi, \u017ce syn czy c\u00f3rka sam podejdzie do rodzica i przypomni mu o konieczno\u015bci kontrolowania- przecie\u017c za dobrze wykonane zadanie otrzyma <a href=\"https:\/\/fotobum.pl\/kategoria\/387-naklejki-motywacyjne\">naklejk\u0119 motywacyjn\u0105<\/a>.<\/p>\n\n\n\n<figure class=\"wp-block-image size-large is-style-default\"><a href=\"https:\/\/fotobum.pl\/kategoria\/387-naklejki-motywacyjne\" target=\"_blank\" rel=\"noopener noreferrer\"><img loading=\"lazy\" decoding=\"async\" width=\"1024\" height=\"536\" src=\"https:\/\/fotobum.pl\/blog\/wp-content\/uploads\/2021\/08\/Naklejki-motywacyjne-1024x536.jpg\" alt=\"Naklejki motywacyjne dla dzieci\" class=\"wp-image-613\" srcset=\"https:\/\/fotobum.pl\/blog\/wp-content\/uploads\/2021\/08\/Naklejki-motywacyjne-1024x536.jpg 1024w, https:\/\/fotobum.pl\/blog\/wp-content\/uploads\/2021\/08\/Naklejki-motywacyjne-300x157.jpg 300w, https:\/\/fotobum.pl\/blog\/wp-content\/uploads\/2021\/08\/Naklejki-motywacyjne-768x402.jpg 768w, https:\/\/fotobum.pl\/blog\/wp-content\/uploads\/2021\/08\/Naklejki-motywacyjne-750x393.jpg 750w, https:\/\/fotobum.pl\/blog\/wp-content\/uploads\/2021\/08\/Naklejki-motywacyjne.jpg 1200w\" sizes=\"auto, (max-width: 1024px) 100vw, 1024px\" \/><\/a><figcaption><a href=\"https:\/\/fotobum.pl\/kategoria\/387-naklejki-motywacyjne\" target=\"_blank\" rel=\"noreferrer noopener\">Naklejki motywacyjne dla dzieci<\/a><\/figcaption><\/figure>\n\n\n\n<h3 class=\"wp-block-heading\"><a href=\"https:\/\/fotobum.pl\/kategoria\/389-naklejki-super-przedszkolak-\">Naklejki motywacyjne dla przedszkolak\u00f3w.<\/a> <strong><strong>Zalety stosowania naklejek w\u015br\u00f3d m\u0142odszych uczni\u00f3w<\/strong><\/strong>.<\/h3>\n\n\n\n<p>Ka\u017cdy rodzic maj\u0105cy dziecko w wieku wczesnoszkolnym z pewno\u015bci\u0105 doskonale zna <a href=\"https:\/\/fotobum.pl\/kategoria\/389-naklejki-super-przedszkolak-\">naklejki motywacyjne dla przedszkolak\u00f3w<\/a>. Szeroko u\u015bmiechni\u0119te i dumne dziecko chwal\u0105ce si\u0119 otrzymaniem naklejek w postaci nagr\u00f3d z pewno\u015bci\u0105 bardzo ucieszy rodzic\u00f3w. Naklejki motywacyjne wywo\u0142uj\u0105 u dzieci mas\u0119 pozytywnych emocji, a ze wzgl\u0119du na sw\u00f3j obrazowy spos\u00f3b ich przekaz trafia do dzieci zdecydowanie lepiej.<\/p>\n\n\n\n<figure class=\"wp-block-image size-large is-style-default\"><a href=\"https:\/\/fotobum.pl\/kategoria\/390-naklejki-super-uczen\" target=\"_blank\" rel=\"noopener\"><img loading=\"lazy\" decoding=\"async\" width=\"1024\" height=\"536\" src=\"https:\/\/fotobum.pl\/blog\/wp-content\/uploads\/2021\/08\/Naklejki-dla-ucznia-1024x536.jpg\" alt=\"Naklejki motywacyjne dla ucznia personalizowane\" class=\"wp-image-610\" srcset=\"https:\/\/fotobum.pl\/blog\/wp-content\/uploads\/2021\/08\/Naklejki-dla-ucznia-1024x536.jpg 1024w, https:\/\/fotobum.pl\/blog\/wp-content\/uploads\/2021\/08\/Naklejki-dla-ucznia-300x157.jpg 300w, https:\/\/fotobum.pl\/blog\/wp-content\/uploads\/2021\/08\/Naklejki-dla-ucznia-768x402.jpg 768w, https:\/\/fotobum.pl\/blog\/wp-content\/uploads\/2021\/08\/Naklejki-dla-ucznia-750x393.jpg 750w, https:\/\/fotobum.pl\/blog\/wp-content\/uploads\/2021\/08\/Naklejki-dla-ucznia.jpg 1200w\" sizes=\"auto, (max-width: 1024px) 100vw, 1024px\" \/><\/a><figcaption><a href=\"https:\/\/fotobum.pl\/kategoria\/390-naklejki-super-uczen\" target=\"_blank\" rel=\"noreferrer noopener\">Naklejki motywacyjne dla ucznia<\/a><\/figcaption><\/figure>\n\n\n\n<h3 class=\"wp-block-heading\"><strong><strong>Pomoc w integracji podczas poznawania pierwszych przyjaci\u00f3\u0142<\/strong><\/strong> za pomoc\u0105 <a href=\"https:\/\/fotobum.pl\/kategoria\/386-naklejki-imienne\">naklejek z imieniem<\/a>.<\/h3>\n\n\n\n<p>P\u00f3j\u015bcie do przedszkola jest ogromnym prze\u017cyciem zar\u00f3wno dla rodzic\u00f3w, jak i dla dzieci. Nasze pociechy nagle znajduj\u0105 si\u0119 w zupe\u0142nie nowym otoczeniu w\u015br\u00f3d dzieci, kt\u00f3rych nie widzieli nigdy wcze\u015bniej na oczy. Wiek przedszkolny to masa emocji towarzysz\u0105ca r\u00f3\u017cnym sytuacjom. Najciekawszym z nich wszystkich bez w\u0105tpienia jest poznawanie nowych koleg\u00f3w i kole\u017canek. <a href=\"https:\/\/fotobum.pl\/kategoria\/389-naklejki-super-przedszkolak-\">Naklejki dla przedszkolak\u00f3w<\/a> zawieraj\u0105ce w sobie imi\u0119 naszego syna lub c\u00f3rki mog\u0105 okaza\u0107 si\u0119 <strong>nie tylko pomocne w oznaczeniu przedmiot\u00f3w, ale te\u017c podczas zawierania nowych przyja\u017ani<\/strong>. W przedszkolu znajduje si\u0119 wiele nowych dzieci, zapami\u0119tanie ich imion to nie lada wyzwanie szczeg\u00f3lnie dla kilkuletnich dzieci. <strong><a href=\"https:\/\/fotobum.pl\/kategoria\/386-naklejki-imienne\">Naklejki z imieniem i nazwiskiem<\/a><\/strong> mog\u0105 zatem okaza\u0107 si\u0119 rozwi\u0105zaniem wszystkich problem\u00f3w. Ilustracje na nich zawarte z pewno\u015bci\u0105 spowoduj\u0105, \u017ce reszta dzieci znajduj\u0105cych si\u0119 w grupie zainteresuje si\u0119 tym, co Twoje dziecko ma naklejone na ubranku, zeszycie czy pojemniku na drugie \u015bniadanie, a to u\u0142atwi zawarcie nowych znajomo\u015bci i odnalezienie si\u0119 w nowym otoczeniu.<\/p>\n\n\n\n<figure class=\"wp-block-image size-large\"><a href=\"https:\/\/fotobum.pl\/kategoria\/389-naklejki-super-przedszkolak-\" target=\"_blank\" rel=\"noopener noreferrer\"><img loading=\"lazy\" decoding=\"async\" width=\"1024\" height=\"536\" src=\"https:\/\/fotobum.pl\/blog\/wp-content\/uploads\/2021\/08\/Naklejki-dla-przedszkolaka-1024x536.jpg\" alt=\"Personalizowane naklejki motywacyjne dla przedszkolaka\" class=\"wp-image-609\" srcset=\"https:\/\/fotobum.pl\/blog\/wp-content\/uploads\/2021\/08\/Naklejki-dla-przedszkolaka-1024x536.jpg 1024w, https:\/\/fotobum.pl\/blog\/wp-content\/uploads\/2021\/08\/Naklejki-dla-przedszkolaka-300x157.jpg 300w, https:\/\/fotobum.pl\/blog\/wp-content\/uploads\/2021\/08\/Naklejki-dla-przedszkolaka-768x402.jpg 768w, https:\/\/fotobum.pl\/blog\/wp-content\/uploads\/2021\/08\/Naklejki-dla-przedszkolaka-750x393.jpg 750w, https:\/\/fotobum.pl\/blog\/wp-content\/uploads\/2021\/08\/Naklejki-dla-przedszkolaka.jpg 1200w\" sizes=\"auto, (max-width: 1024px) 100vw, 1024px\" \/><\/a><figcaption><a href=\"https:\/\/fotobum.pl\/kategoria\/389-naklejki-super-przedszkolak-\" target=\"_blank\" rel=\"noreferrer noopener\">Naklejki motywacyjne dla przedszkolak\u00f3w<\/a><\/figcaption><\/figure>\n\n\n\n<h3 class=\"wp-block-heading\"><strong><strong>Obowi\u0105zkowy element w teczce nauczyciela. Motywacja dla nieco starszych dzieci<\/strong><\/strong>.<\/h3>\n\n\n\n<p>Razem z up\u0142ywem sko\u0144czonych lat poziom nauczania wzrasta. Dla wielu dzieci mo\u017ce wywo\u0142a\u0107 to zbyt du\u017c\u0105 presj\u0119 i stres. U\u0142amki dziesi\u0119tne, rozprawki czy zapami\u0119tywanie dok\u0142adnych dat wydarze\u0144 historycznych mo\u017ce sta\u0107 si\u0119 przyt\u0142aczaj\u0105ce, dlatego dobrze jest zatroszczy\u0107 si\u0119 o komfort psychiczny uczni\u00f3w. Dzi\u0119ki naklejkom szkolnym ucze\u0144 po otrzymaniu kolorowej naklejki w zeszycie, <strong>poczuje si\u0119 doceniony i zmotywowany do dalszej nauki<\/strong>.<\/p>\n\n\n\n<figure class=\"wp-block-image size-large is-resized\"><a href=\"https:\/\/fotobum.pl\/kategoria\/390-naklejki-super-uczen\" target=\"_blank\" rel=\"noopener noreferrer\"><img loading=\"lazy\" decoding=\"async\" src=\"https:\/\/fotobum.pl\/blog\/wp-content\/uploads\/2021\/08\/Naklejki-motywacyjne-dla-ucznia-1024x536.jpg\" alt=\"Naklejki motywacyjne dla ucznia\" class=\"wp-image-612\" width=\"1024\" height=\"536\" srcset=\"https:\/\/fotobum.pl\/blog\/wp-content\/uploads\/2021\/08\/Naklejki-motywacyjne-dla-ucznia-1024x536.jpg 1024w, https:\/\/fotobum.pl\/blog\/wp-content\/uploads\/2021\/08\/Naklejki-motywacyjne-dla-ucznia-300x157.jpg 300w, https:\/\/fotobum.pl\/blog\/wp-content\/uploads\/2021\/08\/Naklejki-motywacyjne-dla-ucznia-768x402.jpg 768w, https:\/\/fotobum.pl\/blog\/wp-content\/uploads\/2021\/08\/Naklejki-motywacyjne-dla-ucznia-750x393.jpg 750w, https:\/\/fotobum.pl\/blog\/wp-content\/uploads\/2021\/08\/Naklejki-motywacyjne-dla-ucznia.jpg 1200w\" sizes=\"auto, (max-width: 1024px) 100vw, 1024px\" \/><\/a><figcaption><a href=\"https:\/\/fotobum.pl\/kategoria\/390-naklejki-super-uczen\" target=\"_blank\" rel=\"noreferrer noopener\">Naklejki szkolne<\/a><\/figcaption><\/figure>\n\n\n\n<h3 class=\"wp-block-heading\"><a href=\"https:\/\/fotobum.pl\/kategoria\/388-naklejki-dzielny-pacjent\">Naklejki dla dzielnego pacjenta<\/a>. <strong>Wizyta u lekarza, lub szkolnej piel\u0119gniarki od teraz nie b\u0119dzie straszna<\/strong>.<\/h3>\n\n\n\n<p>Nikt do ko\u0144ca nie wie, w czym dok\u0142adnie tkwi magia naklejek, ale jedno jest pewne &#8211; dzieci je uwielbiaj\u0105. <a href=\"https:\/\/fotobum.pl\/kategoria\/388-naklejki-dzielny-pacjent\">Naklejki dzielny pacjent<\/a> s\u0105 specjalnie zaprojektowane z my\u015bl\u0105 o pracy lekarzy i higienistek. Stanowi\u0105 \u015bwietn\u0105 nagrod\u0119 dla najm\u0142odszego pacjenta, kt\u00f3ry dzielnie odwiedzi\u0142 gabinet lekarski i pozostawiaj\u0105 mi\u0142e wspomnienia w g\u0142owie tu\u017c po niej. Kolorowe ilustracje nie tylko przyci\u0105gaj\u0105 uwag\u0119 dzieci, ale r\u00f3wnie\u017c doros\u0142ych &#8211; po otrzymaniu takiego wyr\u00f3\u017cnienia dla swojego dziecka sam rodzic zapami\u0119ta lekarza bardzo pozytywnie. <strong>Naklejka z napisem \u201edzielny pacjent\u201d <\/strong>b\u0119dzie dobr\u0105 nagrod\u0105 i zach\u0119ci ma\u0142ego cz\u0142owieka do kolejnych wizyt bez obaw o to, \u017ce stanie si\u0119 co\u015b z\u0142ego.<\/p>\n\n\n\n<figure class=\"wp-block-image size-large\"><a href=\"https:\/\/fotobum.pl\/kategoria\/388-naklejki-dzielny-pacjent\" target=\"_blank\" rel=\"noopener\"><img loading=\"lazy\" decoding=\"async\" width=\"1024\" height=\"536\" src=\"https:\/\/fotobum.pl\/blog\/wp-content\/uploads\/2021\/08\/Naklejki-dzielny-pacjent-1024x536.jpg\" alt=\"Naklejki dzielny pacjent personalizowane\" class=\"wp-image-611\" srcset=\"https:\/\/fotobum.pl\/blog\/wp-content\/uploads\/2021\/08\/Naklejki-dzielny-pacjent-1024x536.jpg 1024w, https:\/\/fotobum.pl\/blog\/wp-content\/uploads\/2021\/08\/Naklejki-dzielny-pacjent-300x157.jpg 300w, https:\/\/fotobum.pl\/blog\/wp-content\/uploads\/2021\/08\/Naklejki-dzielny-pacjent-768x402.jpg 768w, https:\/\/fotobum.pl\/blog\/wp-content\/uploads\/2021\/08\/Naklejki-dzielny-pacjent-750x393.jpg 750w, https:\/\/fotobum.pl\/blog\/wp-content\/uploads\/2021\/08\/Naklejki-dzielny-pacjent.jpg 1200w\" sizes=\"auto, (max-width: 1024px) 100vw, 1024px\" \/><\/a><figcaption><a href=\"https:\/\/fotobum.pl\/kategoria\/388-naklejki-dzielny-pacjent\" target=\"_blank\" rel=\"noreferrer noopener\">Naklejki dzielny pacjent<\/a><\/figcaption><\/figure>\n\n\n\n<h3 class=\"wp-block-heading\">Naklejki z ocenami. Kreatywne ocenianie uczni\u00f3w.<\/h3>\n\n\n\n<p>Jeste\u015b nauczycielem, kt\u00f3ry lubi robi\u0107 mi\u0142e niespodzianki uczniom? Je\u015bli tak &#8211; koniecznie zapoznaj si\u0119 z tym produktem. <a href=\"https:\/\/fotobum.pl\/kategoria\/401-naklejki-oceny\">Naklejki oceny<\/a> to ciekawy spos\u00f3b na nagradzanie uczni\u00f3w, kt\u00f3rzy za spraw\u0105 \u015bmiesznych kolorowych grafik dodaj\u0105 ocenom ogromnego uroku. Naklejki mo\u017cesz dowolnie spersonalizowa\u0107 imieniem dziecka, w \u00f3w czas mog\u0105 si\u0119 one przyda\u0107 w systemie <strong>domowego nagradzania dziecka<\/strong>. Sprawdz\u0105 si\u0119 idealnie w rodzinach z wi\u0119ksz\u0105 gromadk\u0105 dzieci.<\/p>\n\n\n\n<figure class=\"wp-block-image size-large\"><a href=\"https:\/\/fotobum.pl\/kategoria\/401-naklejki-oceny\" target=\"_blank\" rel=\"noopener noreferrer\"><img loading=\"lazy\" decoding=\"async\" width=\"1024\" height=\"536\" src=\"https:\/\/fotobum.pl\/blog\/wp-content\/uploads\/2021\/08\/Naklejki-oceny-personalizowane-1024x536.jpg\" alt=\"Naklejki oceny personalizowane\" class=\"wp-image-615\" srcset=\"https:\/\/fotobum.pl\/blog\/wp-content\/uploads\/2021\/08\/Naklejki-oceny-personalizowane-1024x536.jpg 1024w, https:\/\/fotobum.pl\/blog\/wp-content\/uploads\/2021\/08\/Naklejki-oceny-personalizowane-300x157.jpg 300w, https:\/\/fotobum.pl\/blog\/wp-content\/uploads\/2021\/08\/Naklejki-oceny-personalizowane-768x402.jpg 768w, https:\/\/fotobum.pl\/blog\/wp-content\/uploads\/2021\/08\/Naklejki-oceny-personalizowane-750x393.jpg 750w, https:\/\/fotobum.pl\/blog\/wp-content\/uploads\/2021\/08\/Naklejki-oceny-personalizowane.jpg 1200w\" sizes=\"auto, (max-width: 1024px) 100vw, 1024px\" \/><\/a><figcaption><a href=\"https:\/\/fotobum.pl\/kategoria\/401-naklejki-oceny\" target=\"_blank\" rel=\"noreferrer noopener\">Naklejki oceny<\/a><\/figcaption><\/figure>\n\n\n\n<p><\/p>\n","protected":false},"excerpt":{"rendered":"<p>Naklejki imienne. Jak i po co u\u017cywa\u0107 imiennik\u00f3w? Chcesz estetycznie podpisa\u0107 ka\u017cdy przedmiot dziecka, kt\u00f3ry trafi do tornistra lub szkolnej szafki? To zrozumia\u0142e, w ko\u0144cu uczniowie mog\u0105 mie\u0107 bardzo podobne rzeczy, co mo\u017ce doprowadzi\u0107 do niema\u0142ego zamieszania. Naklejki imienne sprawdz\u0105 si\u0119 idealnie do podpisywania ksi\u0105\u017cek, zeszyt\u00f3w czy kleju i farbek. Zast\u0105p podpisy zwyk\u0142ym d\u0142ugopisem nowym rozwi\u0105zaniem z trwa\u0142ym nadrukiem. Naklejki imienne to produkt, kt\u00f3ry mo\u017ce przyczyni\u0107 si\u0119 do braku problem\u00f3w [&hellip;]<\/p>\n","protected":false},"author":1,"featured_media":629,"comment_status":"open","ping_status":"open","sticky":false,"template":"","format":"image","meta":{"footnotes":""},"categories":[1],"tags":[37,35,40,56,41,36,45,49,47,34,42,53,55,39,33,46,50,52,51,38,48],"class_list":["post-607","post","type-post","status-publish","format-image","has-post-thumbnail","hentry","category-bez-kategorii","tag-37","tag-dzien","tag-foto","tag-inspiracje","tag-kubki","tag-mamy","tag-mysz","tag-na","tag-notatnik","tag-personalizowane","tag-podkladki","tag-pomysl","tag-prezent","tag-prezentowe","tag-prezenty","tag-przepisnik","tag-przepisy","tag-zdjeciami","tag-ze","tag-zestawy","tag-zeszyt","post_format-post-format-image"],"yoast_head":"<!-- This site is optimized with the Yoast SEO plugin v27.5 - https:\/\/yoast.com\/product\/yoast-seo-wordpress\/ -->\n<title>Naklejki szkolne. Najlepszy pomys\u0142 na oznaczenie lub podpisanie rzeczy dziecka. - Fotobum.pl\/blog<\/title>\n<meta name=\"robots\" content=\"index, follow, max-snippet:-1, max-image-preview:large, max-video-preview:-1\" \/>\n<link rel=\"canonical\" href=\"https:\/\/fotobum.pl\/blog\/naklejki-szkolne-na-przybory-z-imieniem-dziecka\/\" \/>\n<meta property=\"og:locale\" content=\"pl_PL\" \/>\n<meta property=\"og:type\" content=\"article\" \/>\n<meta property=\"og:title\" content=\"Naklejki szkolne. Najlepszy pomys\u0142 na oznaczenie lub podpisanie rzeczy dziecka. - Fotobum.pl\/blog\" \/>\n<meta property=\"og:description\" content=\"Naklejki imienne. Jak i po co u\u017cywa\u0107 imiennik\u00f3w? Chcesz estetycznie podpisa\u0107 ka\u017cdy przedmiot dziecka, kt\u00f3ry trafi do tornistra lub szkolnej szafki? To zrozumia\u0142e, w ko\u0144cu uczniowie mog\u0105 mie\u0107 bardzo podobne rzeczy, co mo\u017ce doprowadzi\u0107 do niema\u0142ego zamieszania. Naklejki imienne sprawdz\u0105 si\u0119 idealnie do podpisywania ksi\u0105\u017cek, zeszyt\u00f3w czy kleju i farbek. Zast\u0105p podpisy zwyk\u0142ym d\u0142ugopisem nowym rozwi\u0105zaniem z trwa\u0142ym nadrukiem. Naklejki imienne to produkt, kt\u00f3ry mo\u017ce przyczyni\u0107 si\u0119 do braku problem\u00f3w [&hellip;]\" \/>\n<meta property=\"og:url\" content=\"https:\/\/fotobum.pl\/blog\/naklejki-szkolne-na-przybory-z-imieniem-dziecka\/\" \/>\n<meta property=\"og:site_name\" content=\"Fotobum.pl\/blog\" \/>\n<meta property=\"article:published_time\" content=\"2021-08-11T08:28:55+00:00\" \/>\n<meta property=\"article:modified_time\" content=\"2021-08-13T16:31:08+00:00\" \/>\n<meta property=\"og:image\" content=\"https:\/\/fotobum.pl\/blog\/wp-content\/uploads\/2021\/08\/Naklejki-szkolne-z-imieniem-dziecka-na-przybory.png\" \/>\n\t<meta property=\"og:image:width\" content=\"1200\" \/>\n\t<meta property=\"og:image:height\" content=\"1200\" \/>\n\t<meta property=\"og:image:type\" content=\"image\/png\" \/>\n<meta name=\"author\" content=\"Fotobum\" \/>\n<meta name=\"twitter:card\" content=\"summary_large_image\" \/>\n<meta name=\"twitter:label1\" content=\"Napisane przez\" \/>\n\t<meta name=\"twitter:data1\" content=\"Fotobum\" \/>\n\t<meta name=\"twitter:label2\" content=\"Szacowany czas czytania\" \/>\n\t<meta name=\"twitter:data2\" content=\"6 minut\" \/>\n<script type=\"application\/ld+json\" class=\"yoast-schema-graph\">{\"@context\":\"https:\\\/\\\/schema.org\",\"@graph\":[{\"@type\":\"Article\",\"@id\":\"https:\\\/\\\/fotobum.pl\\\/blog\\\/naklejki-szkolne-na-przybory-z-imieniem-dziecka\\\/#article\",\"isPartOf\":{\"@id\":\"https:\\\/\\\/fotobum.pl\\\/blog\\\/naklejki-szkolne-na-przybory-z-imieniem-dziecka\\\/\"},\"author\":{\"name\":\"Fotobum\",\"@id\":\"https:\\\/\\\/fotobum.pl\\\/blog\\\/#\\\/schema\\\/person\\\/edd15ac5cab48171e1f2a38698c7e536\"},\"headline\":\"Naklejki szkolne. Najlepszy pomys\u0142 na oznaczenie lub podpisanie rzeczy dziecka.\",\"datePublished\":\"2021-08-11T08:28:55+00:00\",\"dateModified\":\"2021-08-13T16:31:08+00:00\",\"mainEntityOfPage\":{\"@id\":\"https:\\\/\\\/fotobum.pl\\\/blog\\\/naklejki-szkolne-na-przybory-z-imieniem-dziecka\\\/\"},\"wordCount\":1010,\"commentCount\":0,\"publisher\":{\"@id\":\"https:\\\/\\\/fotobum.pl\\\/blog\\\/#organization\"},\"image\":{\"@id\":\"https:\\\/\\\/fotobum.pl\\\/blog\\\/naklejki-szkolne-na-przybory-z-imieniem-dziecka\\\/#primaryimage\"},\"thumbnailUrl\":\"https:\\\/\\\/fotobum.pl\\\/blog\\\/wp-content\\\/uploads\\\/2021\\\/08\\\/Naklejki-szkolne-z-imieniem-dziecka-na-przybory.png\",\"keywords\":[\"2021\",\"dzie\u0144\",\"foto\",\"inspiracje\",\"kubki\",\"mamy\",\"mysz\",\"na\",\"notatnik\",\"personalizowane\",\"podk\u0142adki\",\"pomys\u0142\",\"prezent\",\"prezentowe\",\"prezenty\",\"przepi\u015bnik\",\"przepisy\",\"zdj\u0119ciami\",\"ze\",\"zestawy\",\"zeszyt\"],\"inLanguage\":\"pl-PL\",\"potentialAction\":[{\"@type\":\"CommentAction\",\"name\":\"Comment\",\"target\":[\"https:\\\/\\\/fotobum.pl\\\/blog\\\/naklejki-szkolne-na-przybory-z-imieniem-dziecka\\\/#respond\"]}]},{\"@type\":\"WebPage\",\"@id\":\"https:\\\/\\\/fotobum.pl\\\/blog\\\/naklejki-szkolne-na-przybory-z-imieniem-dziecka\\\/\",\"url\":\"https:\\\/\\\/fotobum.pl\\\/blog\\\/naklejki-szkolne-na-przybory-z-imieniem-dziecka\\\/\",\"name\":\"Naklejki szkolne. Najlepszy pomys\u0142 na oznaczenie lub podpisanie rzeczy dziecka. - Fotobum.pl\\\/blog\",\"isPartOf\":{\"@id\":\"https:\\\/\\\/fotobum.pl\\\/blog\\\/#website\"},\"primaryImageOfPage\":{\"@id\":\"https:\\\/\\\/fotobum.pl\\\/blog\\\/naklejki-szkolne-na-przybory-z-imieniem-dziecka\\\/#primaryimage\"},\"image\":{\"@id\":\"https:\\\/\\\/fotobum.pl\\\/blog\\\/naklejki-szkolne-na-przybory-z-imieniem-dziecka\\\/#primaryimage\"},\"thumbnailUrl\":\"https:\\\/\\\/fotobum.pl\\\/blog\\\/wp-content\\\/uploads\\\/2021\\\/08\\\/Naklejki-szkolne-z-imieniem-dziecka-na-przybory.png\",\"datePublished\":\"2021-08-11T08:28:55+00:00\",\"dateModified\":\"2021-08-13T16:31:08+00:00\",\"breadcrumb\":{\"@id\":\"https:\\\/\\\/fotobum.pl\\\/blog\\\/naklejki-szkolne-na-przybory-z-imieniem-dziecka\\\/#breadcrumb\"},\"inLanguage\":\"pl-PL\",\"potentialAction\":[{\"@type\":\"ReadAction\",\"target\":[\"https:\\\/\\\/fotobum.pl\\\/blog\\\/naklejki-szkolne-na-przybory-z-imieniem-dziecka\\\/\"]}]},{\"@type\":\"ImageObject\",\"inLanguage\":\"pl-PL\",\"@id\":\"https:\\\/\\\/fotobum.pl\\\/blog\\\/naklejki-szkolne-na-przybory-z-imieniem-dziecka\\\/#primaryimage\",\"url\":\"https:\\\/\\\/fotobum.pl\\\/blog\\\/wp-content\\\/uploads\\\/2021\\\/08\\\/Naklejki-szkolne-z-imieniem-dziecka-na-przybory.png\",\"contentUrl\":\"https:\\\/\\\/fotobum.pl\\\/blog\\\/wp-content\\\/uploads\\\/2021\\\/08\\\/Naklejki-szkolne-z-imieniem-dziecka-na-przybory.png\",\"width\":1200,\"height\":1200,\"caption\":\"Naklejki szkolne z imieniem dziecka na przybory\"},{\"@type\":\"BreadcrumbList\",\"@id\":\"https:\\\/\\\/fotobum.pl\\\/blog\\\/naklejki-szkolne-na-przybory-z-imieniem-dziecka\\\/#breadcrumb\",\"itemListElement\":[{\"@type\":\"ListItem\",\"position\":1,\"name\":\"Home\",\"item\":\"https:\\\/\\\/fotobum.pl\\\/blog\\\/\"},{\"@type\":\"ListItem\",\"position\":2,\"name\":\"Naklejki szkolne. Najlepszy pomys\u0142 na oznaczenie lub podpisanie rzeczy dziecka.\"}]},{\"@type\":\"WebSite\",\"@id\":\"https:\\\/\\\/fotobum.pl\\\/blog\\\/#website\",\"url\":\"https:\\\/\\\/fotobum.pl\\\/blog\\\/\",\"name\":\"Fotobum.pl\\\/blog\",\"description\":\"Personalizowane produkty\",\"publisher\":{\"@id\":\"https:\\\/\\\/fotobum.pl\\\/blog\\\/#organization\"},\"potentialAction\":[{\"@type\":\"SearchAction\",\"target\":{\"@type\":\"EntryPoint\",\"urlTemplate\":\"https:\\\/\\\/fotobum.pl\\\/blog\\\/?s={search_term_string}\"},\"query-input\":{\"@type\":\"PropertyValueSpecification\",\"valueRequired\":true,\"valueName\":\"search_term_string\"}}],\"inLanguage\":\"pl-PL\"},{\"@type\":\"Organization\",\"@id\":\"https:\\\/\\\/fotobum.pl\\\/blog\\\/#organization\",\"name\":\"Fotobum.pl\\\/blog\",\"url\":\"https:\\\/\\\/fotobum.pl\\\/blog\\\/\",\"logo\":{\"@type\":\"ImageObject\",\"inLanguage\":\"pl-PL\",\"@id\":\"https:\\\/\\\/fotobum.pl\\\/blog\\\/#\\\/schema\\\/logo\\\/image\\\/\",\"url\":\"https:\\\/\\\/fotobum.pl\\\/blog\\\/wp-content\\\/uploads\\\/2019\\\/07\\\/cropped-fotobum_logo.png\",\"contentUrl\":\"https:\\\/\\\/fotobum.pl\\\/blog\\\/wp-content\\\/uploads\\\/2019\\\/07\\\/cropped-fotobum_logo.png\",\"width\":210,\"height\":67,\"caption\":\"Fotobum.pl\\\/blog\"},\"image\":{\"@id\":\"https:\\\/\\\/fotobum.pl\\\/blog\\\/#\\\/schema\\\/logo\\\/image\\\/\"}},{\"@type\":\"Person\",\"@id\":\"https:\\\/\\\/fotobum.pl\\\/blog\\\/#\\\/schema\\\/person\\\/edd15ac5cab48171e1f2a38698c7e536\",\"name\":\"Fotobum\",\"image\":{\"@type\":\"ImageObject\",\"inLanguage\":\"pl-PL\",\"@id\":\"https:\\\/\\\/secure.gravatar.com\\\/avatar\\\/24b02673ce1161ec1d040a52860847d95f3f1246c5c811d20ea28738a8986c7e?s=96&d=mm&r=g\",\"url\":\"https:\\\/\\\/secure.gravatar.com\\\/avatar\\\/24b02673ce1161ec1d040a52860847d95f3f1246c5c811d20ea28738a8986c7e?s=96&d=mm&r=g\",\"contentUrl\":\"https:\\\/\\\/secure.gravatar.com\\\/avatar\\\/24b02673ce1161ec1d040a52860847d95f3f1246c5c811d20ea28738a8986c7e?s=96&d=mm&r=g\",\"caption\":\"Fotobum\"},\"url\":\"https:\\\/\\\/fotobum.pl\\\/blog\\\/author\\\/admin\\\/\"}]}<\/script>\n<!-- \/ Yoast SEO plugin. -->","yoast_head_json":{"title":"Naklejki szkolne. Najlepszy pomys\u0142 na oznaczenie lub podpisanie rzeczy dziecka. - Fotobum.pl\/blog","robots":{"index":"index","follow":"follow","max-snippet":"max-snippet:-1","max-image-preview":"max-image-preview:large","max-video-preview":"max-video-preview:-1"},"canonical":"https:\/\/fotobum.pl\/blog\/naklejki-szkolne-na-przybory-z-imieniem-dziecka\/","og_locale":"pl_PL","og_type":"article","og_title":"Naklejki szkolne. Najlepszy pomys\u0142 na oznaczenie lub podpisanie rzeczy dziecka. - Fotobum.pl\/blog","og_description":"Naklejki imienne. Jak i po co u\u017cywa\u0107 imiennik\u00f3w? Chcesz estetycznie podpisa\u0107 ka\u017cdy przedmiot dziecka, kt\u00f3ry trafi do tornistra lub szkolnej szafki? To zrozumia\u0142e, w ko\u0144cu uczniowie mog\u0105 mie\u0107 bardzo podobne rzeczy, co mo\u017ce doprowadzi\u0107 do niema\u0142ego zamieszania. Naklejki imienne sprawdz\u0105 si\u0119 idealnie do podpisywania ksi\u0105\u017cek, zeszyt\u00f3w czy kleju i farbek. Zast\u0105p podpisy zwyk\u0142ym d\u0142ugopisem nowym rozwi\u0105zaniem z trwa\u0142ym nadrukiem. Naklejki imienne to produkt, kt\u00f3ry mo\u017ce przyczyni\u0107 si\u0119 do braku problem\u00f3w [&hellip;]","og_url":"https:\/\/fotobum.pl\/blog\/naklejki-szkolne-na-przybory-z-imieniem-dziecka\/","og_site_name":"Fotobum.pl\/blog","article_published_time":"2021-08-11T08:28:55+00:00","article_modified_time":"2021-08-13T16:31:08+00:00","og_image":[{"width":1200,"height":1200,"url":"https:\/\/fotobum.pl\/blog\/wp-content\/uploads\/2021\/08\/Naklejki-szkolne-z-imieniem-dziecka-na-przybory.png","type":"image\/png"}],"author":"Fotobum","twitter_card":"summary_large_image","twitter_misc":{"Napisane przez":"Fotobum","Szacowany czas czytania":"6 minut"},"schema":{"@context":"https:\/\/schema.org","@graph":[{"@type":"Article","@id":"https:\/\/fotobum.pl\/blog\/naklejki-szkolne-na-przybory-z-imieniem-dziecka\/#article","isPartOf":{"@id":"https:\/\/fotobum.pl\/blog\/naklejki-szkolne-na-przybory-z-imieniem-dziecka\/"},"author":{"name":"Fotobum","@id":"https:\/\/fotobum.pl\/blog\/#\/schema\/person\/edd15ac5cab48171e1f2a38698c7e536"},"headline":"Naklejki szkolne. Najlepszy pomys\u0142 na oznaczenie lub podpisanie rzeczy dziecka.","datePublished":"2021-08-11T08:28:55+00:00","dateModified":"2021-08-13T16:31:08+00:00","mainEntityOfPage":{"@id":"https:\/\/fotobum.pl\/blog\/naklejki-szkolne-na-przybory-z-imieniem-dziecka\/"},"wordCount":1010,"commentCount":0,"publisher":{"@id":"https:\/\/fotobum.pl\/blog\/#organization"},"image":{"@id":"https:\/\/fotobum.pl\/blog\/naklejki-szkolne-na-przybory-z-imieniem-dziecka\/#primaryimage"},"thumbnailUrl":"https:\/\/fotobum.pl\/blog\/wp-content\/uploads\/2021\/08\/Naklejki-szkolne-z-imieniem-dziecka-na-przybory.png","keywords":["2021","dzie\u0144","foto","inspiracje","kubki","mamy","mysz","na","notatnik","personalizowane","podk\u0142adki","pomys\u0142","prezent","prezentowe","prezenty","przepi\u015bnik","przepisy","zdj\u0119ciami","ze","zestawy","zeszyt"],"inLanguage":"pl-PL","potentialAction":[{"@type":"CommentAction","name":"Comment","target":["https:\/\/fotobum.pl\/blog\/naklejki-szkolne-na-przybory-z-imieniem-dziecka\/#respond"]}]},{"@type":"WebPage","@id":"https:\/\/fotobum.pl\/blog\/naklejki-szkolne-na-przybory-z-imieniem-dziecka\/","url":"https:\/\/fotobum.pl\/blog\/naklejki-szkolne-na-przybory-z-imieniem-dziecka\/","name":"Naklejki szkolne. Najlepszy pomys\u0142 na oznaczenie lub podpisanie rzeczy dziecka. - Fotobum.pl\/blog","isPartOf":{"@id":"https:\/\/fotobum.pl\/blog\/#website"},"primaryImageOfPage":{"@id":"https:\/\/fotobum.pl\/blog\/naklejki-szkolne-na-przybory-z-imieniem-dziecka\/#primaryimage"},"image":{"@id":"https:\/\/fotobum.pl\/blog\/naklejki-szkolne-na-przybory-z-imieniem-dziecka\/#primaryimage"},"thumbnailUrl":"https:\/\/fotobum.pl\/blog\/wp-content\/uploads\/2021\/08\/Naklejki-szkolne-z-imieniem-dziecka-na-przybory.png","datePublished":"2021-08-11T08:28:55+00:00","dateModified":"2021-08-13T16:31:08+00:00","breadcrumb":{"@id":"https:\/\/fotobum.pl\/blog\/naklejki-szkolne-na-przybory-z-imieniem-dziecka\/#breadcrumb"},"inLanguage":"pl-PL","potentialAction":[{"@type":"ReadAction","target":["https:\/\/fotobum.pl\/blog\/naklejki-szkolne-na-przybory-z-imieniem-dziecka\/"]}]},{"@type":"ImageObject","inLanguage":"pl-PL","@id":"https:\/\/fotobum.pl\/blog\/naklejki-szkolne-na-przybory-z-imieniem-dziecka\/#primaryimage","url":"https:\/\/fotobum.pl\/blog\/wp-content\/uploads\/2021\/08\/Naklejki-szkolne-z-imieniem-dziecka-na-przybory.png","contentUrl":"https:\/\/fotobum.pl\/blog\/wp-content\/uploads\/2021\/08\/Naklejki-szkolne-z-imieniem-dziecka-na-przybory.png","width":1200,"height":1200,"caption":"Naklejki szkolne z imieniem dziecka na przybory"},{"@type":"BreadcrumbList","@id":"https:\/\/fotobum.pl\/blog\/naklejki-szkolne-na-przybory-z-imieniem-dziecka\/#breadcrumb","itemListElement":[{"@type":"ListItem","position":1,"name":"Home","item":"https:\/\/fotobum.pl\/blog\/"},{"@type":"ListItem","position":2,"name":"Naklejki szkolne. Najlepszy pomys\u0142 na oznaczenie lub podpisanie rzeczy dziecka."}]},{"@type":"WebSite","@id":"https:\/\/fotobum.pl\/blog\/#website","url":"https:\/\/fotobum.pl\/blog\/","name":"Fotobum.pl\/blog","description":"Personalizowane produkty","publisher":{"@id":"https:\/\/fotobum.pl\/blog\/#organization"},"potentialAction":[{"@type":"SearchAction","target":{"@type":"EntryPoint","urlTemplate":"https:\/\/fotobum.pl\/blog\/?s={search_term_string}"},"query-input":{"@type":"PropertyValueSpecification","valueRequired":true,"valueName":"search_term_string"}}],"inLanguage":"pl-PL"},{"@type":"Organization","@id":"https:\/\/fotobum.pl\/blog\/#organization","name":"Fotobum.pl\/blog","url":"https:\/\/fotobum.pl\/blog\/","logo":{"@type":"ImageObject","inLanguage":"pl-PL","@id":"https:\/\/fotobum.pl\/blog\/#\/schema\/logo\/image\/","url":"https:\/\/fotobum.pl\/blog\/wp-content\/uploads\/2019\/07\/cropped-fotobum_logo.png","contentUrl":"https:\/\/fotobum.pl\/blog\/wp-content\/uploads\/2019\/07\/cropped-fotobum_logo.png","width":210,"height":67,"caption":"Fotobum.pl\/blog"},"image":{"@id":"https:\/\/fotobum.pl\/blog\/#\/schema\/logo\/image\/"}},{"@type":"Person","@id":"https:\/\/fotobum.pl\/blog\/#\/schema\/person\/edd15ac5cab48171e1f2a38698c7e536","name":"Fotobum","image":{"@type":"ImageObject","inLanguage":"pl-PL","@id":"https:\/\/secure.gravatar.com\/avatar\/24b02673ce1161ec1d040a52860847d95f3f1246c5c811d20ea28738a8986c7e?s=96&d=mm&r=g","url":"https:\/\/secure.gravatar.com\/avatar\/24b02673ce1161ec1d040a52860847d95f3f1246c5c811d20ea28738a8986c7e?s=96&d=mm&r=g","contentUrl":"https:\/\/secure.gravatar.com\/avatar\/24b02673ce1161ec1d040a52860847d95f3f1246c5c811d20ea28738a8986c7e?s=96&d=mm&r=g","caption":"Fotobum"},"url":"https:\/\/fotobum.pl\/blog\/author\/admin\/"}]}},"_links":{"self":[{"href":"https:\/\/fotobum.pl\/blog\/wp-json\/wp\/v2\/posts\/607","targetHints":{"allow":["GET"]}}],"collection":[{"href":"https:\/\/fotobum.pl\/blog\/wp-json\/wp\/v2\/posts"}],"about":[{"href":"https:\/\/fotobum.pl\/blog\/wp-json\/wp\/v2\/types\/post"}],"author":[{"embeddable":true,"href":"https:\/\/fotobum.pl\/blog\/wp-json\/wp\/v2\/users\/1"}],"replies":[{"embeddable":true,"href":"https:\/\/fotobum.pl\/blog\/wp-json\/wp\/v2\/comments?post=607"}],"version-history":[{"count":5,"href":"https:\/\/fotobum.pl\/blog\/wp-json\/wp\/v2\/posts\/607\/revisions"}],"predecessor-version":[{"id":626,"href":"https:\/\/fotobum.pl\/blog\/wp-json\/wp\/v2\/posts\/607\/revisions\/626"}],"wp:featuredmedia":[{"embeddable":true,"href":"https:\/\/fotobum.pl\/blog\/wp-json\/wp\/v2\/media\/629"}],"wp:attachment":[{"href":"https:\/\/fotobum.pl\/blog\/wp-json\/wp\/v2\/media?parent=607"}],"wp:term":[{"taxonomy":"category","embeddable":true,"href":"https:\/\/fotobum.pl\/blog\/wp-json\/wp\/v2\/categories?post=607"},{"taxonomy":"post_tag","embeddable":true,"href":"https:\/\/fotobum.pl\/blog\/wp-json\/wp\/v2\/tags?post=607"}],"curies":[{"name":"wp","href":"https:\/\/api.w.org\/{rel}","templated":true}]}}