{"id":1920,"date":"2024-03-20T14:39:00","date_gmt":"2024-03-20T13:39:00","guid":{"rendered":"https:\/\/fotobum.pl\/blog\/?p=1920"},"modified":"2024-05-07T13:52:03","modified_gmt":"2024-05-07T11:52:03","slug":"upamietnij-pierwsze-chwile-dziecka-ramki-ze-zdjeciem-na-szkle-akrylowym-dla-rodzicow","status":"publish","type":"post","link":"https:\/\/fotobum.pl\/blog\/upamietnij-pierwsze-chwile-dziecka-ramki-ze-zdjeciem-na-szkle-akrylowym-dla-rodzicow\/","title":{"rendered":"Upami\u0119tnij pierwsze chwile dziecka: ramki ze zdj\u0119ciem na szkle akrylowym dla rodzic\u00f3w"},"content":{"rendered":"\n\n\n<h2 class=\"wp-block-heading\">Czym jest zdj\u0119cie na szkle akrylowym?<\/h2>\n\n\n\n<p>Zdj\u0119cie na szkle akrylowym to niezwykle efektowny spos\u00f3b ukazania szczeg\u00f3lnych moment\u00f3w \u017cycia. Idealne do upami\u0119tnienia pierwszych chwil dziecka, stanowi doskona\u0142y upominek dla rodzic\u00f3w. Wykorzystuj\u0105c szk\u0142o akrylowe, mo\u017cliwe jest stworzenie wydruku zdj\u0119cia o wyj\u0105tkowej jako\u015bci. W produkcji stosowana jest zaawansowana technologia druku UV, kt\u00f3ra gwarantuje d\u0142ugotrwa\u0142o\u015b\u0107 barw oraz precyzj\u0119 detali. Ta metoda druku wp\u0142ywa r\u00f3wnie\u017c na uzyskanie jednego z najwi\u0119kszych atut\u00f3w zdj\u0119\u0107 drukowanych na szkle akrylowym &#8211; efektu obrazu za szyb\u0105.<\/p>\n\n\n\n<p>Zdj\u0119cie na szkle akrylowym charakteryzuje niesamowity efekt g\u0142\u0119bi i tr\u00f3jwymiarowo\u015bci. Dodatkowo nadruk na przezroczystej powierzchni nadaje fotografii naturalnego po\u0142ysku, co sprawia, \u017ce prezentacja jest jeszcze bardziej wyrazista i intensywna. Pleksi to sprawdzony materia\u0142, kt\u00f3ry \u0142\u0105czy w sobie nie tylko estetyk\u0119, ale te\u017c wytrzyma\u0142o\u015b\u0107. Dlatego wyb\u00f3r <a href=\"https:\/\/fotobum.pl\/kategoria\/254-ramki-ze-zdjeciem-na-szkle-akrylowym\">ramki ze zdj\u0119ciem na szkle akrylowym<\/a> to gwarancja jako\u015bci i trwa\u0142o\u015bci, nawet po wielu latach.<\/p>\n\n\n\n<h2 class=\"wp-block-heading\">Ramka z lustrzanym z\u0142otem &#8211; elegancja i styl<\/h2>\n\n\n\n<p><a href=\"https:\/\/fotobum.pl\/produkt\/4124-zdjecie-na-szkle-akrylowym-metryczka-ze-zdjeciem-lustrzane-zloto-15x21-cm\">Zdj\u0119cie na szkle akrylowym metryczka ze zdj\u0119ciem lustrzane z\u0142oto 15&#215;21 cm<\/a> to opcja dla tych, kt\u00f3rzy pragn\u0105 po\u0142\u0105czy\u0107 elegancj\u0119 i styl w jednym. Zaprojektowana z my\u015bl\u0105 o podkre\u015bleniu wa\u017cnych chwil \u017cycia, jak pierwsze u\u015bmiechy dziecka, jest wykonana z najwy\u017cszej jako\u015bci materia\u0142\u00f3w, dla zapewnienia d\u0142ugotrwa\u0142o\u015bci i zachowania tych specjalnych moment\u00f3w na zawsze.<\/p>\n\n\n\n<p>Lustrzane z\u0142oto dodaje uroku i artystycznego wyko\u0144czenia ka\u017cdemu zdj\u0119ciu, o\u017cywiaj\u0105c je i dodaj\u0105c mu g\u0142\u0119bi. Szczeg\u00f3\u0142owa obr\u00f3bka zdj\u0119cia, po\u0142\u0105czona z precyzyjnie dopracowanymi detalami ramki, przyci\u0105ga wzrok i pot\u0119guje doznania wizualne. Twoje fotografie b\u0119d\u0105 wygl\u0105da\u0142y jak prawdziwe dzie\u0142a sztuki! Tekst na akrylowym materiale prezentuje si\u0119 wyj\u0105tkowo czytelnie i ostro. Dzi\u0119ki precyzyjnemu laserowemu ci\u0119ciu, kraw\u0119dzie produktu s\u0105 idealnie g\u0142adkie, co dodaje mu estetyki oraz elegancji.<\/p>\n\n\n\n<h2 class=\"wp-block-heading\">Metryczka na szkle &#8211; prezent dla rodzic\u00f3w<\/h2>\n\n\n\n<p>Metryczka ze zdj\u0119ciem to niezwykle osobisty prezent dla rodzic\u00f3w, kt\u00f3ry pozwala na utrwalenie najwa\u017cniejszych informacji o nowo narodzonym dziecku. Zamieszczaj\u0105c imi\u0119, dat\u0119 urodzenia, wag\u0119 i wymiary malucha, stworzysz pami\u0105tk\u0119, kt\u00f3ra z czasem stanie si\u0119 bezcenna dla rodziny. G\u0142\u00f3wnym atutem jest mo\u017cliwo\u015b\u0107 personalizacji. Nie tylko umo\u017cliwia ona dodanie osobistych danych dziecka, ale te\u017c w\u0142asnego zdj\u0119cia, czyni\u0105c j\u0105 jeszcze bardziej unikaln\u0105 i niepowtarzaln\u0105. To, co wyr\u00f3\u017cnia metryczk\u0119 ze zdj\u0119ciem na tle innych prezent\u00f3w dla rodzic\u00f3w, to jej trwa\u0142o\u015b\u0107 oraz estetyka. Wykorzystanie do jej produkcji szk\u0142a akrylowego daje gwarancj\u0119 jako\u015bci i odporno\u015bci na uszkodzenia. Mo\u017cesz tak\u017ce doda\u0107 personalizowane wzory, grafiki lub cytaty, kt\u00f3re maj\u0105 dla nich szczeg\u00f3lne znaczenie. Jest to prezent, kt\u00f3ry b\u0119dzie cieszy\u0142 si\u0119 wielk\u0105 warto\u015bci\u0105 emocjonaln\u0105 i b\u0119dzie przypomina\u0142 im o wszystkich wa\u017cnych momentach ich \u017cycia rodzinnego.<\/p>\n\n\n\n<div class=\"wp-block-columns is-layout-flex wp-container-core-columns-is-layout-9d6595d7 wp-block-columns-is-layout-flex\">\n<div class=\"wp-block-column is-layout-flow wp-block-column-is-layout-flow\">\n<div class=\"wp-block-image is-style-default\"><figure class=\"aligncenter size-medium\"><img loading=\"lazy\" decoding=\"async\" width=\"300\" height=\"300\" src=\"https:\/\/fotobum.pl\/blog\/wp-content\/uploads\/2024\/04\/podziekowanie-dla-rodzicow-ramka-ze-zdjeciem-na-szkle-akrylowym-a4-1-300x300.png\" alt=\"\" class=\"wp-image-1985\" srcset=\"https:\/\/fotobum.pl\/blog\/wp-content\/uploads\/2024\/04\/podziekowanie-dla-rodzicow-ramka-ze-zdjeciem-na-szkle-akrylowym-a4-1-300x300.png 300w, https:\/\/fotobum.pl\/blog\/wp-content\/uploads\/2024\/04\/podziekowanie-dla-rodzicow-ramka-ze-zdjeciem-na-szkle-akrylowym-a4-1-150x150.png 150w, https:\/\/fotobum.pl\/blog\/wp-content\/uploads\/2024\/04\/podziekowanie-dla-rodzicow-ramka-ze-zdjeciem-na-szkle-akrylowym-a4-1.png 680w\" sizes=\"auto, (max-width: 300px) 100vw, 300px\" \/><figcaption><strong><a href=\"https:\/\/fotobum.pl\/produkt\/3848-ramka-podziekowanie-na-szkle-akrylowym-ze-zdjeciem-i-tekstem-15x21?okazja=na-slub\">Ramka podzi\u0119kowanie na szkle akrylowym ze zdj\u0119ciem i tekstem 15&#215;21 cm na \u015blub<\/a><\/strong><\/figcaption><\/figure><\/div>\n<\/div>\n\n\n\n<div class=\"wp-block-column is-layout-flow wp-block-column-is-layout-flow\">\n<div class=\"wp-block-image is-style-default\"><figure class=\"aligncenter size-medium\"><img loading=\"lazy\" decoding=\"async\" width=\"300\" height=\"300\" src=\"https:\/\/fotobum.pl\/blog\/wp-content\/uploads\/2024\/03\/zdjecie-na-szkle-akrylowym-metryczka-ze-zdjeciem-lustrzane-zloto-300x300.png\" alt=\"\" class=\"wp-image-2022\" srcset=\"https:\/\/fotobum.pl\/blog\/wp-content\/uploads\/2024\/03\/zdjecie-na-szkle-akrylowym-metryczka-ze-zdjeciem-lustrzane-zloto-300x300.png 300w, https:\/\/fotobum.pl\/blog\/wp-content\/uploads\/2024\/03\/zdjecie-na-szkle-akrylowym-metryczka-ze-zdjeciem-lustrzane-zloto-150x150.png 150w, https:\/\/fotobum.pl\/blog\/wp-content\/uploads\/2024\/03\/zdjecie-na-szkle-akrylowym-metryczka-ze-zdjeciem-lustrzane-zloto.png 680w\" sizes=\"auto, (max-width: 300px) 100vw, 300px\" \/><figcaption><strong><a href=\"https:\/\/fotobum.pl\/produkt\/4124-zdjecie-na-szkle-akrylowym-metryczka-ze-zdjeciem-lustrzane-zloto-15x21-cm\">Zdj\u0119cie na szkle akrylowym metryczka ze zdj\u0119ciem lustrzane z\u0142oto 15&#215;21 cm<\/a><\/strong><\/figcaption><\/figure><\/div>\n<\/div>\n\n\n\n<div class=\"wp-block-column is-layout-flow wp-block-column-is-layout-flow\">\n<div class=\"wp-block-image is-style-default\"><figure class=\"aligncenter size-medium\"><img loading=\"lazy\" decoding=\"async\" width=\"300\" height=\"300\" src=\"https:\/\/fotobum.pl\/blog\/wp-content\/uploads\/2024\/03\/druk-zdjecia-na-plexi-a4-metryczka-300x300.png\" alt=\"\" class=\"wp-image-2018\" srcset=\"https:\/\/fotobum.pl\/blog\/wp-content\/uploads\/2024\/03\/druk-zdjecia-na-plexi-a4-metryczka-300x300.png 300w, https:\/\/fotobum.pl\/blog\/wp-content\/uploads\/2024\/03\/druk-zdjecia-na-plexi-a4-metryczka-150x150.png 150w, https:\/\/fotobum.pl\/blog\/wp-content\/uploads\/2024\/03\/druk-zdjecia-na-plexi-a4-metryczka.png 680w\" sizes=\"auto, (max-width: 300px) 100vw, 300px\" \/><figcaption><strong><a href=\"https:\/\/fotobum.pl\/produkt\/1891-druk-zdjecia-na-plexi-a4-metryczka\">Zdj\u0119cie na szkle z podstawk\u0105 metryczka ze zdj\u0119ciem na szkle akrylowym A4<br><\/a><\/strong><\/figcaption><\/figure><\/div>\n<\/div>\n<\/div>\n\n\n\n<h2 class=\"wp-block-heading\">Zdj\u0119cie na szkle A4 &#8211; uniwersalny rozmiar dla ka\u017cdej okazji<\/h2>\n\n\n\n<p><a href=\"https:\/\/fotobum.pl\/produkt\/1891-druk-zdjecia-na-plexi-a4-metryczka\">Zdj\u0119cie na szkle z podstawk\u0105 metryczka ze zdj\u0119ciem na szkle akrylowym A4<\/a> to innowacyjna i stylowa alternatywa dla tradycyjnych ramek na zdj\u0119cia. Wydrukowana na szkle akrylowym, fotografia zyskuje unikalny wygl\u0105d i jest w\u0142a\u015bciwie chroniona przed uszkodzeniami. Co wi\u0119cej, metryczka ze zdj\u0119ciem na szkle akrylowym A4 to oryginalny pomys\u0142 na prezent. To szczeg\u00f3lny upominek, kt\u00f3ry jest nie tylko praktyczny, ale przede wszystkim pe\u0142en emocji. Bior\u0105c pod uwag\u0119 te cechy, zdj\u0119cie na szkle A4 z metryczk\u0105 stanowi idealn\u0105 propozycj\u0119 na upami\u0119tnienie pierwszych chwil \u017cycia dzieci, staj\u0105c si\u0119 jednocze\u015bnie pami\u0105tk\u0105, kt\u00f3ra z pewno\u015bci\u0105 zyska specjalne miejsce w domu.<\/p>\n\n\n\n<h2 class=\"wp-block-heading\">Jak wybra\u0107 najlepsz\u0105 ramk\u0119 akrylow\u0105?<\/h2>\n\n\n\n<p>Wyb\u00f3r odpowiednich ramek ze zdj\u0119ciem na szkle akrylowym to element, kt\u00f3ry decyduje o estetyce wyeksponowanego zdj\u0119cia. W zwi\u0105zku z tym warto przemy\u015ble\u0107 kilka aspekt\u00f3w, kt\u00f3re pomog\u0105 w podj\u0119ciu decyzji:<\/p>\n\n\n\n<ul class=\"wp-block-list\"><li>Wymiary ramki &#8211; nale\u017cy dok\u0142adnie zna\u0107 wymiary wydruku, aby idealnie dopasowa\u0107 ramk\u0119 do zdj\u0119cia. Ramka powinna by\u0107 nieco wi\u0119ksza ni\u017c zdj\u0119cie, aby wyeksponowa\u0107 je w pe\u0142nej krasie i nie zas\u0142ania\u0107 \u017cadnej cz\u0119\u015bci obrazu.<\/li><li>Materia\u0142 &#8211; szklane ramki oferuj\u0105 niezwyk\u0142\u0105 g\u0142\u0119bi\u0119 i tr\u00f3jwymiarowo\u015b\u0107 zdj\u0119\u0107. S\u0105 nie tylko estetyczne, ale r\u00f3wnie\u017c bardzo odporne na uszkodzenia, co zapewnia d\u0142ugotrwa\u0142o\u015b\u0107 fotografii.<\/li><li>Styl i kolor &#8211; warto zastanowi\u0107 si\u0119, jaki styl i kolor ramki najlepiej b\u0119dzie komponowa\u0107 si\u0119 z wn\u0119trzem, w kt\u00f3rym ma by\u0107 wyeksponowana. Szklane ramki cz\u0119sto s\u0105 przezroczyste lub maj\u0105 subteln\u0105 kolorystyk\u0119, co pozwala na \u0142atwe dopasowanie do r\u00f3\u017cnorodnych styl\u00f3w i kolor\u00f3w pomieszcze\u0144.<\/li><li>Funkcje dodatkowe &#8211; niekt\u00f3re ramki mog\u0105 oferowa\u0107 dodatkowe funkcje, takie jak n\u00f3\u017cki stoj\u0105ce lub zawieszki, kt\u00f3re umo\u017cliwiaj\u0105 \u0142atwe postawienie lub powieszenie ramki na \u015bcianie.<\/li><\/ul>\n\n\n\n<p>Pami\u0119taj, \u017ce najwa\u017cniejsze jest to, aby ramka podkre\u015bla\u0142a pi\u0119kno zdj\u0119cia, a nie przyci\u0105ga\u0142a do siebie ca\u0142\u0105 uwag\u0119. Przy wyborze nale\u017cy przede wszystkim kierowa\u0107 si\u0119 w\u0142asnym gustem i upodobaniami.<\/p>\n","protected":false},"excerpt":{"rendered":"<p>Czym jest zdj\u0119cie na szkle akrylowym? Zdj\u0119cie na szkle akrylowym to niezwykle efektowny spos\u00f3b ukazania szczeg\u00f3lnych moment\u00f3w \u017cycia. Idealne do upami\u0119tnienia pierwszych chwil dziecka, stanowi doskona\u0142y upominek dla rodzic\u00f3w. Wykorzystuj\u0105c szk\u0142o akrylowe, mo\u017cliwe jest stworzenie wydruku zdj\u0119cia o wyj\u0105tkowej jako\u015bci. W produkcji stosowana jest zaawansowana technologia druku UV, kt\u00f3ra gwarantuje d\u0142ugotrwa\u0142o\u015b\u0107 barw oraz precyzj\u0119 detali. Ta metoda druku wp\u0142ywa r\u00f3wnie\u017c na uzyskanie jednego z najwi\u0119kszych atut\u00f3w zdj\u0119\u0107 drukowanych na szkle [&hellip;]<\/p>\n","protected":false},"author":1,"featured_media":1942,"comment_status":"open","ping_status":"closed","sticky":false,"template":"","format":"image","meta":{"footnotes":""},"categories":[1],"tags":[],"class_list":["post-1920","post","type-post","status-publish","format-image","has-post-thumbnail","hentry","category-bez-kategorii","post_format-post-format-image"],"yoast_head":"<!-- This site is optimized with the Yoast SEO plugin v27.5 - https:\/\/yoast.com\/product\/yoast-seo-wordpress\/ -->\n<title>Upami\u0119tnij pierwsze chwile dziecka: ramki ze zdj\u0119ciem na szkle akrylowym dla rodzic\u00f3w - Fotobum.pl\/blog<\/title>\n<meta name=\"description\" content=\"Wyj\u0105tkowe chwile zas\u0142uguj\u0105 na wyj\u0105tkow\u0105 opraw\u0119 - odkryj ramki ze zdj\u0119ciem na szkle akrylowym jako idealny prezent dla rodzic\u00f3w.\" \/>\n<meta name=\"robots\" content=\"index, follow, max-snippet:-1, max-image-preview:large, max-video-preview:-1\" \/>\n<link rel=\"canonical\" href=\"https:\/\/fotobum.pl\/blog\/upamietnij-pierwsze-chwile-dziecka-ramki-ze-zdjeciem-na-szkle-akrylowym-dla-rodzicow\/\" \/>\n<meta property=\"og:locale\" content=\"pl_PL\" \/>\n<meta property=\"og:type\" content=\"article\" \/>\n<meta property=\"og:title\" content=\"Upami\u0119tnij pierwsze chwile dziecka: ramki ze zdj\u0119ciem na szkle akrylowym dla rodzic\u00f3w - Fotobum.pl\/blog\" \/>\n<meta property=\"og:description\" content=\"Wyj\u0105tkowe chwile zas\u0142uguj\u0105 na wyj\u0105tkow\u0105 opraw\u0119 - odkryj ramki ze zdj\u0119ciem na szkle akrylowym jako idealny prezent dla rodzic\u00f3w.\" \/>\n<meta property=\"og:url\" content=\"https:\/\/fotobum.pl\/blog\/upamietnij-pierwsze-chwile-dziecka-ramki-ze-zdjeciem-na-szkle-akrylowym-dla-rodzicow\/\" \/>\n<meta property=\"og:site_name\" content=\"Fotobum.pl\/blog\" \/>\n<meta property=\"article:published_time\" content=\"2024-03-20T13:39:00+00:00\" \/>\n<meta property=\"article:modified_time\" content=\"2024-05-07T11:52:03+00:00\" \/>\n<meta property=\"og:image\" content=\"https:\/\/fotobum.pl\/blog\/wp-content\/uploads\/2024\/04\/upamietnij-pierwsze-chwile-dziecka.jpeg\" \/>\n\t<meta property=\"og:image:width\" content=\"750\" \/>\n\t<meta property=\"og:image:height\" content=\"500\" \/>\n\t<meta property=\"og:image:type\" content=\"image\/jpeg\" \/>\n<meta name=\"author\" content=\"Fotobum\" \/>\n<meta name=\"twitter:card\" content=\"summary_large_image\" \/>\n<meta name=\"twitter:label1\" content=\"Napisane przez\" \/>\n\t<meta name=\"twitter:data1\" content=\"Fotobum\" \/>\n\t<meta name=\"twitter:label2\" content=\"Szacowany czas czytania\" \/>\n\t<meta name=\"twitter:data2\" content=\"4 minuty\" \/>\n<script type=\"application\/ld+json\" class=\"yoast-schema-graph\">{\"@context\":\"https:\\\/\\\/schema.org\",\"@graph\":[{\"@type\":\"Article\",\"@id\":\"https:\\\/\\\/fotobum.pl\\\/blog\\\/upamietnij-pierwsze-chwile-dziecka-ramki-ze-zdjeciem-na-szkle-akrylowym-dla-rodzicow\\\/#article\",\"isPartOf\":{\"@id\":\"https:\\\/\\\/fotobum.pl\\\/blog\\\/upamietnij-pierwsze-chwile-dziecka-ramki-ze-zdjeciem-na-szkle-akrylowym-dla-rodzicow\\\/\"},\"author\":{\"name\":\"Fotobum\",\"@id\":\"https:\\\/\\\/fotobum.pl\\\/blog\\\/#\\\/schema\\\/person\\\/edd15ac5cab48171e1f2a38698c7e536\"},\"headline\":\"Upami\u0119tnij pierwsze chwile dziecka: ramki ze zdj\u0119ciem na szkle akrylowym dla rodzic\u00f3w\",\"datePublished\":\"2024-03-20T13:39:00+00:00\",\"dateModified\":\"2024-05-07T11:52:03+00:00\",\"mainEntityOfPage\":{\"@id\":\"https:\\\/\\\/fotobum.pl\\\/blog\\\/upamietnij-pierwsze-chwile-dziecka-ramki-ze-zdjeciem-na-szkle-akrylowym-dla-rodzicow\\\/\"},\"wordCount\":909,\"commentCount\":0,\"publisher\":{\"@id\":\"https:\\\/\\\/fotobum.pl\\\/blog\\\/#organization\"},\"image\":{\"@id\":\"https:\\\/\\\/fotobum.pl\\\/blog\\\/upamietnij-pierwsze-chwile-dziecka-ramki-ze-zdjeciem-na-szkle-akrylowym-dla-rodzicow\\\/#primaryimage\"},\"thumbnailUrl\":\"https:\\\/\\\/fotobum.pl\\\/blog\\\/wp-content\\\/uploads\\\/2024\\\/04\\\/upamietnij-pierwsze-chwile-dziecka.jpeg\",\"inLanguage\":\"pl-PL\",\"potentialAction\":[{\"@type\":\"CommentAction\",\"name\":\"Comment\",\"target\":[\"https:\\\/\\\/fotobum.pl\\\/blog\\\/upamietnij-pierwsze-chwile-dziecka-ramki-ze-zdjeciem-na-szkle-akrylowym-dla-rodzicow\\\/#respond\"]}]},{\"@type\":\"WebPage\",\"@id\":\"https:\\\/\\\/fotobum.pl\\\/blog\\\/upamietnij-pierwsze-chwile-dziecka-ramki-ze-zdjeciem-na-szkle-akrylowym-dla-rodzicow\\\/\",\"url\":\"https:\\\/\\\/fotobum.pl\\\/blog\\\/upamietnij-pierwsze-chwile-dziecka-ramki-ze-zdjeciem-na-szkle-akrylowym-dla-rodzicow\\\/\",\"name\":\"Upami\u0119tnij pierwsze chwile dziecka: ramki ze zdj\u0119ciem na szkle akrylowym dla rodzic\u00f3w - Fotobum.pl\\\/blog\",\"isPartOf\":{\"@id\":\"https:\\\/\\\/fotobum.pl\\\/blog\\\/#website\"},\"primaryImageOfPage\":{\"@id\":\"https:\\\/\\\/fotobum.pl\\\/blog\\\/upamietnij-pierwsze-chwile-dziecka-ramki-ze-zdjeciem-na-szkle-akrylowym-dla-rodzicow\\\/#primaryimage\"},\"image\":{\"@id\":\"https:\\\/\\\/fotobum.pl\\\/blog\\\/upamietnij-pierwsze-chwile-dziecka-ramki-ze-zdjeciem-na-szkle-akrylowym-dla-rodzicow\\\/#primaryimage\"},\"thumbnailUrl\":\"https:\\\/\\\/fotobum.pl\\\/blog\\\/wp-content\\\/uploads\\\/2024\\\/04\\\/upamietnij-pierwsze-chwile-dziecka.jpeg\",\"datePublished\":\"2024-03-20T13:39:00+00:00\",\"dateModified\":\"2024-05-07T11:52:03+00:00\",\"description\":\"Wyj\u0105tkowe chwile zas\u0142uguj\u0105 na wyj\u0105tkow\u0105 opraw\u0119 - odkryj ramki ze zdj\u0119ciem na szkle akrylowym jako idealny prezent dla rodzic\u00f3w.\",\"breadcrumb\":{\"@id\":\"https:\\\/\\\/fotobum.pl\\\/blog\\\/upamietnij-pierwsze-chwile-dziecka-ramki-ze-zdjeciem-na-szkle-akrylowym-dla-rodzicow\\\/#breadcrumb\"},\"inLanguage\":\"pl-PL\",\"potentialAction\":[{\"@type\":\"ReadAction\",\"target\":[\"https:\\\/\\\/fotobum.pl\\\/blog\\\/upamietnij-pierwsze-chwile-dziecka-ramki-ze-zdjeciem-na-szkle-akrylowym-dla-rodzicow\\\/\"]}]},{\"@type\":\"ImageObject\",\"inLanguage\":\"pl-PL\",\"@id\":\"https:\\\/\\\/fotobum.pl\\\/blog\\\/upamietnij-pierwsze-chwile-dziecka-ramki-ze-zdjeciem-na-szkle-akrylowym-dla-rodzicow\\\/#primaryimage\",\"url\":\"https:\\\/\\\/fotobum.pl\\\/blog\\\/wp-content\\\/uploads\\\/2024\\\/04\\\/upamietnij-pierwsze-chwile-dziecka.jpeg\",\"contentUrl\":\"https:\\\/\\\/fotobum.pl\\\/blog\\\/wp-content\\\/uploads\\\/2024\\\/04\\\/upamietnij-pierwsze-chwile-dziecka.jpeg\",\"width\":750,\"height\":500,\"caption\":\"Upami\u0119tnij pierwsze chwile dziecka: ramki ze zdj\u0119ciem na szkle akrylowym dla rodzic\u00f3w\"},{\"@type\":\"BreadcrumbList\",\"@id\":\"https:\\\/\\\/fotobum.pl\\\/blog\\\/upamietnij-pierwsze-chwile-dziecka-ramki-ze-zdjeciem-na-szkle-akrylowym-dla-rodzicow\\\/#breadcrumb\",\"itemListElement\":[{\"@type\":\"ListItem\",\"position\":1,\"name\":\"Home\",\"item\":\"https:\\\/\\\/fotobum.pl\\\/blog\\\/\"},{\"@type\":\"ListItem\",\"position\":2,\"name\":\"Upami\u0119tnij pierwsze chwile dziecka: ramki ze zdj\u0119ciem na szkle akrylowym dla rodzic\u00f3w\"}]},{\"@type\":\"WebSite\",\"@id\":\"https:\\\/\\\/fotobum.pl\\\/blog\\\/#website\",\"url\":\"https:\\\/\\\/fotobum.pl\\\/blog\\\/\",\"name\":\"Fotobum.pl\\\/blog\",\"description\":\"Personalizowane produkty\",\"publisher\":{\"@id\":\"https:\\\/\\\/fotobum.pl\\\/blog\\\/#organization\"},\"potentialAction\":[{\"@type\":\"SearchAction\",\"target\":{\"@type\":\"EntryPoint\",\"urlTemplate\":\"https:\\\/\\\/fotobum.pl\\\/blog\\\/?s={search_term_string}\"},\"query-input\":{\"@type\":\"PropertyValueSpecification\",\"valueRequired\":true,\"valueName\":\"search_term_string\"}}],\"inLanguage\":\"pl-PL\"},{\"@type\":\"Organization\",\"@id\":\"https:\\\/\\\/fotobum.pl\\\/blog\\\/#organization\",\"name\":\"Fotobum.pl\\\/blog\",\"url\":\"https:\\\/\\\/fotobum.pl\\\/blog\\\/\",\"logo\":{\"@type\":\"ImageObject\",\"inLanguage\":\"pl-PL\",\"@id\":\"https:\\\/\\\/fotobum.pl\\\/blog\\\/#\\\/schema\\\/logo\\\/image\\\/\",\"url\":\"https:\\\/\\\/fotobum.pl\\\/blog\\\/wp-content\\\/uploads\\\/2019\\\/07\\\/cropped-fotobum_logo.png\",\"contentUrl\":\"https:\\\/\\\/fotobum.pl\\\/blog\\\/wp-content\\\/uploads\\\/2019\\\/07\\\/cropped-fotobum_logo.png\",\"width\":210,\"height\":67,\"caption\":\"Fotobum.pl\\\/blog\"},\"image\":{\"@id\":\"https:\\\/\\\/fotobum.pl\\\/blog\\\/#\\\/schema\\\/logo\\\/image\\\/\"}},{\"@type\":\"Person\",\"@id\":\"https:\\\/\\\/fotobum.pl\\\/blog\\\/#\\\/schema\\\/person\\\/edd15ac5cab48171e1f2a38698c7e536\",\"name\":\"Fotobum\",\"image\":{\"@type\":\"ImageObject\",\"inLanguage\":\"pl-PL\",\"@id\":\"https:\\\/\\\/secure.gravatar.com\\\/avatar\\\/24b02673ce1161ec1d040a52860847d95f3f1246c5c811d20ea28738a8986c7e?s=96&d=mm&r=g\",\"url\":\"https:\\\/\\\/secure.gravatar.com\\\/avatar\\\/24b02673ce1161ec1d040a52860847d95f3f1246c5c811d20ea28738a8986c7e?s=96&d=mm&r=g\",\"contentUrl\":\"https:\\\/\\\/secure.gravatar.com\\\/avatar\\\/24b02673ce1161ec1d040a52860847d95f3f1246c5c811d20ea28738a8986c7e?s=96&d=mm&r=g\",\"caption\":\"Fotobum\"},\"url\":\"https:\\\/\\\/fotobum.pl\\\/blog\\\/author\\\/admin\\\/\"}]}<\/script>\n<!-- \/ Yoast SEO plugin. -->","yoast_head_json":{"title":"Upami\u0119tnij pierwsze chwile dziecka: ramki ze zdj\u0119ciem na szkle akrylowym dla rodzic\u00f3w - Fotobum.pl\/blog","description":"Wyj\u0105tkowe chwile zas\u0142uguj\u0105 na wyj\u0105tkow\u0105 opraw\u0119 - odkryj ramki ze zdj\u0119ciem na szkle akrylowym jako idealny prezent dla rodzic\u00f3w.","robots":{"index":"index","follow":"follow","max-snippet":"max-snippet:-1","max-image-preview":"max-image-preview:large","max-video-preview":"max-video-preview:-1"},"canonical":"https:\/\/fotobum.pl\/blog\/upamietnij-pierwsze-chwile-dziecka-ramki-ze-zdjeciem-na-szkle-akrylowym-dla-rodzicow\/","og_locale":"pl_PL","og_type":"article","og_title":"Upami\u0119tnij pierwsze chwile dziecka: ramki ze zdj\u0119ciem na szkle akrylowym dla rodzic\u00f3w - Fotobum.pl\/blog","og_description":"Wyj\u0105tkowe chwile zas\u0142uguj\u0105 na wyj\u0105tkow\u0105 opraw\u0119 - odkryj ramki ze zdj\u0119ciem na szkle akrylowym jako idealny prezent dla rodzic\u00f3w.","og_url":"https:\/\/fotobum.pl\/blog\/upamietnij-pierwsze-chwile-dziecka-ramki-ze-zdjeciem-na-szkle-akrylowym-dla-rodzicow\/","og_site_name":"Fotobum.pl\/blog","article_published_time":"2024-03-20T13:39:00+00:00","article_modified_time":"2024-05-07T11:52:03+00:00","og_image":[{"width":750,"height":500,"url":"https:\/\/fotobum.pl\/blog\/wp-content\/uploads\/2024\/04\/upamietnij-pierwsze-chwile-dziecka.jpeg","type":"image\/jpeg"}],"author":"Fotobum","twitter_card":"summary_large_image","twitter_misc":{"Napisane przez":"Fotobum","Szacowany czas czytania":"4 minuty"},"schema":{"@context":"https:\/\/schema.org","@graph":[{"@type":"Article","@id":"https:\/\/fotobum.pl\/blog\/upamietnij-pierwsze-chwile-dziecka-ramki-ze-zdjeciem-na-szkle-akrylowym-dla-rodzicow\/#article","isPartOf":{"@id":"https:\/\/fotobum.pl\/blog\/upamietnij-pierwsze-chwile-dziecka-ramki-ze-zdjeciem-na-szkle-akrylowym-dla-rodzicow\/"},"author":{"name":"Fotobum","@id":"https:\/\/fotobum.pl\/blog\/#\/schema\/person\/edd15ac5cab48171e1f2a38698c7e536"},"headline":"Upami\u0119tnij pierwsze chwile dziecka: ramki ze zdj\u0119ciem na szkle akrylowym dla rodzic\u00f3w","datePublished":"2024-03-20T13:39:00+00:00","dateModified":"2024-05-07T11:52:03+00:00","mainEntityOfPage":{"@id":"https:\/\/fotobum.pl\/blog\/upamietnij-pierwsze-chwile-dziecka-ramki-ze-zdjeciem-na-szkle-akrylowym-dla-rodzicow\/"},"wordCount":909,"commentCount":0,"publisher":{"@id":"https:\/\/fotobum.pl\/blog\/#organization"},"image":{"@id":"https:\/\/fotobum.pl\/blog\/upamietnij-pierwsze-chwile-dziecka-ramki-ze-zdjeciem-na-szkle-akrylowym-dla-rodzicow\/#primaryimage"},"thumbnailUrl":"https:\/\/fotobum.pl\/blog\/wp-content\/uploads\/2024\/04\/upamietnij-pierwsze-chwile-dziecka.jpeg","inLanguage":"pl-PL","potentialAction":[{"@type":"CommentAction","name":"Comment","target":["https:\/\/fotobum.pl\/blog\/upamietnij-pierwsze-chwile-dziecka-ramki-ze-zdjeciem-na-szkle-akrylowym-dla-rodzicow\/#respond"]}]},{"@type":"WebPage","@id":"https:\/\/fotobum.pl\/blog\/upamietnij-pierwsze-chwile-dziecka-ramki-ze-zdjeciem-na-szkle-akrylowym-dla-rodzicow\/","url":"https:\/\/fotobum.pl\/blog\/upamietnij-pierwsze-chwile-dziecka-ramki-ze-zdjeciem-na-szkle-akrylowym-dla-rodzicow\/","name":"Upami\u0119tnij pierwsze chwile dziecka: ramki ze zdj\u0119ciem na szkle akrylowym dla rodzic\u00f3w - Fotobum.pl\/blog","isPartOf":{"@id":"https:\/\/fotobum.pl\/blog\/#website"},"primaryImageOfPage":{"@id":"https:\/\/fotobum.pl\/blog\/upamietnij-pierwsze-chwile-dziecka-ramki-ze-zdjeciem-na-szkle-akrylowym-dla-rodzicow\/#primaryimage"},"image":{"@id":"https:\/\/fotobum.pl\/blog\/upamietnij-pierwsze-chwile-dziecka-ramki-ze-zdjeciem-na-szkle-akrylowym-dla-rodzicow\/#primaryimage"},"thumbnailUrl":"https:\/\/fotobum.pl\/blog\/wp-content\/uploads\/2024\/04\/upamietnij-pierwsze-chwile-dziecka.jpeg","datePublished":"2024-03-20T13:39:00+00:00","dateModified":"2024-05-07T11:52:03+00:00","description":"Wyj\u0105tkowe chwile zas\u0142uguj\u0105 na wyj\u0105tkow\u0105 opraw\u0119 - odkryj ramki ze zdj\u0119ciem na szkle akrylowym jako idealny prezent dla rodzic\u00f3w.","breadcrumb":{"@id":"https:\/\/fotobum.pl\/blog\/upamietnij-pierwsze-chwile-dziecka-ramki-ze-zdjeciem-na-szkle-akrylowym-dla-rodzicow\/#breadcrumb"},"inLanguage":"pl-PL","potentialAction":[{"@type":"ReadAction","target":["https:\/\/fotobum.pl\/blog\/upamietnij-pierwsze-chwile-dziecka-ramki-ze-zdjeciem-na-szkle-akrylowym-dla-rodzicow\/"]}]},{"@type":"ImageObject","inLanguage":"pl-PL","@id":"https:\/\/fotobum.pl\/blog\/upamietnij-pierwsze-chwile-dziecka-ramki-ze-zdjeciem-na-szkle-akrylowym-dla-rodzicow\/#primaryimage","url":"https:\/\/fotobum.pl\/blog\/wp-content\/uploads\/2024\/04\/upamietnij-pierwsze-chwile-dziecka.jpeg","contentUrl":"https:\/\/fotobum.pl\/blog\/wp-content\/uploads\/2024\/04\/upamietnij-pierwsze-chwile-dziecka.jpeg","width":750,"height":500,"caption":"Upami\u0119tnij pierwsze chwile dziecka: ramki ze zdj\u0119ciem na szkle akrylowym dla rodzic\u00f3w"},{"@type":"BreadcrumbList","@id":"https:\/\/fotobum.pl\/blog\/upamietnij-pierwsze-chwile-dziecka-ramki-ze-zdjeciem-na-szkle-akrylowym-dla-rodzicow\/#breadcrumb","itemListElement":[{"@type":"ListItem","position":1,"name":"Home","item":"https:\/\/fotobum.pl\/blog\/"},{"@type":"ListItem","position":2,"name":"Upami\u0119tnij pierwsze chwile dziecka: ramki ze zdj\u0119ciem na szkle akrylowym dla rodzic\u00f3w"}]},{"@type":"WebSite","@id":"https:\/\/fotobum.pl\/blog\/#website","url":"https:\/\/fotobum.pl\/blog\/","name":"Fotobum.pl\/blog","description":"Personalizowane produkty","publisher":{"@id":"https:\/\/fotobum.pl\/blog\/#organization"},"potentialAction":[{"@type":"SearchAction","target":{"@type":"EntryPoint","urlTemplate":"https:\/\/fotobum.pl\/blog\/?s={search_term_string}"},"query-input":{"@type":"PropertyValueSpecification","valueRequired":true,"valueName":"search_term_string"}}],"inLanguage":"pl-PL"},{"@type":"Organization","@id":"https:\/\/fotobum.pl\/blog\/#organization","name":"Fotobum.pl\/blog","url":"https:\/\/fotobum.pl\/blog\/","logo":{"@type":"ImageObject","inLanguage":"pl-PL","@id":"https:\/\/fotobum.pl\/blog\/#\/schema\/logo\/image\/","url":"https:\/\/fotobum.pl\/blog\/wp-content\/uploads\/2019\/07\/cropped-fotobum_logo.png","contentUrl":"https:\/\/fotobum.pl\/blog\/wp-content\/uploads\/2019\/07\/cropped-fotobum_logo.png","width":210,"height":67,"caption":"Fotobum.pl\/blog"},"image":{"@id":"https:\/\/fotobum.pl\/blog\/#\/schema\/logo\/image\/"}},{"@type":"Person","@id":"https:\/\/fotobum.pl\/blog\/#\/schema\/person\/edd15ac5cab48171e1f2a38698c7e536","name":"Fotobum","image":{"@type":"ImageObject","inLanguage":"pl-PL","@id":"https:\/\/secure.gravatar.com\/avatar\/24b02673ce1161ec1d040a52860847d95f3f1246c5c811d20ea28738a8986c7e?s=96&d=mm&r=g","url":"https:\/\/secure.gravatar.com\/avatar\/24b02673ce1161ec1d040a52860847d95f3f1246c5c811d20ea28738a8986c7e?s=96&d=mm&r=g","contentUrl":"https:\/\/secure.gravatar.com\/avatar\/24b02673ce1161ec1d040a52860847d95f3f1246c5c811d20ea28738a8986c7e?s=96&d=mm&r=g","caption":"Fotobum"},"url":"https:\/\/fotobum.pl\/blog\/author\/admin\/"}]}},"_links":{"self":[{"href":"https:\/\/fotobum.pl\/blog\/wp-json\/wp\/v2\/posts\/1920","targetHints":{"allow":["GET"]}}],"collection":[{"href":"https:\/\/fotobum.pl\/blog\/wp-json\/wp\/v2\/posts"}],"about":[{"href":"https:\/\/fotobum.pl\/blog\/wp-json\/wp\/v2\/types\/post"}],"author":[{"embeddable":true,"href":"https:\/\/fotobum.pl\/blog\/wp-json\/wp\/v2\/users\/1"}],"replies":[{"embeddable":true,"href":"https:\/\/fotobum.pl\/blog\/wp-json\/wp\/v2\/comments?post=1920"}],"version-history":[{"count":2,"href":"https:\/\/fotobum.pl\/blog\/wp-json\/wp\/v2\/posts\/1920\/revisions"}],"predecessor-version":[{"id":2023,"href":"https:\/\/fotobum.pl\/blog\/wp-json\/wp\/v2\/posts\/1920\/revisions\/2023"}],"wp:featuredmedia":[{"embeddable":true,"href":"https:\/\/fotobum.pl\/blog\/wp-json\/wp\/v2\/media\/1942"}],"wp:attachment":[{"href":"https:\/\/fotobum.pl\/blog\/wp-json\/wp\/v2\/media?parent=1920"}],"wp:term":[{"taxonomy":"category","embeddable":true,"href":"https:\/\/fotobum.pl\/blog\/wp-json\/wp\/v2\/categories?post=1920"},{"taxonomy":"post_tag","embeddable":true,"href":"https:\/\/fotobum.pl\/blog\/wp-json\/wp\/v2\/tags?post=1920"}],"curies":[{"name":"wp","href":"https:\/\/api.w.org\/{rel}","templated":true}]}}