{"id":1755,"date":"2023-12-05T13:56:52","date_gmt":"2023-12-05T12:56:52","guid":{"rendered":"https:\/\/fotobum.pl\/blog\/?p=1755"},"modified":"2023-12-05T13:57:06","modified_gmt":"2023-12-05T12:57:06","slug":"naklejki-swiateczne-zapakuj-pieknie-wyjatkowy-prezent-ze-zdjeciem","status":"publish","type":"post","link":"https:\/\/fotobum.pl\/blog\/naklejki-swiateczne-zapakuj-pieknie-wyjatkowy-prezent-ze-zdjeciem\/","title":{"rendered":"Naklejki \u015bwi\u0105teczne &#8211; zapakuj pi\u0119knie wyj\u0105tkowy prezent ze zdj\u0119ciem"},"content":{"rendered":"\n\n\n<h2 class=\"wp-block-heading\"><strong>Naklejki \u015bwi\u0105teczne &#8211; podkre\u015bl magi\u0119 prezent\u00f3w<\/strong><\/h2>\n\n\n\n<p>Naklejki \u015bwi\u0105teczne to detal, kt\u00f3ry mo\u017ce przemieni\u0107 zwyczajne opakowanie w wyj\u0105tkowy prezent. Czy pomy\u015bla\u0142e\u015b kiedy\u015b, jak wielk\u0105 rol\u0119 mog\u0105 odegra\u0107 w podkre\u015blaniu unikalno\u015bci Twoich podark\u00f3w? Rozwa\u017cmy to przez moment. Wyobra\u017a sobie pi\u0119knie zapakowany prezent ze zdj\u0119ciem ukochanej osoby, zwie\u0144czony doskonale dobran\u0105, \u015bwi\u0105teczn\u0105 naklejk\u0105. Ten ma\u0142y, ale efektowny dodatek, potrafi zwr\u00f3ci\u0107 na siebie uwag\u0119 i doda\u0107 magi\u0119 temu wyj\u0105tkowemu momentowi.<\/p>\n\n\n\n<p>Zaczynaj\u0105c od klasycznych motyw\u00f3w \u015bwi\u0105tecznych, przez urocze ilustracje, po spersonalizowane naklejki na prezenty, wyb\u00f3r jest naprawd\u0119 bogaty. Ka\u017cda mo\u017ce sta\u0107 si\u0119 doskona\u0142ym dope\u0142nieniem dla prezentu ze zdj\u0119ciem, nadaj\u0105c mu jednocze\u015bnie indywidualnego charakteru. Wa\u017cne jest jednak, aby dobra\u0107 naklejk\u0119 \u015bwi\u0105teczn\u0105 tak, aby korespondowa\u0142a zar\u00f3wno z zawarto\u015bci\u0105 prezentu, jak i z jego opakowaniem. Dzi\u0119ki temu stworzysz sp\u00f3jn\u0105 i przemy\u015blan\u0105 kompozycj\u0119, kt\u00f3ra z pewno\u015bci\u0105 zachwyci obdarowan\u0105 osob\u0119. Pami\u0119taj, naklejki \u015bwi\u0105teczne to nie tylko dekoracja, to przede wszystkim wyraz troski o ka\u017cdy, nawet najmniejszy detal.<\/p>\n\n\n\n<h2 class=\"wp-block-heading\"><strong>Jak wybra\u0107 idealne naklejki na prezenty \u015bwi\u0105teczne?<\/strong><\/h2>\n\n\n\n<p>Wyb\u00f3r idealnych naklejek na prezenty \u015bwi\u0105teczne to proces, kt\u00f3ry wymaga nieco planowania i pomys\u0142owo\u015bci. Pierwszym krokiem powinno by\u0107 zastanowienie si\u0119 nad tematem i typem prezentu. Je\u015bli na przyk\u0142ad pakujesz ksi\u0105\u017ck\u0119, mo\u017cesz wybra\u0107 etykiet\u0119 na prezenty na Bo\u017ce Narodzenie z literackim motywem. Je\u017celi natomiast Tw\u00f3j prezent to co\u015b bardziej romantycznego, mo\u017ce motyw serca b\u0119dzie odpowiedni? Wszystko zale\u017cy od kreatywno\u015bci i osobowo\u015bci obdarowywanej osoby.<\/p>\n\n\n\n<p>Kolejnym wa\u017cnym elementem jest kolor. Naklejki na prezenty \u015bwi\u0105teczne powinny komponowa\u0107 si\u0119 zar\u00f3wno z opakowaniem, jak i z zawarto\u015bci\u0105 prezentu, ale tak\u017ce nie powinny straci\u0107 na swojej wyrazisto\u015bci. Dlatego te\u017c dobrze jest zastanowi\u0107 si\u0119 nad kompozycj\u0105 kolorystyczn\u0105, zawsze pami\u0119taj\u0105c o magicznym, \u015bwi\u0105tecznym charakterze prezentu. Personalizacja jest ostatnim, ale nie mniej wa\u017cnym elementem. Mo\u017cna zdecydowa\u0107 si\u0119 na jedn\u0105 z gotowych etykiet na prezenty, ale stworzenie czego\u015b w\u0142asnego doda podarunkom niepowtarzalnego uroku. Wyb\u00f3r zdj\u0119cia, motywu czy nawet kr\u00f3tkiej dedykacji to sprawy indywidualne, ale na pewno znacznie podnios\u0105 warto\u015b\u0107 prezentu w oczach obdarowanego.<\/p>\n\n\n\n<h2 class=\"wp-block-heading\"><strong>Naklejki prezentowe &#8211; spos\u00f3b na kreatywne opakowanie<\/strong><\/h2>\n\n\n\n<p>Naklejki prezentowe odgrywaj\u0105 kluczow\u0105 rol\u0119 w tworzeniu pami\u0119tliwych prezent\u00f3w o osobistym charakterze. Czasem nawet najmniejszy detal mo\u017ce przekszta\u0142ci\u0107 prezent w co\u015b naprawd\u0119 wyj\u0105tkowego. Kreatywne u\u017cycie naklejek na prezenty pozwala na dodanie unikalnego, osobistego akcentu do opakowania prezentu. Czy to przez dodanie zdj\u0119cia, przekazanie specjalnej wiadomo\u015bci, czy poprzez stworzenie w\u0142asnej, niepowtarzalnej etykiety, naklejki prezentowe wyra\u017anie podnosz\u0105 warto\u015b\u0107 podarku.<\/p>\n\n\n\n<p>Tw\u00f3rcze podej\u015bcie do naklejek na prezenty otwiera drzwi do niesko\u0144czonych mo\u017cliwo\u015bci. DIY, czyli zr\u00f3b to sam, to fantastyczny spos\u00f3b, aby doda\u0107 unikalnego charakteru Twojemu prezentowi. Mo\u017cesz na przyk\u0142ad stworzy\u0107 w\u0142asn\u0105, spersonalizowan\u0105 etykiet\u0119, korzystaj\u0105c z r\u00f3\u017cnego rodzaju materia\u0142\u00f3w i technik. Konieczno\u015b\u0107 dopasowania naklejki do zawarto\u015bci i stylistyki opakowania mo\u017ce wydawa\u0107 si\u0119 wyzwaniem, ale to w\u0142a\u015bnie ta kreatywno\u015b\u0107 i indywidualizm czyni\u0105 prezent genialnym. Pami\u0119taj, \u017ce naklejki prezentowe to nie tylko dekoracja, ale tak\u017ce sposobno\u015b\u0107 do pokazania, jak wiele troski i my\u015bli wk\u0142adamy w nasze prezenty.<\/p>\n\n\n\n<h2 class=\"wp-block-heading\"><strong>Etykiety na prezenty Bo\u017ce Narodzenie &#8211; nie tylko dekoracja<\/strong><\/h2>\n\n\n\n<p>Etykiety na prezenty na Bo\u017ce Narodzenie to znakomity spos\u00f3b na podkre\u015blenie warto\u015bci naszych prezent\u00f3w. Nie s\u0105 one jedynie atrakcyjnym dodatkiem \u2013 pe\u0142ni\u0105 r\u00f3wnie\u017c funkcj\u0119 praktyczn\u0105. Dzi\u0119ki nim obdarowana osoba od razu wie, od kogo otrzyma\u0142a prezent. To drobny gest, ale mocno nasycony emocjami. Praktyczne zastosowanie etykiet to jednak dopiero pocz\u0105tek. R\u00f3\u017cnorodno\u015b\u0107 dost\u0119pnych wzor\u00f3w i motyw\u00f3w sprawia, \u017ce mo\u017ce sta\u0107 si\u0119 one r\u00f3wnie wyj\u0105tkowym elementem prezentu, co jego zawarto\u015b\u0107.<\/p>\n\n\n\n<p>Poprzez odpowiedni dob\u00f3r naklejek na prezenty mo\u017cesz pokaza\u0107, jak dobrze znasz osob\u0119, kt\u00f3rej prezent podarujesz. Motyw \u015bwi\u0105teczny? A mo\u017ce zdj\u0119cie lub ulubione zwierz\u0105tko obdarowanego? Wszystko to pozwoli uatrakcyjni\u0107 opakowanie i nada\u0107 mu niepowtarzalnego charakteru. Naklejki na prezenty to tak\u017ce sposobno\u015b\u0107 do osobistej ekspresji \u2013 mo\u017cesz do\u0142\u0105czy\u0107 do nich kr\u00f3tk\u0105 dedykacj\u0119, kt\u00f3ra z pewno\u015bci\u0105 ucieszy obdarowanego i doda prezentowi wyj\u0105tkowego charakteru. Pami\u0119taj zatem, \u017ce etykiety na prezenty Bo\u017ce Narodzenie to nie tylko dekoracja, ale tak\u017ce swoisty kana\u0142 komunikacji z obdarowanymi, ukazuj\u0105cy Twoj\u0105 trosk\u0119 i szacunek.<\/p>\n\n\n\n<h2 class=\"wp-block-heading\"><strong>Osobisty akcent &#8211; prezent ze zdj\u0119ciem<\/strong><\/h2>\n\n\n\n<p>Prezent ze zdj\u0119ciem to jeden z najbardziej osobistych i emocjonalnych gest\u00f3w, kt\u00f3ry mo\u017cna podarowa\u0107 bliskiej osobie. Dodanie uroczej fotki do Twojego prezentu mo\u017ce przekszta\u0142ci\u0107 zwyk\u0142y upominek w co\u015b naprawd\u0119 wyj\u0105tkowego. Wybieraj\u0105c to zdj\u0119cie, warto zastanowi\u0107 si\u0119, jakie uczucia chcesz wzbudzi\u0107 u obdarowanego. Czy to b\u0119dzie mi\u0142e wspomnienie, dow\u00f3d silnej wi\u0119zi, czy mo\u017ce humorystyczne pami\u0105tki &#8211; wyb\u00f3r powinien odzwierciedla\u0107 charakter i ducha Twojej relacji.<\/p>\n\n\n\n<p>Wybranie odpowiedniej naklejki prezentowej do po\u0142\u0105czenia z tym zdj\u0119ciem jest r\u00f3wnie istotne. Naklejka powinna harmonizowa\u0107 z wybranym zdj\u0119ciem, zar\u00f3wno pod wzgl\u0119dem koloru, jak i stylu. Cho\u0107 mo\u017ce wydawa\u0107 si\u0119 to skomplikowane, dzi\u0119ki szerokiej gamie dost\u0119pnych naklejek z pewno\u015bci\u0105 odnajdziesz t\u0119 idealn\u0105, kt\u00f3ra podkre\u015bli znaczenie Twojego prezentu ze zdj\u0119ciem. Pami\u0119taj, cel przewodni to zwr\u00f3ci\u0107 uwag\u0119 na to, co jest najwa\u017cniejsze &#8211; osobisty, wyj\u0105tkowy akcent Twojego prezentu.<\/p>\n\n\n\n<h2 class=\"wp-block-heading\"><strong>Pomys\u0142y na kreatywne naklejki &#8211; inspiracje i instrukcje<\/strong><\/h2>\n\n\n\n<p>Ju\u017c od dawna naklejki prezentowe zyskuj\u0105 na popularno\u015bci, gdy\u017c to \u015bwietny spos\u00f3b na podkre\u015blenie wyj\u0105tkowo\u015bci upomink\u00f3w. A co powiedzia\u0142by\u015b na to, aby stworzy\u0107 w\u0142asnor\u0119cznie zaprojektowane naklejki na prezenty? To niesamowite do\u015bwiadczenie, kt\u00f3re pozwoli rozwin\u0105\u0107 kreatywno\u015b\u0107 i doda\u0107 osobisty akcent do Twoich prezent\u00f3w.<\/p>\n\n\n\n<p>Zacznij od koncepcji. To mog\u0105 by\u0107 klasyczne motywy \u015bwi\u0105teczne, ale r\u00f3wnie dobrze mo\u017cesz wykorzysta\u0107 wsp\u00f3lne zdj\u0119cia, kt\u00f3re niew\u0105tpliwie wzbudz\u0105 wiele emocji. Pami\u0119taj, prezent ze zdj\u0119ciem to wyj\u0105tkowy gest, kt\u00f3ry podkre\u015bli Twoj\u0105 trosk\u0119 o szczeg\u00f3\u0142y. Nast\u0119pnie przygotowujemy projekt naklejek &#8211; tu nie ma ogranicze\u0144! Mo\u017cemy wykorzysta\u0107 domowe sposoby, ale \u015bwietnie sprawdzaj\u0105 si\u0119 tak\u017ce kreatory naklejek online. Nie b\u00f3j si\u0119 eksperymentowa\u0107! Wyobra\u017amy sobie rado\u015b\u0107 obdarowanej osoby, kiedy zobaczy, ile serca w\u0142o\u017cy\u0142e\u015b w ten prezent. Dlatego pami\u0119taj, kreatywne naklejki to nie tylko dekoracja, to przede wszystkim wyraz Twojej troski.<\/p>\n","protected":false},"excerpt":{"rendered":"<p>Naklejki \u015bwi\u0105teczne &#8211; podkre\u015bl magi\u0119 prezent\u00f3w Naklejki \u015bwi\u0105teczne to detal, kt\u00f3ry mo\u017ce przemieni\u0107 zwyczajne opakowanie w wyj\u0105tkowy prezent. Czy pomy\u015bla\u0142e\u015b kiedy\u015b, jak wielk\u0105 rol\u0119 mog\u0105 odegra\u0107 w podkre\u015blaniu unikalno\u015bci Twoich podark\u00f3w? Rozwa\u017cmy to przez moment. Wyobra\u017a sobie pi\u0119knie zapakowany prezent ze zdj\u0119ciem ukochanej osoby, zwie\u0144czony doskonale dobran\u0105, \u015bwi\u0105teczn\u0105 naklejk\u0105. Ten ma\u0142y, ale efektowny dodatek, potrafi zwr\u00f3ci\u0107 na siebie uwag\u0119 i doda\u0107 magi\u0119 temu wyj\u0105tkowemu momentowi. Zaczynaj\u0105c od klasycznych motyw\u00f3w \u015bwi\u0105tecznych, [&hellip;]<\/p>\n","protected":false},"author":1,"featured_media":1768,"comment_status":"open","ping_status":"closed","sticky":false,"template":"","format":"image","meta":{"footnotes":""},"categories":[1],"tags":[],"class_list":["post-1755","post","type-post","status-publish","format-image","has-post-thumbnail","hentry","category-bez-kategorii","post_format-post-format-image"],"yoast_head":"<!-- This site is optimized with the Yoast SEO plugin v27.5 - https:\/\/yoast.com\/product\/yoast-seo-wordpress\/ -->\n<title>Naklejki \u015bwi\u0105teczne - zapakuj pi\u0119knie wyj\u0105tkowy prezent ze zdj\u0119ciem - Fotobum.pl\/blog<\/title>\n<meta name=\"description\" content=\"Odkryj wyj\u0105tkowe naklejki na prezenty \u015bwi\u0105teczne. Spersonalizuj prezent ze zdj\u0119ciem i spraw rado\u015b\u0107 bliskim. Czytaj dalej!\" \/>\n<meta name=\"robots\" content=\"index, follow, max-snippet:-1, max-image-preview:large, max-video-preview:-1\" \/>\n<link rel=\"canonical\" href=\"https:\/\/fotobum.pl\/blog\/naklejki-swiateczne-zapakuj-pieknie-wyjatkowy-prezent-ze-zdjeciem\/\" \/>\n<meta property=\"og:locale\" content=\"pl_PL\" \/>\n<meta property=\"og:type\" content=\"article\" \/>\n<meta property=\"og:title\" content=\"Naklejki \u015bwi\u0105teczne - zapakuj pi\u0119knie wyj\u0105tkowy prezent ze zdj\u0119ciem - Fotobum.pl\/blog\" \/>\n<meta property=\"og:description\" content=\"Odkryj wyj\u0105tkowe naklejki na prezenty \u015bwi\u0105teczne. Spersonalizuj prezent ze zdj\u0119ciem i spraw rado\u015b\u0107 bliskim. Czytaj dalej!\" \/>\n<meta property=\"og:url\" content=\"https:\/\/fotobum.pl\/blog\/naklejki-swiateczne-zapakuj-pieknie-wyjatkowy-prezent-ze-zdjeciem\/\" \/>\n<meta property=\"og:site_name\" content=\"Fotobum.pl\/blog\" \/>\n<meta property=\"article:published_time\" content=\"2023-12-05T12:56:52+00:00\" \/>\n<meta property=\"article:modified_time\" content=\"2023-12-05T12:57:06+00:00\" \/>\n<meta property=\"og:image\" content=\"https:\/\/fotobum.pl\/blog\/wp-content\/uploads\/2023\/12\/5.-Naklejki-swiateczne-zapakuj-pieknie-wyjatkowy-prezent-ze-zdjeciem.jpeg\" \/>\n\t<meta property=\"og:image:width\" content=\"1000\" \/>\n\t<meta property=\"og:image:height\" content=\"666\" \/>\n\t<meta property=\"og:image:type\" content=\"image\/jpeg\" \/>\n<meta name=\"author\" content=\"Fotobum\" \/>\n<meta name=\"twitter:card\" content=\"summary_large_image\" \/>\n<meta name=\"twitter:label1\" content=\"Napisane przez\" \/>\n\t<meta name=\"twitter:data1\" content=\"Fotobum\" \/>\n\t<meta name=\"twitter:label2\" content=\"Szacowany czas czytania\" \/>\n\t<meta name=\"twitter:data2\" content=\"5 minut\" \/>\n<script type=\"application\/ld+json\" class=\"yoast-schema-graph\">{\"@context\":\"https:\\\/\\\/schema.org\",\"@graph\":[{\"@type\":\"Article\",\"@id\":\"https:\\\/\\\/fotobum.pl\\\/blog\\\/naklejki-swiateczne-zapakuj-pieknie-wyjatkowy-prezent-ze-zdjeciem\\\/#article\",\"isPartOf\":{\"@id\":\"https:\\\/\\\/fotobum.pl\\\/blog\\\/naklejki-swiateczne-zapakuj-pieknie-wyjatkowy-prezent-ze-zdjeciem\\\/\"},\"author\":{\"name\":\"Fotobum\",\"@id\":\"https:\\\/\\\/fotobum.pl\\\/blog\\\/#\\\/schema\\\/person\\\/edd15ac5cab48171e1f2a38698c7e536\"},\"headline\":\"Naklejki \u015bwi\u0105teczne &#8211; zapakuj pi\u0119knie wyj\u0105tkowy prezent ze zdj\u0119ciem\",\"datePublished\":\"2023-12-05T12:56:52+00:00\",\"dateModified\":\"2023-12-05T12:57:06+00:00\",\"mainEntityOfPage\":{\"@id\":\"https:\\\/\\\/fotobum.pl\\\/blog\\\/naklejki-swiateczne-zapakuj-pieknie-wyjatkowy-prezent-ze-zdjeciem\\\/\"},\"wordCount\":1109,\"commentCount\":0,\"publisher\":{\"@id\":\"https:\\\/\\\/fotobum.pl\\\/blog\\\/#organization\"},\"image\":{\"@id\":\"https:\\\/\\\/fotobum.pl\\\/blog\\\/naklejki-swiateczne-zapakuj-pieknie-wyjatkowy-prezent-ze-zdjeciem\\\/#primaryimage\"},\"thumbnailUrl\":\"https:\\\/\\\/fotobum.pl\\\/blog\\\/wp-content\\\/uploads\\\/2023\\\/12\\\/5.-Naklejki-swiateczne-zapakuj-pieknie-wyjatkowy-prezent-ze-zdjeciem.jpeg\",\"inLanguage\":\"pl-PL\",\"potentialAction\":[{\"@type\":\"CommentAction\",\"name\":\"Comment\",\"target\":[\"https:\\\/\\\/fotobum.pl\\\/blog\\\/naklejki-swiateczne-zapakuj-pieknie-wyjatkowy-prezent-ze-zdjeciem\\\/#respond\"]}]},{\"@type\":\"WebPage\",\"@id\":\"https:\\\/\\\/fotobum.pl\\\/blog\\\/naklejki-swiateczne-zapakuj-pieknie-wyjatkowy-prezent-ze-zdjeciem\\\/\",\"url\":\"https:\\\/\\\/fotobum.pl\\\/blog\\\/naklejki-swiateczne-zapakuj-pieknie-wyjatkowy-prezent-ze-zdjeciem\\\/\",\"name\":\"Naklejki \u015bwi\u0105teczne - zapakuj pi\u0119knie wyj\u0105tkowy prezent ze zdj\u0119ciem - Fotobum.pl\\\/blog\",\"isPartOf\":{\"@id\":\"https:\\\/\\\/fotobum.pl\\\/blog\\\/#website\"},\"primaryImageOfPage\":{\"@id\":\"https:\\\/\\\/fotobum.pl\\\/blog\\\/naklejki-swiateczne-zapakuj-pieknie-wyjatkowy-prezent-ze-zdjeciem\\\/#primaryimage\"},\"image\":{\"@id\":\"https:\\\/\\\/fotobum.pl\\\/blog\\\/naklejki-swiateczne-zapakuj-pieknie-wyjatkowy-prezent-ze-zdjeciem\\\/#primaryimage\"},\"thumbnailUrl\":\"https:\\\/\\\/fotobum.pl\\\/blog\\\/wp-content\\\/uploads\\\/2023\\\/12\\\/5.-Naklejki-swiateczne-zapakuj-pieknie-wyjatkowy-prezent-ze-zdjeciem.jpeg\",\"datePublished\":\"2023-12-05T12:56:52+00:00\",\"dateModified\":\"2023-12-05T12:57:06+00:00\",\"description\":\"Odkryj wyj\u0105tkowe naklejki na prezenty \u015bwi\u0105teczne. Spersonalizuj prezent ze zdj\u0119ciem i spraw rado\u015b\u0107 bliskim. Czytaj dalej!\",\"breadcrumb\":{\"@id\":\"https:\\\/\\\/fotobum.pl\\\/blog\\\/naklejki-swiateczne-zapakuj-pieknie-wyjatkowy-prezent-ze-zdjeciem\\\/#breadcrumb\"},\"inLanguage\":\"pl-PL\",\"potentialAction\":[{\"@type\":\"ReadAction\",\"target\":[\"https:\\\/\\\/fotobum.pl\\\/blog\\\/naklejki-swiateczne-zapakuj-pieknie-wyjatkowy-prezent-ze-zdjeciem\\\/\"]}]},{\"@type\":\"ImageObject\",\"inLanguage\":\"pl-PL\",\"@id\":\"https:\\\/\\\/fotobum.pl\\\/blog\\\/naklejki-swiateczne-zapakuj-pieknie-wyjatkowy-prezent-ze-zdjeciem\\\/#primaryimage\",\"url\":\"https:\\\/\\\/fotobum.pl\\\/blog\\\/wp-content\\\/uploads\\\/2023\\\/12\\\/5.-Naklejki-swiateczne-zapakuj-pieknie-wyjatkowy-prezent-ze-zdjeciem.jpeg\",\"contentUrl\":\"https:\\\/\\\/fotobum.pl\\\/blog\\\/wp-content\\\/uploads\\\/2023\\\/12\\\/5.-Naklejki-swiateczne-zapakuj-pieknie-wyjatkowy-prezent-ze-zdjeciem.jpeg\",\"width\":1000,\"height\":666},{\"@type\":\"BreadcrumbList\",\"@id\":\"https:\\\/\\\/fotobum.pl\\\/blog\\\/naklejki-swiateczne-zapakuj-pieknie-wyjatkowy-prezent-ze-zdjeciem\\\/#breadcrumb\",\"itemListElement\":[{\"@type\":\"ListItem\",\"position\":1,\"name\":\"Home\",\"item\":\"https:\\\/\\\/fotobum.pl\\\/blog\\\/\"},{\"@type\":\"ListItem\",\"position\":2,\"name\":\"Naklejki \u015bwi\u0105teczne &#8211; zapakuj pi\u0119knie wyj\u0105tkowy prezent ze zdj\u0119ciem\"}]},{\"@type\":\"WebSite\",\"@id\":\"https:\\\/\\\/fotobum.pl\\\/blog\\\/#website\",\"url\":\"https:\\\/\\\/fotobum.pl\\\/blog\\\/\",\"name\":\"Fotobum.pl\\\/blog\",\"description\":\"Personalizowane produkty\",\"publisher\":{\"@id\":\"https:\\\/\\\/fotobum.pl\\\/blog\\\/#organization\"},\"potentialAction\":[{\"@type\":\"SearchAction\",\"target\":{\"@type\":\"EntryPoint\",\"urlTemplate\":\"https:\\\/\\\/fotobum.pl\\\/blog\\\/?s={search_term_string}\"},\"query-input\":{\"@type\":\"PropertyValueSpecification\",\"valueRequired\":true,\"valueName\":\"search_term_string\"}}],\"inLanguage\":\"pl-PL\"},{\"@type\":\"Organization\",\"@id\":\"https:\\\/\\\/fotobum.pl\\\/blog\\\/#organization\",\"name\":\"Fotobum.pl\\\/blog\",\"url\":\"https:\\\/\\\/fotobum.pl\\\/blog\\\/\",\"logo\":{\"@type\":\"ImageObject\",\"inLanguage\":\"pl-PL\",\"@id\":\"https:\\\/\\\/fotobum.pl\\\/blog\\\/#\\\/schema\\\/logo\\\/image\\\/\",\"url\":\"https:\\\/\\\/fotobum.pl\\\/blog\\\/wp-content\\\/uploads\\\/2019\\\/07\\\/cropped-fotobum_logo.png\",\"contentUrl\":\"https:\\\/\\\/fotobum.pl\\\/blog\\\/wp-content\\\/uploads\\\/2019\\\/07\\\/cropped-fotobum_logo.png\",\"width\":210,\"height\":67,\"caption\":\"Fotobum.pl\\\/blog\"},\"image\":{\"@id\":\"https:\\\/\\\/fotobum.pl\\\/blog\\\/#\\\/schema\\\/logo\\\/image\\\/\"}},{\"@type\":\"Person\",\"@id\":\"https:\\\/\\\/fotobum.pl\\\/blog\\\/#\\\/schema\\\/person\\\/edd15ac5cab48171e1f2a38698c7e536\",\"name\":\"Fotobum\",\"image\":{\"@type\":\"ImageObject\",\"inLanguage\":\"pl-PL\",\"@id\":\"https:\\\/\\\/secure.gravatar.com\\\/avatar\\\/24b02673ce1161ec1d040a52860847d95f3f1246c5c811d20ea28738a8986c7e?s=96&d=mm&r=g\",\"url\":\"https:\\\/\\\/secure.gravatar.com\\\/avatar\\\/24b02673ce1161ec1d040a52860847d95f3f1246c5c811d20ea28738a8986c7e?s=96&d=mm&r=g\",\"contentUrl\":\"https:\\\/\\\/secure.gravatar.com\\\/avatar\\\/24b02673ce1161ec1d040a52860847d95f3f1246c5c811d20ea28738a8986c7e?s=96&d=mm&r=g\",\"caption\":\"Fotobum\"},\"url\":\"https:\\\/\\\/fotobum.pl\\\/blog\\\/author\\\/admin\\\/\"}]}<\/script>\n<!-- \/ Yoast SEO plugin. -->","yoast_head_json":{"title":"Naklejki \u015bwi\u0105teczne - zapakuj pi\u0119knie wyj\u0105tkowy prezent ze zdj\u0119ciem - Fotobum.pl\/blog","description":"Odkryj wyj\u0105tkowe naklejki na prezenty \u015bwi\u0105teczne. Spersonalizuj prezent ze zdj\u0119ciem i spraw rado\u015b\u0107 bliskim. Czytaj dalej!","robots":{"index":"index","follow":"follow","max-snippet":"max-snippet:-1","max-image-preview":"max-image-preview:large","max-video-preview":"max-video-preview:-1"},"canonical":"https:\/\/fotobum.pl\/blog\/naklejki-swiateczne-zapakuj-pieknie-wyjatkowy-prezent-ze-zdjeciem\/","og_locale":"pl_PL","og_type":"article","og_title":"Naklejki \u015bwi\u0105teczne - zapakuj pi\u0119knie wyj\u0105tkowy prezent ze zdj\u0119ciem - Fotobum.pl\/blog","og_description":"Odkryj wyj\u0105tkowe naklejki na prezenty \u015bwi\u0105teczne. Spersonalizuj prezent ze zdj\u0119ciem i spraw rado\u015b\u0107 bliskim. Czytaj dalej!","og_url":"https:\/\/fotobum.pl\/blog\/naklejki-swiateczne-zapakuj-pieknie-wyjatkowy-prezent-ze-zdjeciem\/","og_site_name":"Fotobum.pl\/blog","article_published_time":"2023-12-05T12:56:52+00:00","article_modified_time":"2023-12-05T12:57:06+00:00","og_image":[{"width":1000,"height":666,"url":"https:\/\/fotobum.pl\/blog\/wp-content\/uploads\/2023\/12\/5.-Naklejki-swiateczne-zapakuj-pieknie-wyjatkowy-prezent-ze-zdjeciem.jpeg","type":"image\/jpeg"}],"author":"Fotobum","twitter_card":"summary_large_image","twitter_misc":{"Napisane przez":"Fotobum","Szacowany czas czytania":"5 minut"},"schema":{"@context":"https:\/\/schema.org","@graph":[{"@type":"Article","@id":"https:\/\/fotobum.pl\/blog\/naklejki-swiateczne-zapakuj-pieknie-wyjatkowy-prezent-ze-zdjeciem\/#article","isPartOf":{"@id":"https:\/\/fotobum.pl\/blog\/naklejki-swiateczne-zapakuj-pieknie-wyjatkowy-prezent-ze-zdjeciem\/"},"author":{"name":"Fotobum","@id":"https:\/\/fotobum.pl\/blog\/#\/schema\/person\/edd15ac5cab48171e1f2a38698c7e536"},"headline":"Naklejki \u015bwi\u0105teczne &#8211; zapakuj pi\u0119knie wyj\u0105tkowy prezent ze zdj\u0119ciem","datePublished":"2023-12-05T12:56:52+00:00","dateModified":"2023-12-05T12:57:06+00:00","mainEntityOfPage":{"@id":"https:\/\/fotobum.pl\/blog\/naklejki-swiateczne-zapakuj-pieknie-wyjatkowy-prezent-ze-zdjeciem\/"},"wordCount":1109,"commentCount":0,"publisher":{"@id":"https:\/\/fotobum.pl\/blog\/#organization"},"image":{"@id":"https:\/\/fotobum.pl\/blog\/naklejki-swiateczne-zapakuj-pieknie-wyjatkowy-prezent-ze-zdjeciem\/#primaryimage"},"thumbnailUrl":"https:\/\/fotobum.pl\/blog\/wp-content\/uploads\/2023\/12\/5.-Naklejki-swiateczne-zapakuj-pieknie-wyjatkowy-prezent-ze-zdjeciem.jpeg","inLanguage":"pl-PL","potentialAction":[{"@type":"CommentAction","name":"Comment","target":["https:\/\/fotobum.pl\/blog\/naklejki-swiateczne-zapakuj-pieknie-wyjatkowy-prezent-ze-zdjeciem\/#respond"]}]},{"@type":"WebPage","@id":"https:\/\/fotobum.pl\/blog\/naklejki-swiateczne-zapakuj-pieknie-wyjatkowy-prezent-ze-zdjeciem\/","url":"https:\/\/fotobum.pl\/blog\/naklejki-swiateczne-zapakuj-pieknie-wyjatkowy-prezent-ze-zdjeciem\/","name":"Naklejki \u015bwi\u0105teczne - zapakuj pi\u0119knie wyj\u0105tkowy prezent ze zdj\u0119ciem - Fotobum.pl\/blog","isPartOf":{"@id":"https:\/\/fotobum.pl\/blog\/#website"},"primaryImageOfPage":{"@id":"https:\/\/fotobum.pl\/blog\/naklejki-swiateczne-zapakuj-pieknie-wyjatkowy-prezent-ze-zdjeciem\/#primaryimage"},"image":{"@id":"https:\/\/fotobum.pl\/blog\/naklejki-swiateczne-zapakuj-pieknie-wyjatkowy-prezent-ze-zdjeciem\/#primaryimage"},"thumbnailUrl":"https:\/\/fotobum.pl\/blog\/wp-content\/uploads\/2023\/12\/5.-Naklejki-swiateczne-zapakuj-pieknie-wyjatkowy-prezent-ze-zdjeciem.jpeg","datePublished":"2023-12-05T12:56:52+00:00","dateModified":"2023-12-05T12:57:06+00:00","description":"Odkryj wyj\u0105tkowe naklejki na prezenty \u015bwi\u0105teczne. Spersonalizuj prezent ze zdj\u0119ciem i spraw rado\u015b\u0107 bliskim. Czytaj dalej!","breadcrumb":{"@id":"https:\/\/fotobum.pl\/blog\/naklejki-swiateczne-zapakuj-pieknie-wyjatkowy-prezent-ze-zdjeciem\/#breadcrumb"},"inLanguage":"pl-PL","potentialAction":[{"@type":"ReadAction","target":["https:\/\/fotobum.pl\/blog\/naklejki-swiateczne-zapakuj-pieknie-wyjatkowy-prezent-ze-zdjeciem\/"]}]},{"@type":"ImageObject","inLanguage":"pl-PL","@id":"https:\/\/fotobum.pl\/blog\/naklejki-swiateczne-zapakuj-pieknie-wyjatkowy-prezent-ze-zdjeciem\/#primaryimage","url":"https:\/\/fotobum.pl\/blog\/wp-content\/uploads\/2023\/12\/5.-Naklejki-swiateczne-zapakuj-pieknie-wyjatkowy-prezent-ze-zdjeciem.jpeg","contentUrl":"https:\/\/fotobum.pl\/blog\/wp-content\/uploads\/2023\/12\/5.-Naklejki-swiateczne-zapakuj-pieknie-wyjatkowy-prezent-ze-zdjeciem.jpeg","width":1000,"height":666},{"@type":"BreadcrumbList","@id":"https:\/\/fotobum.pl\/blog\/naklejki-swiateczne-zapakuj-pieknie-wyjatkowy-prezent-ze-zdjeciem\/#breadcrumb","itemListElement":[{"@type":"ListItem","position":1,"name":"Home","item":"https:\/\/fotobum.pl\/blog\/"},{"@type":"ListItem","position":2,"name":"Naklejki \u015bwi\u0105teczne &#8211; zapakuj pi\u0119knie wyj\u0105tkowy prezent ze zdj\u0119ciem"}]},{"@type":"WebSite","@id":"https:\/\/fotobum.pl\/blog\/#website","url":"https:\/\/fotobum.pl\/blog\/","name":"Fotobum.pl\/blog","description":"Personalizowane produkty","publisher":{"@id":"https:\/\/fotobum.pl\/blog\/#organization"},"potentialAction":[{"@type":"SearchAction","target":{"@type":"EntryPoint","urlTemplate":"https:\/\/fotobum.pl\/blog\/?s={search_term_string}"},"query-input":{"@type":"PropertyValueSpecification","valueRequired":true,"valueName":"search_term_string"}}],"inLanguage":"pl-PL"},{"@type":"Organization","@id":"https:\/\/fotobum.pl\/blog\/#organization","name":"Fotobum.pl\/blog","url":"https:\/\/fotobum.pl\/blog\/","logo":{"@type":"ImageObject","inLanguage":"pl-PL","@id":"https:\/\/fotobum.pl\/blog\/#\/schema\/logo\/image\/","url":"https:\/\/fotobum.pl\/blog\/wp-content\/uploads\/2019\/07\/cropped-fotobum_logo.png","contentUrl":"https:\/\/fotobum.pl\/blog\/wp-content\/uploads\/2019\/07\/cropped-fotobum_logo.png","width":210,"height":67,"caption":"Fotobum.pl\/blog"},"image":{"@id":"https:\/\/fotobum.pl\/blog\/#\/schema\/logo\/image\/"}},{"@type":"Person","@id":"https:\/\/fotobum.pl\/blog\/#\/schema\/person\/edd15ac5cab48171e1f2a38698c7e536","name":"Fotobum","image":{"@type":"ImageObject","inLanguage":"pl-PL","@id":"https:\/\/secure.gravatar.com\/avatar\/24b02673ce1161ec1d040a52860847d95f3f1246c5c811d20ea28738a8986c7e?s=96&d=mm&r=g","url":"https:\/\/secure.gravatar.com\/avatar\/24b02673ce1161ec1d040a52860847d95f3f1246c5c811d20ea28738a8986c7e?s=96&d=mm&r=g","contentUrl":"https:\/\/secure.gravatar.com\/avatar\/24b02673ce1161ec1d040a52860847d95f3f1246c5c811d20ea28738a8986c7e?s=96&d=mm&r=g","caption":"Fotobum"},"url":"https:\/\/fotobum.pl\/blog\/author\/admin\/"}]}},"_links":{"self":[{"href":"https:\/\/fotobum.pl\/blog\/wp-json\/wp\/v2\/posts\/1755","targetHints":{"allow":["GET"]}}],"collection":[{"href":"https:\/\/fotobum.pl\/blog\/wp-json\/wp\/v2\/posts"}],"about":[{"href":"https:\/\/fotobum.pl\/blog\/wp-json\/wp\/v2\/types\/post"}],"author":[{"embeddable":true,"href":"https:\/\/fotobum.pl\/blog\/wp-json\/wp\/v2\/users\/1"}],"replies":[{"embeddable":true,"href":"https:\/\/fotobum.pl\/blog\/wp-json\/wp\/v2\/comments?post=1755"}],"version-history":[{"count":1,"href":"https:\/\/fotobum.pl\/blog\/wp-json\/wp\/v2\/posts\/1755\/revisions"}],"predecessor-version":[{"id":1769,"href":"https:\/\/fotobum.pl\/blog\/wp-json\/wp\/v2\/posts\/1755\/revisions\/1769"}],"wp:featuredmedia":[{"embeddable":true,"href":"https:\/\/fotobum.pl\/blog\/wp-json\/wp\/v2\/media\/1768"}],"wp:attachment":[{"href":"https:\/\/fotobum.pl\/blog\/wp-json\/wp\/v2\/media?parent=1755"}],"wp:term":[{"taxonomy":"category","embeddable":true,"href":"https:\/\/fotobum.pl\/blog\/wp-json\/wp\/v2\/categories?post=1755"},{"taxonomy":"post_tag","embeddable":true,"href":"https:\/\/fotobum.pl\/blog\/wp-json\/wp\/v2\/tags?post=1755"}],"curies":[{"name":"wp","href":"https:\/\/api.w.org\/{rel}","templated":true}]}}