{"id":1749,"date":"2023-12-05T13:34:09","date_gmt":"2023-12-05T12:34:09","guid":{"rendered":"https:\/\/fotobum.pl\/blog\/?p=1749"},"modified":"2023-12-18T08:14:41","modified_gmt":"2023-12-18T07:14:41","slug":"kalendarze-ze-zdjeciem-fotokalendarze-na-rok-2024-sentymentalny-prezent-dla-bliskich-i-funkcjonalny-gadzet-dla-ciebie","status":"publish","type":"post","link":"https:\/\/fotobum.pl\/blog\/kalendarze-ze-zdjeciem-fotokalendarze-na-rok-2024-sentymentalny-prezent-dla-bliskich-i-funkcjonalny-gadzet-dla-ciebie\/","title":{"rendered":"Kalendarze ze zdj\u0119ciem (fotokalendarze) na rok 2024 &#8211; sentymentalny prezent dla bliskich i funkcjonalny gad\u017cet dla Ciebie"},"content":{"rendered":"\n\n\n<h2 class=\"wp-block-heading\"><strong>Czym s\u0105 fotokalendarze i dlaczego warto je wybra\u0107<\/strong><\/h2>\n\n\n\n<p><a href=\"https:\/\/fotobum.pl\/kategoria\/106-fotokalendarze\">Fotokalendarze 2024<\/a> przynosz\u0105 \u015bwie\u017c\u0105 perspektyw\u0119 na codzienne planowanie i organizowanie czasu. Czym s\u0105 fotokalendarze? To kalendarze, kt\u00f3re \u0142\u0105cz\u0105 w sobie elementy funkcjonalne z osobistym dotykiem &#8211; Twoim w\u0142asnym wyborem zdj\u0119\u0107. To jak kalendarz ze zdj\u0119ciami z Twojego ulubionego miejsca na \u015bwiecie lub z najwa\u017cniejszych moment\u00f3w z twojego \u017cycia. Bez wzgl\u0119du na twoje preferencje, taki kalendarz personalizowany 2024 doskonale wpasuje si\u0119 w twoje codzienne \u017cycie.<\/p>\n\n\n\n<p>Dlaczego warto wybra\u0107 fotokalendarze 2024? Przede wszystkim, sprawiaj\u0105 one, \u017ce ka\u017cdy kolejny miesi\u0105c staje si\u0119 wyj\u0105tkowy. Otworzenie nowej strony staje si\u0119 emocjonuj\u0105cym do\u015bwiadczeniem, gdy mo\u017cesz cieszy\u0107 si\u0119 kolejnym ukochanym zdj\u0119ciem. Po drugie, s\u0105 one doskona\u0142ym, sentymentalnym prezentem dla bliskich. Wyobra\u017a sobie, jak osoba, kt\u00f3rej go podarujesz, odkrywa kolejne strony kalendarza ze zdj\u0119ciami, kt\u00f3re maj\u0105 dla niej szczeg\u00f3ln\u0105 warto\u015b\u0107. Kalendarz personalizowany 2024 jest r\u00f3wnie\u017c \u015bwietny dla Ciebie &#8211; przypomina o wa\u017cnych chwilach i inspiruje do tw\u00f3rczych projekt\u00f3w w nadchodz\u0105cych miesi\u0105cach.<\/p>\n\n\n\n<h2 class=\"wp-block-heading\"><strong>Jak stworzy\u0107 spersonalizowany kalendarz ze zdj\u0119ciem<\/strong><\/h2>\n\n\n\n<p>Tworzenie personalizowanego kalendarza ze zdj\u0119ciem na rok 2024 nie jest trudne. Zacznij od wyboru stylu fotokalendarza, kt\u00f3ry najlepiej pasuje do Twojej estetyki. Mo\u017cesz wybra\u0107 r\u00f3\u017cne formaty, takie jak kalendarz stoj\u0105cy, \u015bcienny, biurkowy, a nawet magnes na lod\u00f3wk\u0119. Nast\u0119pny krok to wyb\u00f3r zdj\u0119\u0107. Wybierz te, kt\u00f3re oddaj\u0105 Twoj\u0105 osobowo\u015b\u0107, pasje lub najwa\u017cniejsze chwile z Twojego \u017cycia. To w\u0142a\u015bnie one stan\u0105 si\u0119 najwa\u017cniejszym elementem Twojego kalendarza ze zdj\u0119ciem na rok 2024.<\/p>\n\n\n\n<p>Gdy ju\u017c wybierzesz zdj\u0119cia, czas na ich uporz\u0105dkowanie. Mo\u017cesz je przypisa\u0107 do konkretnych miesi\u0119cy tak, aby pasowa\u0142y do sezonu, wydarzenia lub nastroju danego okresu. Wiele platform oferuj\u0105cych tworzenie fotokalendarzy pozwala na dodanie do kalendarza indywidualnych notatek, takich jak urodziny, rocznice, czy wa\u017cne terminy. Gdy sko\u0144czysz z projektowaniem, mo\u017cesz zam\u00f3wi\u0107 sw\u00f3j personalizowany kalendarz 2024 bezpo\u015brednio przez internet. Pami\u0119taj, \u017ce fotokalendarze to nie tylko funkcjonalne narz\u0119dzia planowania, ale te\u017c sentymentalny prezent, kt\u00f3ry mo\u017cesz podarowa\u0107 sobie czy bliskim, jako doskona\u0142e podsumowanie mijaj\u0105cego roku pe\u0142nego niezapomnianych chwil.<\/p>\n\n\n\n<h2 class=\"wp-block-heading\"><strong>Najpopularniejsze motywy i pomys\u0142y na zdj\u0119cia<\/strong><\/h2>\n\n\n\n<p>Po decyzji o stworzeniu fotokalendarza 2024 emocjonuj\u0105cym etapem jest wyb\u00f3r w\u0142a\u015bciwego motywu i najlepszych zdj\u0119\u0107 &#8211; te, kt\u00f3re odzwierciedlaj\u0105 wyj\u0105tkowo\u015b\u0107 danego roku i sprawiaj\u0105, \u017ce kalendarz personalizowany na rok 2024 stanie si\u0119 niezast\u0105pion\u0105 cz\u0119\u015bci\u0105 codzienno\u015bci. Najpopularniejsze motywy obejmuj\u0105 zar\u00f3wno prywatne zdj\u0119cia, jak i profesjonalne zdj\u0119cia tematyczne. W przypadku prywatnych zdj\u0119\u0107 cz\u0119sto wybierane s\u0105 momenty z wakacji, uroczysto\u015bci rodzinnych, zdj\u0119cia dzieci czy zwierz\u0105t domowych. \u015awietnym pomys\u0142em s\u0105 tak\u017ce zdj\u0119cia utrwalaj\u0105ce codzienne, ale szcz\u0119\u015bliwe chwile, kt\u00f3re p\u00f3\u017aniej przywo\u0142uj\u0105 mi\u0142e wspomnienia.<\/p>\n\n\n\n<p>Je\u017celi preferujesz tematyczne zdj\u0119cia, mo\u017cesz zawsze skorzysta\u0107 z profesjonalnych fotografii o okre\u015blonej tematyce. Tu zazwyczaj wybierane s\u0105 takie motywy jak krajobrazy, miasta, natura czy sztuka. Ciekawym pomys\u0142em mog\u0105 by\u0107 te\u017c motywy sezonowe, kt\u00f3re zmieniaj\u0105 si\u0119 wraz z kolejnymi miesi\u0105cami, czy te\u017c motywy zwi\u0105zane z Twoimi zainteresowaniami &#8211; mog\u0105 to by\u0107 na przyk\u0142ad fotografie z ulubionych film\u00f3w, ksi\u0105\u017cek, gier komputerowych czy koncert\u00f3w. W ka\u017cdym przypadku pami\u0119taj, \u017ce to Twoje wspomnienia i pasje powinny przewodniczy\u0107 w procesie tworzenia fotokalendarza 2024, by\u015b m\u00f3g\u0142 cieszy\u0107 si\u0119 nim przez ca\u0142y rok, a nie tylko w momencie jego otrzymania.<\/p>\n\n\n\n<h2 class=\"wp-block-heading\"><strong>Jak wykorzysta\u0107 fotokalendarze do dekoracji wn\u0119trz?<\/strong><\/h2>\n\n\n\n<p>Fotokalendarz 2024 to nie tylko funkcjonalne narz\u0119dzie do planowania, ale tak\u017ce doskona\u0142y element dekoracyjny zar\u00f3wno dla domu, jak i biura. Wybranie w\u0142asnych zdj\u0119\u0107 na ka\u017cdy miesi\u0105c pozwala na stworzenie niepowtarzalnego, personalizowanego dodatku, kt\u00f3ry przynosi odrobin\u0119 osobowo\u015bci do wn\u0119trza, dzi\u0119ki czemu kalendarz ze zdj\u0119ciem na rok 2024 jest czym\u015b wi\u0119cej, ni\u017c tylko kalendarzem.<\/p>\n\n\n\n<p>Podczas planowania swojego fotokalendarza 2024, pomy\u015bl nie tylko o zdj\u0119ciach, ale tak\u017ce o tym, jak b\u0119d\u0105 one wygl\u0105da\u0107 w kontek\u015bcie miejsca, w kt\u00f3rym produkt zostanie umieszczony. Zastan\u00f3w si\u0119 nad kolorem \u015bcian, stylu wn\u0119trza i innymi dekoracjami. W ten spos\u00f3b Tw\u00f3j kalendarz mo\u017ce sta\u0107 si\u0119 sp\u00f3jnym elementem dekoracyjnym twojego wn\u0119trza. Je\u015bli Tw\u00f3j dom jest urz\u0105dzony w prostym, minimalistycznym stylu, zdecyduj si\u0119 na czarno-bia\u0142e zdj\u0119cia. Je\u015bli preferujesz bardziej kolorowe dodatki, mo\u017cesz pokusi\u0107 si\u0119 na \u017cywe, kolorowe zdj\u0119cia, kt\u00f3re wprowadz\u0105 \u017cycie do Twojego domu czy biura. Dla jeszcze wi\u0119kszego efektu mo\u017cesz r\u00f3wnie\u017c koordynowa\u0107 zdj\u0119cia z sezonami &#8211; na przyk\u0142ad, jasne i ciep\u0142e zdj\u0119cia na wiosn\u0119 i lato, a nastrojowe i spokojne na jesie\u0144 i zim\u0119. Bez wzgl\u0119du na to, jak podejdziesz do dekorowania swojego wn\u0119trza z wykorzystaniem fotokalendarza, wa\u017cne jest, aby kalendarz odzwierciedla\u0142 Twoje osobiste style i pasje, tworz\u0105c niepowtarzaln\u0105 atmosfer\u0119 we wn\u0119trzu.<\/p>\n\n\n\n<h2 class=\"wp-block-heading\"><strong>Praktyczne aspekty fotokalendarzy \u2013 co warto wiedzie\u0107<\/strong><\/h2>\n\n\n\n<p>Fotokalendarze 2024 zdobywaj\u0105 popularno\u015b\u0107 nie tylko ze wzgl\u0119du na ich unikalny, personalizowany charakter, ale r\u00f3wnie\u017c z uwagi na ich praktyczno\u015b\u0107. Niezale\u017cnie od wybranego formatu, czy to kalendarz \u015bciennej, czy biurkowy, kalendarz ze zdj\u0119ciami pe\u0142ni wiele funkcji w codziennym \u017cyciu:<\/p>\n\n\n\n<ul class=\"wp-block-list\"><li>Zaplanowanie czasu: Jako tradycyjne narz\u0119dzie do organizacji, 2024 kalendarz umo\u017cliwia \u0142atwe trackowanie termin\u00f3w, notowanie wa\u017cnych dat, takich jak urodziny lub rocznice. W ten spos\u00f3b pomaga kontrolowa\u0107 nasze codzienne zadania.<\/li><li>Estetyka i dekoracja: Fotokalendarz jest nie tylko praktycznym dodatkiem, ale r\u00f3wnie\u017c pi\u0119knym elementem dekoracyjnym. Wybrane zdj\u0119cia dodaj\u0105 codziennym kalendarzom unikalnego charakteru i sprawiaj\u0105, \u017ce staj\u0105 si\u0119 istotn\u0105 cz\u0119\u015bci\u0105 wn\u0119trza.<\/li><li>Przypomnienie wa\u017cnych chwil: Kalendarz personalizowany 2024 jest wspania\u0142ym sposobem na zachowanie cennych wspomnie\u0144. Ka\u017cdy miesi\u0105c ods\u0142ania inne zdj\u0119cie, przypominaj\u0105c o wa\u017cnych momentach z naszego \u017cycia.<\/li><li>Inspiracja na co dzie\u0144: Wybrane do kalendarza zdj\u0119cia mog\u0105 dzia\u0142a\u0107 jak codzienne dawki inspiracji, przypominaj\u0105c o naszych pasjach, marzeniach czy celach.<\/li><\/ul>\n\n\n\n<p>Bez wzgl\u0119du na to, jak zamierzasz u\u017cywa\u0107 swojego kalendarza personalizowanego 2024, pami\u0119taj, i\u017c kalendarz ze zdj\u0119ciami to funkcjonalne narz\u0119dzie, kt\u00f3re skutecznie \u0142\u0105czy praktyczno\u015b\u0107 z emocjonalnym aspektem osobistych wspomnie\u0144.<\/p>\n","protected":false},"excerpt":{"rendered":"<p>Czym s\u0105 fotokalendarze i dlaczego warto je wybra\u0107 Fotokalendarze 2024 przynosz\u0105 \u015bwie\u017c\u0105 perspektyw\u0119 na codzienne planowanie i organizowanie czasu. Czym s\u0105 fotokalendarze? To kalendarze, kt\u00f3re \u0142\u0105cz\u0105 w sobie elementy funkcjonalne z osobistym dotykiem &#8211; Twoim w\u0142asnym wyborem zdj\u0119\u0107. To jak kalendarz ze zdj\u0119ciami z Twojego ulubionego miejsca na \u015bwiecie lub z najwa\u017cniejszych moment\u00f3w z twojego \u017cycia. Bez wzgl\u0119du na twoje preferencje, taki kalendarz personalizowany 2024 doskonale wpasuje si\u0119 w twoje [&hellip;]<\/p>\n","protected":false},"author":1,"featured_media":1750,"comment_status":"open","ping_status":"closed","sticky":false,"template":"","format":"image","meta":{"footnotes":""},"categories":[1],"tags":[],"class_list":["post-1749","post","type-post","status-publish","format-image","has-post-thumbnail","hentry","category-bez-kategorii","post_format-post-format-image"],"yoast_head":"<!-- This site is optimized with the Yoast SEO plugin v27.5 - https:\/\/yoast.com\/product\/yoast-seo-wordpress\/ -->\n<title>Kalendarze ze zdj\u0119ciem (fotokalendarze) na rok 2024 - sentymentalny prezent dla bliskich i funkcjonalny gad\u017cet dla Ciebie - Fotobum.pl\/blog<\/title>\n<meta name=\"description\" content=\"Odkryj idealny prezent - fotokalendarz 2024 z Twoimi zdj\u0119ciami. Personalizowany kalendarz zdobi i organizuje Tw\u00f3j czas!\" \/>\n<meta name=\"robots\" content=\"index, follow, max-snippet:-1, max-image-preview:large, max-video-preview:-1\" \/>\n<link rel=\"canonical\" href=\"https:\/\/fotobum.pl\/blog\/kalendarze-ze-zdjeciem-fotokalendarze-na-rok-2024-sentymentalny-prezent-dla-bliskich-i-funkcjonalny-gadzet-dla-ciebie\/\" \/>\n<meta property=\"og:locale\" content=\"pl_PL\" \/>\n<meta property=\"og:type\" content=\"article\" \/>\n<meta property=\"og:title\" content=\"Kalendarze ze zdj\u0119ciem (fotokalendarze) na rok 2024 - sentymentalny prezent dla bliskich i funkcjonalny gad\u017cet dla Ciebie - Fotobum.pl\/blog\" \/>\n<meta property=\"og:description\" content=\"Odkryj idealny prezent - fotokalendarz 2024 z Twoimi zdj\u0119ciami. Personalizowany kalendarz zdobi i organizuje Tw\u00f3j czas!\" \/>\n<meta property=\"og:url\" content=\"https:\/\/fotobum.pl\/blog\/kalendarze-ze-zdjeciem-fotokalendarze-na-rok-2024-sentymentalny-prezent-dla-bliskich-i-funkcjonalny-gadzet-dla-ciebie\/\" \/>\n<meta property=\"og:site_name\" content=\"Fotobum.pl\/blog\" \/>\n<meta property=\"article:published_time\" content=\"2023-12-05T12:34:09+00:00\" \/>\n<meta property=\"article:modified_time\" content=\"2023-12-18T07:14:41+00:00\" \/>\n<meta property=\"og:image\" content=\"https:\/\/fotobum.pl\/blog\/wp-content\/uploads\/2023\/12\/1.-Kalendarze-ze-zdjeciem-fotokalendarze-na-rok-2024-sentymentalny-prezent-dla-bliskich-i-funkcjonalny-gadzet-dla-Ciebie.jpeg\" \/>\n\t<meta property=\"og:image:width\" content=\"1000\" \/>\n\t<meta property=\"og:image:height\" content=\"666\" \/>\n\t<meta property=\"og:image:type\" content=\"image\/jpeg\" \/>\n<meta name=\"author\" content=\"Fotobum\" \/>\n<meta name=\"twitter:card\" content=\"summary_large_image\" \/>\n<meta name=\"twitter:label1\" content=\"Napisane przez\" \/>\n\t<meta name=\"twitter:data1\" content=\"Fotobum\" \/>\n\t<meta name=\"twitter:label2\" content=\"Szacowany czas czytania\" \/>\n\t<meta name=\"twitter:data2\" content=\"4 minuty\" \/>\n<script type=\"application\/ld+json\" class=\"yoast-schema-graph\">{\"@context\":\"https:\\\/\\\/schema.org\",\"@graph\":[{\"@type\":\"Article\",\"@id\":\"https:\\\/\\\/fotobum.pl\\\/blog\\\/kalendarze-ze-zdjeciem-fotokalendarze-na-rok-2024-sentymentalny-prezent-dla-bliskich-i-funkcjonalny-gadzet-dla-ciebie\\\/#article\",\"isPartOf\":{\"@id\":\"https:\\\/\\\/fotobum.pl\\\/blog\\\/kalendarze-ze-zdjeciem-fotokalendarze-na-rok-2024-sentymentalny-prezent-dla-bliskich-i-funkcjonalny-gadzet-dla-ciebie\\\/\"},\"author\":{\"name\":\"Fotobum\",\"@id\":\"https:\\\/\\\/fotobum.pl\\\/blog\\\/#\\\/schema\\\/person\\\/edd15ac5cab48171e1f2a38698c7e536\"},\"headline\":\"Kalendarze ze zdj\u0119ciem (fotokalendarze) na rok 2024 &#8211; sentymentalny prezent dla bliskich i funkcjonalny gad\u017cet dla Ciebie\",\"datePublished\":\"2023-12-05T12:34:09+00:00\",\"dateModified\":\"2023-12-18T07:14:41+00:00\",\"mainEntityOfPage\":{\"@id\":\"https:\\\/\\\/fotobum.pl\\\/blog\\\/kalendarze-ze-zdjeciem-fotokalendarze-na-rok-2024-sentymentalny-prezent-dla-bliskich-i-funkcjonalny-gadzet-dla-ciebie\\\/\"},\"wordCount\":1044,\"commentCount\":0,\"publisher\":{\"@id\":\"https:\\\/\\\/fotobum.pl\\\/blog\\\/#organization\"},\"image\":{\"@id\":\"https:\\\/\\\/fotobum.pl\\\/blog\\\/kalendarze-ze-zdjeciem-fotokalendarze-na-rok-2024-sentymentalny-prezent-dla-bliskich-i-funkcjonalny-gadzet-dla-ciebie\\\/#primaryimage\"},\"thumbnailUrl\":\"https:\\\/\\\/fotobum.pl\\\/blog\\\/wp-content\\\/uploads\\\/2023\\\/12\\\/1.-Kalendarze-ze-zdjeciem-fotokalendarze-na-rok-2024-sentymentalny-prezent-dla-bliskich-i-funkcjonalny-gadzet-dla-Ciebie.jpeg\",\"inLanguage\":\"pl-PL\",\"potentialAction\":[{\"@type\":\"CommentAction\",\"name\":\"Comment\",\"target\":[\"https:\\\/\\\/fotobum.pl\\\/blog\\\/kalendarze-ze-zdjeciem-fotokalendarze-na-rok-2024-sentymentalny-prezent-dla-bliskich-i-funkcjonalny-gadzet-dla-ciebie\\\/#respond\"]}]},{\"@type\":\"WebPage\",\"@id\":\"https:\\\/\\\/fotobum.pl\\\/blog\\\/kalendarze-ze-zdjeciem-fotokalendarze-na-rok-2024-sentymentalny-prezent-dla-bliskich-i-funkcjonalny-gadzet-dla-ciebie\\\/\",\"url\":\"https:\\\/\\\/fotobum.pl\\\/blog\\\/kalendarze-ze-zdjeciem-fotokalendarze-na-rok-2024-sentymentalny-prezent-dla-bliskich-i-funkcjonalny-gadzet-dla-ciebie\\\/\",\"name\":\"Kalendarze ze zdj\u0119ciem (fotokalendarze) na rok 2024 - sentymentalny prezent dla bliskich i funkcjonalny gad\u017cet dla Ciebie - Fotobum.pl\\\/blog\",\"isPartOf\":{\"@id\":\"https:\\\/\\\/fotobum.pl\\\/blog\\\/#website\"},\"primaryImageOfPage\":{\"@id\":\"https:\\\/\\\/fotobum.pl\\\/blog\\\/kalendarze-ze-zdjeciem-fotokalendarze-na-rok-2024-sentymentalny-prezent-dla-bliskich-i-funkcjonalny-gadzet-dla-ciebie\\\/#primaryimage\"},\"image\":{\"@id\":\"https:\\\/\\\/fotobum.pl\\\/blog\\\/kalendarze-ze-zdjeciem-fotokalendarze-na-rok-2024-sentymentalny-prezent-dla-bliskich-i-funkcjonalny-gadzet-dla-ciebie\\\/#primaryimage\"},\"thumbnailUrl\":\"https:\\\/\\\/fotobum.pl\\\/blog\\\/wp-content\\\/uploads\\\/2023\\\/12\\\/1.-Kalendarze-ze-zdjeciem-fotokalendarze-na-rok-2024-sentymentalny-prezent-dla-bliskich-i-funkcjonalny-gadzet-dla-Ciebie.jpeg\",\"datePublished\":\"2023-12-05T12:34:09+00:00\",\"dateModified\":\"2023-12-18T07:14:41+00:00\",\"description\":\"Odkryj idealny prezent - fotokalendarz 2024 z Twoimi zdj\u0119ciami. Personalizowany kalendarz zdobi i organizuje Tw\u00f3j czas!\",\"breadcrumb\":{\"@id\":\"https:\\\/\\\/fotobum.pl\\\/blog\\\/kalendarze-ze-zdjeciem-fotokalendarze-na-rok-2024-sentymentalny-prezent-dla-bliskich-i-funkcjonalny-gadzet-dla-ciebie\\\/#breadcrumb\"},\"inLanguage\":\"pl-PL\",\"potentialAction\":[{\"@type\":\"ReadAction\",\"target\":[\"https:\\\/\\\/fotobum.pl\\\/blog\\\/kalendarze-ze-zdjeciem-fotokalendarze-na-rok-2024-sentymentalny-prezent-dla-bliskich-i-funkcjonalny-gadzet-dla-ciebie\\\/\"]}]},{\"@type\":\"ImageObject\",\"inLanguage\":\"pl-PL\",\"@id\":\"https:\\\/\\\/fotobum.pl\\\/blog\\\/kalendarze-ze-zdjeciem-fotokalendarze-na-rok-2024-sentymentalny-prezent-dla-bliskich-i-funkcjonalny-gadzet-dla-ciebie\\\/#primaryimage\",\"url\":\"https:\\\/\\\/fotobum.pl\\\/blog\\\/wp-content\\\/uploads\\\/2023\\\/12\\\/1.-Kalendarze-ze-zdjeciem-fotokalendarze-na-rok-2024-sentymentalny-prezent-dla-bliskich-i-funkcjonalny-gadzet-dla-Ciebie.jpeg\",\"contentUrl\":\"https:\\\/\\\/fotobum.pl\\\/blog\\\/wp-content\\\/uploads\\\/2023\\\/12\\\/1.-Kalendarze-ze-zdjeciem-fotokalendarze-na-rok-2024-sentymentalny-prezent-dla-bliskich-i-funkcjonalny-gadzet-dla-Ciebie.jpeg\",\"width\":1000,\"height\":666},{\"@type\":\"BreadcrumbList\",\"@id\":\"https:\\\/\\\/fotobum.pl\\\/blog\\\/kalendarze-ze-zdjeciem-fotokalendarze-na-rok-2024-sentymentalny-prezent-dla-bliskich-i-funkcjonalny-gadzet-dla-ciebie\\\/#breadcrumb\",\"itemListElement\":[{\"@type\":\"ListItem\",\"position\":1,\"name\":\"Home\",\"item\":\"https:\\\/\\\/fotobum.pl\\\/blog\\\/\"},{\"@type\":\"ListItem\",\"position\":2,\"name\":\"Kalendarze ze zdj\u0119ciem (fotokalendarze) na rok 2024 &#8211; sentymentalny prezent dla bliskich i funkcjonalny gad\u017cet dla Ciebie\"}]},{\"@type\":\"WebSite\",\"@id\":\"https:\\\/\\\/fotobum.pl\\\/blog\\\/#website\",\"url\":\"https:\\\/\\\/fotobum.pl\\\/blog\\\/\",\"name\":\"Fotobum.pl\\\/blog\",\"description\":\"Personalizowane produkty\",\"publisher\":{\"@id\":\"https:\\\/\\\/fotobum.pl\\\/blog\\\/#organization\"},\"potentialAction\":[{\"@type\":\"SearchAction\",\"target\":{\"@type\":\"EntryPoint\",\"urlTemplate\":\"https:\\\/\\\/fotobum.pl\\\/blog\\\/?s={search_term_string}\"},\"query-input\":{\"@type\":\"PropertyValueSpecification\",\"valueRequired\":true,\"valueName\":\"search_term_string\"}}],\"inLanguage\":\"pl-PL\"},{\"@type\":\"Organization\",\"@id\":\"https:\\\/\\\/fotobum.pl\\\/blog\\\/#organization\",\"name\":\"Fotobum.pl\\\/blog\",\"url\":\"https:\\\/\\\/fotobum.pl\\\/blog\\\/\",\"logo\":{\"@type\":\"ImageObject\",\"inLanguage\":\"pl-PL\",\"@id\":\"https:\\\/\\\/fotobum.pl\\\/blog\\\/#\\\/schema\\\/logo\\\/image\\\/\",\"url\":\"https:\\\/\\\/fotobum.pl\\\/blog\\\/wp-content\\\/uploads\\\/2019\\\/07\\\/cropped-fotobum_logo.png\",\"contentUrl\":\"https:\\\/\\\/fotobum.pl\\\/blog\\\/wp-content\\\/uploads\\\/2019\\\/07\\\/cropped-fotobum_logo.png\",\"width\":210,\"height\":67,\"caption\":\"Fotobum.pl\\\/blog\"},\"image\":{\"@id\":\"https:\\\/\\\/fotobum.pl\\\/blog\\\/#\\\/schema\\\/logo\\\/image\\\/\"}},{\"@type\":\"Person\",\"@id\":\"https:\\\/\\\/fotobum.pl\\\/blog\\\/#\\\/schema\\\/person\\\/edd15ac5cab48171e1f2a38698c7e536\",\"name\":\"Fotobum\",\"image\":{\"@type\":\"ImageObject\",\"inLanguage\":\"pl-PL\",\"@id\":\"https:\\\/\\\/secure.gravatar.com\\\/avatar\\\/24b02673ce1161ec1d040a52860847d95f3f1246c5c811d20ea28738a8986c7e?s=96&d=mm&r=g\",\"url\":\"https:\\\/\\\/secure.gravatar.com\\\/avatar\\\/24b02673ce1161ec1d040a52860847d95f3f1246c5c811d20ea28738a8986c7e?s=96&d=mm&r=g\",\"contentUrl\":\"https:\\\/\\\/secure.gravatar.com\\\/avatar\\\/24b02673ce1161ec1d040a52860847d95f3f1246c5c811d20ea28738a8986c7e?s=96&d=mm&r=g\",\"caption\":\"Fotobum\"},\"url\":\"https:\\\/\\\/fotobum.pl\\\/blog\\\/author\\\/admin\\\/\"}]}<\/script>\n<!-- \/ Yoast SEO plugin. -->","yoast_head_json":{"title":"Kalendarze ze zdj\u0119ciem (fotokalendarze) na rok 2024 - sentymentalny prezent dla bliskich i funkcjonalny gad\u017cet dla Ciebie - Fotobum.pl\/blog","description":"Odkryj idealny prezent - fotokalendarz 2024 z Twoimi zdj\u0119ciami. Personalizowany kalendarz zdobi i organizuje Tw\u00f3j czas!","robots":{"index":"index","follow":"follow","max-snippet":"max-snippet:-1","max-image-preview":"max-image-preview:large","max-video-preview":"max-video-preview:-1"},"canonical":"https:\/\/fotobum.pl\/blog\/kalendarze-ze-zdjeciem-fotokalendarze-na-rok-2024-sentymentalny-prezent-dla-bliskich-i-funkcjonalny-gadzet-dla-ciebie\/","og_locale":"pl_PL","og_type":"article","og_title":"Kalendarze ze zdj\u0119ciem (fotokalendarze) na rok 2024 - sentymentalny prezent dla bliskich i funkcjonalny gad\u017cet dla Ciebie - Fotobum.pl\/blog","og_description":"Odkryj idealny prezent - fotokalendarz 2024 z Twoimi zdj\u0119ciami. Personalizowany kalendarz zdobi i organizuje Tw\u00f3j czas!","og_url":"https:\/\/fotobum.pl\/blog\/kalendarze-ze-zdjeciem-fotokalendarze-na-rok-2024-sentymentalny-prezent-dla-bliskich-i-funkcjonalny-gadzet-dla-ciebie\/","og_site_name":"Fotobum.pl\/blog","article_published_time":"2023-12-05T12:34:09+00:00","article_modified_time":"2023-12-18T07:14:41+00:00","og_image":[{"width":1000,"height":666,"url":"https:\/\/fotobum.pl\/blog\/wp-content\/uploads\/2023\/12\/1.-Kalendarze-ze-zdjeciem-fotokalendarze-na-rok-2024-sentymentalny-prezent-dla-bliskich-i-funkcjonalny-gadzet-dla-Ciebie.jpeg","type":"image\/jpeg"}],"author":"Fotobum","twitter_card":"summary_large_image","twitter_misc":{"Napisane przez":"Fotobum","Szacowany czas czytania":"4 minuty"},"schema":{"@context":"https:\/\/schema.org","@graph":[{"@type":"Article","@id":"https:\/\/fotobum.pl\/blog\/kalendarze-ze-zdjeciem-fotokalendarze-na-rok-2024-sentymentalny-prezent-dla-bliskich-i-funkcjonalny-gadzet-dla-ciebie\/#article","isPartOf":{"@id":"https:\/\/fotobum.pl\/blog\/kalendarze-ze-zdjeciem-fotokalendarze-na-rok-2024-sentymentalny-prezent-dla-bliskich-i-funkcjonalny-gadzet-dla-ciebie\/"},"author":{"name":"Fotobum","@id":"https:\/\/fotobum.pl\/blog\/#\/schema\/person\/edd15ac5cab48171e1f2a38698c7e536"},"headline":"Kalendarze ze zdj\u0119ciem (fotokalendarze) na rok 2024 &#8211; sentymentalny prezent dla bliskich i funkcjonalny gad\u017cet dla Ciebie","datePublished":"2023-12-05T12:34:09+00:00","dateModified":"2023-12-18T07:14:41+00:00","mainEntityOfPage":{"@id":"https:\/\/fotobum.pl\/blog\/kalendarze-ze-zdjeciem-fotokalendarze-na-rok-2024-sentymentalny-prezent-dla-bliskich-i-funkcjonalny-gadzet-dla-ciebie\/"},"wordCount":1044,"commentCount":0,"publisher":{"@id":"https:\/\/fotobum.pl\/blog\/#organization"},"image":{"@id":"https:\/\/fotobum.pl\/blog\/kalendarze-ze-zdjeciem-fotokalendarze-na-rok-2024-sentymentalny-prezent-dla-bliskich-i-funkcjonalny-gadzet-dla-ciebie\/#primaryimage"},"thumbnailUrl":"https:\/\/fotobum.pl\/blog\/wp-content\/uploads\/2023\/12\/1.-Kalendarze-ze-zdjeciem-fotokalendarze-na-rok-2024-sentymentalny-prezent-dla-bliskich-i-funkcjonalny-gadzet-dla-Ciebie.jpeg","inLanguage":"pl-PL","potentialAction":[{"@type":"CommentAction","name":"Comment","target":["https:\/\/fotobum.pl\/blog\/kalendarze-ze-zdjeciem-fotokalendarze-na-rok-2024-sentymentalny-prezent-dla-bliskich-i-funkcjonalny-gadzet-dla-ciebie\/#respond"]}]},{"@type":"WebPage","@id":"https:\/\/fotobum.pl\/blog\/kalendarze-ze-zdjeciem-fotokalendarze-na-rok-2024-sentymentalny-prezent-dla-bliskich-i-funkcjonalny-gadzet-dla-ciebie\/","url":"https:\/\/fotobum.pl\/blog\/kalendarze-ze-zdjeciem-fotokalendarze-na-rok-2024-sentymentalny-prezent-dla-bliskich-i-funkcjonalny-gadzet-dla-ciebie\/","name":"Kalendarze ze zdj\u0119ciem (fotokalendarze) na rok 2024 - sentymentalny prezent dla bliskich i funkcjonalny gad\u017cet dla Ciebie - Fotobum.pl\/blog","isPartOf":{"@id":"https:\/\/fotobum.pl\/blog\/#website"},"primaryImageOfPage":{"@id":"https:\/\/fotobum.pl\/blog\/kalendarze-ze-zdjeciem-fotokalendarze-na-rok-2024-sentymentalny-prezent-dla-bliskich-i-funkcjonalny-gadzet-dla-ciebie\/#primaryimage"},"image":{"@id":"https:\/\/fotobum.pl\/blog\/kalendarze-ze-zdjeciem-fotokalendarze-na-rok-2024-sentymentalny-prezent-dla-bliskich-i-funkcjonalny-gadzet-dla-ciebie\/#primaryimage"},"thumbnailUrl":"https:\/\/fotobum.pl\/blog\/wp-content\/uploads\/2023\/12\/1.-Kalendarze-ze-zdjeciem-fotokalendarze-na-rok-2024-sentymentalny-prezent-dla-bliskich-i-funkcjonalny-gadzet-dla-Ciebie.jpeg","datePublished":"2023-12-05T12:34:09+00:00","dateModified":"2023-12-18T07:14:41+00:00","description":"Odkryj idealny prezent - fotokalendarz 2024 z Twoimi zdj\u0119ciami. Personalizowany kalendarz zdobi i organizuje Tw\u00f3j czas!","breadcrumb":{"@id":"https:\/\/fotobum.pl\/blog\/kalendarze-ze-zdjeciem-fotokalendarze-na-rok-2024-sentymentalny-prezent-dla-bliskich-i-funkcjonalny-gadzet-dla-ciebie\/#breadcrumb"},"inLanguage":"pl-PL","potentialAction":[{"@type":"ReadAction","target":["https:\/\/fotobum.pl\/blog\/kalendarze-ze-zdjeciem-fotokalendarze-na-rok-2024-sentymentalny-prezent-dla-bliskich-i-funkcjonalny-gadzet-dla-ciebie\/"]}]},{"@type":"ImageObject","inLanguage":"pl-PL","@id":"https:\/\/fotobum.pl\/blog\/kalendarze-ze-zdjeciem-fotokalendarze-na-rok-2024-sentymentalny-prezent-dla-bliskich-i-funkcjonalny-gadzet-dla-ciebie\/#primaryimage","url":"https:\/\/fotobum.pl\/blog\/wp-content\/uploads\/2023\/12\/1.-Kalendarze-ze-zdjeciem-fotokalendarze-na-rok-2024-sentymentalny-prezent-dla-bliskich-i-funkcjonalny-gadzet-dla-Ciebie.jpeg","contentUrl":"https:\/\/fotobum.pl\/blog\/wp-content\/uploads\/2023\/12\/1.-Kalendarze-ze-zdjeciem-fotokalendarze-na-rok-2024-sentymentalny-prezent-dla-bliskich-i-funkcjonalny-gadzet-dla-Ciebie.jpeg","width":1000,"height":666},{"@type":"BreadcrumbList","@id":"https:\/\/fotobum.pl\/blog\/kalendarze-ze-zdjeciem-fotokalendarze-na-rok-2024-sentymentalny-prezent-dla-bliskich-i-funkcjonalny-gadzet-dla-ciebie\/#breadcrumb","itemListElement":[{"@type":"ListItem","position":1,"name":"Home","item":"https:\/\/fotobum.pl\/blog\/"},{"@type":"ListItem","position":2,"name":"Kalendarze ze zdj\u0119ciem (fotokalendarze) na rok 2024 &#8211; sentymentalny prezent dla bliskich i funkcjonalny gad\u017cet dla Ciebie"}]},{"@type":"WebSite","@id":"https:\/\/fotobum.pl\/blog\/#website","url":"https:\/\/fotobum.pl\/blog\/","name":"Fotobum.pl\/blog","description":"Personalizowane produkty","publisher":{"@id":"https:\/\/fotobum.pl\/blog\/#organization"},"potentialAction":[{"@type":"SearchAction","target":{"@type":"EntryPoint","urlTemplate":"https:\/\/fotobum.pl\/blog\/?s={search_term_string}"},"query-input":{"@type":"PropertyValueSpecification","valueRequired":true,"valueName":"search_term_string"}}],"inLanguage":"pl-PL"},{"@type":"Organization","@id":"https:\/\/fotobum.pl\/blog\/#organization","name":"Fotobum.pl\/blog","url":"https:\/\/fotobum.pl\/blog\/","logo":{"@type":"ImageObject","inLanguage":"pl-PL","@id":"https:\/\/fotobum.pl\/blog\/#\/schema\/logo\/image\/","url":"https:\/\/fotobum.pl\/blog\/wp-content\/uploads\/2019\/07\/cropped-fotobum_logo.png","contentUrl":"https:\/\/fotobum.pl\/blog\/wp-content\/uploads\/2019\/07\/cropped-fotobum_logo.png","width":210,"height":67,"caption":"Fotobum.pl\/blog"},"image":{"@id":"https:\/\/fotobum.pl\/blog\/#\/schema\/logo\/image\/"}},{"@type":"Person","@id":"https:\/\/fotobum.pl\/blog\/#\/schema\/person\/edd15ac5cab48171e1f2a38698c7e536","name":"Fotobum","image":{"@type":"ImageObject","inLanguage":"pl-PL","@id":"https:\/\/secure.gravatar.com\/avatar\/24b02673ce1161ec1d040a52860847d95f3f1246c5c811d20ea28738a8986c7e?s=96&d=mm&r=g","url":"https:\/\/secure.gravatar.com\/avatar\/24b02673ce1161ec1d040a52860847d95f3f1246c5c811d20ea28738a8986c7e?s=96&d=mm&r=g","contentUrl":"https:\/\/secure.gravatar.com\/avatar\/24b02673ce1161ec1d040a52860847d95f3f1246c5c811d20ea28738a8986c7e?s=96&d=mm&r=g","caption":"Fotobum"},"url":"https:\/\/fotobum.pl\/blog\/author\/admin\/"}]}},"_links":{"self":[{"href":"https:\/\/fotobum.pl\/blog\/wp-json\/wp\/v2\/posts\/1749","targetHints":{"allow":["GET"]}}],"collection":[{"href":"https:\/\/fotobum.pl\/blog\/wp-json\/wp\/v2\/posts"}],"about":[{"href":"https:\/\/fotobum.pl\/blog\/wp-json\/wp\/v2\/types\/post"}],"author":[{"embeddable":true,"href":"https:\/\/fotobum.pl\/blog\/wp-json\/wp\/v2\/users\/1"}],"replies":[{"embeddable":true,"href":"https:\/\/fotobum.pl\/blog\/wp-json\/wp\/v2\/comments?post=1749"}],"version-history":[{"count":2,"href":"https:\/\/fotobum.pl\/blog\/wp-json\/wp\/v2\/posts\/1749\/revisions"}],"predecessor-version":[{"id":1801,"href":"https:\/\/fotobum.pl\/blog\/wp-json\/wp\/v2\/posts\/1749\/revisions\/1801"}],"wp:featuredmedia":[{"embeddable":true,"href":"https:\/\/fotobum.pl\/blog\/wp-json\/wp\/v2\/media\/1750"}],"wp:attachment":[{"href":"https:\/\/fotobum.pl\/blog\/wp-json\/wp\/v2\/media?parent=1749"}],"wp:term":[{"taxonomy":"category","embeddable":true,"href":"https:\/\/fotobum.pl\/blog\/wp-json\/wp\/v2\/categories?post=1749"},{"taxonomy":"post_tag","embeddable":true,"href":"https:\/\/fotobum.pl\/blog\/wp-json\/wp\/v2\/tags?post=1749"}],"curies":[{"name":"wp","href":"https:\/\/api.w.org\/{rel}","templated":true}]}}