{"id":1652,"date":"2023-07-03T11:48:21","date_gmt":"2023-07-03T09:48:21","guid":{"rendered":"https:\/\/fotobum.pl\/blog\/?p=1652"},"modified":"2023-07-03T11:48:23","modified_gmt":"2023-07-03T09:48:23","slug":"5-pomyslow-na-personalizowany-prezent-z-okazji-rocznicy-slubu-wyraz-swoja-milosc","status":"publish","type":"post","link":"https:\/\/fotobum.pl\/blog\/5-pomyslow-na-personalizowany-prezent-z-okazji-rocznicy-slubu-wyraz-swoja-milosc\/","title":{"rendered":"5 pomys\u0142\u00f3w na personalizowany prezent z okazji rocznicy \u015blubu &#8211; wyra\u017a swoj\u0105 mi\u0142o\u015b\u0107"},"content":{"rendered":"\n\n\n<p>Zbli\u017ca si\u0119 rocznica \u015blubu, a Ty chcesz wyrazi\u0107 swoj\u0105 mi\u0142o\u015b\u0107 w niezwyk\u0142y spos\u00f3b? Mamy dla Ciebie 5 pomys\u0142\u00f3w na personalizowany prezent, dzi\u0119ki kt\u00f3rym z pewno\u015bci\u0105 znajdziesz wyj\u0105tkowy upominek dla ukochanej osoby.<\/p>\n\n\n\n<p><strong>Personalizowany prezent na rocznic\u0119 \u015blubu<\/strong> to nie tylko wyraz mi\u0142o\u015bci, ale tak\u017ce unikalna pami\u0105tka, kt\u00f3ra b\u0119dzie Wam przypomina\u0107 o wsp\u00f3lnie sp\u0119dzonych chwilach. To doskona\u0142y spos\u00f3b, aby podzieli\u0107 si\u0119 emocjami i powr\u00f3ci\u0107 do wspomnie\u0144 pe\u0142nych rado\u015bci i wzrusze\u0144. Niezale\u017cnie od tego, jaki personalizowany prezent na rocznic\u0119 \u015blubu wybierzesz, wa\u017cne jest, aby by\u0142 on wyj\u0105tkowy i odzwierciedla\u0142 Wasz\u0105 mi\u0142o\u015b\u0107.&nbsp;<\/p>\n\n\n\n<ul class=\"wp-block-list\"><li>Zaprojektuj oryginaln\u0105 fotoksi\u0105\u017ck\u0119, w kt\u00f3rej umie\u015bcisz Wasze najpi\u0119kniejsze wspomnienia<\/li><li>Niech ka\u017cdy dzie\u0144 b\u0119dzie jeszcze bardziej wyj\u0105tkowy &#8211; postaw na fotokalendarz z Waszymi zdj\u0119ciami<\/li><li>Fotopuzzle &#8211; idealny prezent dla fan\u00f3w uk\u0142adanek&nbsp;<\/li><li>Zdj\u0119cie na szkle akrylowym &#8211; pi\u0119kna pami\u0105tka i ozdoba ka\u017cdego wn\u0119trza<\/li><li>Obraz ze zdj\u0119ciem &#8211; wyj\u0105tkowy pomys\u0142 na estetyczny prezent!<\/li><\/ul>\n\n\n\n<h2 class=\"wp-block-heading\">Wyj\u0105tkowy personalizowany prezent na rocznic\u0119 \u015blubu &#8211; fotoksi\u0105\u017cka!<\/h2>\n\n\n\n<p>Czy szukasz wyj\u0105tkowego<strong> personalizowanego prezentu na rocznic\u0119 \u015blubu<\/strong>, kt\u00f3ry b\u0119dzie wype\u0142niony mi\u0142o\u015bci\u0105 i wspomnieniami? Nasza <a href=\"https:\/\/fotobum.pl\/kategoria\/1077-fotoksiazki?sort=newest\">fotoksi\u0105\u017cka<\/a> to idealne rozwi\u0105zanie!<\/p>\n\n\n\n<p><strong>Personalizowany prezent na rocznic\u0119 \u015blubu <\/strong>to nie tylko zwyk\u0142y upominek, ale wyraz Twojej mi\u0142o\u015bci do ukochanej osoby. Fotoksi\u0105\u017cka pozwala na stworzenie niepowtarzalnego albumu, w kt\u00f3rym zebrane zostan\u0105 najpi\u0119kniejsze wspomnienia z Waszego wsp\u00f3lnego \u017cycia. To idealny spos\u00f3b, aby powr\u00f3ci\u0107 do chwil pe\u0142nych rado\u015bci, wzrusze\u0144 i mi\u0142o\u015bci.<\/p>\n\n\n\n<p>Oferujemy wiele<strong> pomys\u0142\u00f3w na prezent dla ma\u0142\u017conk\u00f3w<\/strong>, ale to w\u0142a\u015bnie fotoksi\u0105\u017cka cieszy si\u0119 najwi\u0119ksz\u0105 popularno\u015bci\u0105. Mo\u017cesz samodzielnie zaprojektowa\u0107 uk\u0142ad stron, dodaj\u0105c swoje ulubione zdj\u0119cia, opisy, cytaty czy nawet w\u0142asne notatki. Mo\u017cliwo\u015bci personalizacji s\u0105 nieograniczone, dzi\u0119ki czemu stworzysz album, kt\u00f3ry idealnie odzwierciedla Wasz\u0105 mi\u0142o\u015b\u0107 i wsp\u00f3lne do\u015bwiadczenia.<\/p>\n\n\n\n<p><strong>Wyj\u0105tkowy upominek dla ukochanej osoby<\/strong> nie musi by\u0107 skomplikowany. Fotoksi\u0105\u017cka to prosty, a zarazem pi\u0119kny spos\u00f3b na wyra\u017cenie swoich uczu\u0107. Mo\u017cesz zawrze\u0107 w niej wszystkie wa\u017cne momenty Waszego zwi\u0105zku &#8211; od pierwszej randki, przez \u015blub, po wsp\u00f3lne podr\u00f3\u017ce i rodzinne chwile. Ka\u017cda strona b\u0119dzie przypomina\u0142a o Waszych wsp\u00f3lnych celach, marzeniach i sukcesach.<\/p>\n\n\n\n<h2 class=\"wp-block-heading\">Oryginalny pomys\u0142 na prezent dla ma\u0142\u017conk\u00f3w w ich rocznic\u0119 &#8211; samodzielnie zaprojektowany fotokalendarz<\/h2>\n\n\n\n<p>Szukasz oryginalnego<strong> pomys\u0142u na prezent dla ma\u0142\u017conk\u00f3w<\/strong> w ich rocznic\u0119 \u015blubu? Mamy dla Ciebie idealne rozwi\u0105zanie &#8211; samodzielnie zaprojektowany<a href=\"https:\/\/fotobum.pl\/kategoria\/106-fotokalendarze?sort=newest\"> fotokalendarz<\/a>!<\/p>\n\n\n\n<p><strong>Personalizowany prezent na rocznic\u0119 \u015blubu<\/strong> to wyj\u0105tkowy spos\u00f3b na wyra\u017cenie swoich uczu\u0107. Fotokalendarz stworzony z Waszych wsp\u00f3lnych fotografii, to nie tylko praktyczny przedmiot, ale tak\u017ce pi\u0119kna pami\u0105tka, kt\u00f3ra b\u0119dzie towarzyszy\u0107 Wam przez ca\u0142y rok.<\/p>\n\n\n\n<p>W naszej ofercie znajdziesz wiele <strong>pomys\u0142\u00f3w na prezent dla ma\u0142\u017conk\u00f3w<\/strong>, ale fotokalendarz to wyj\u0105tkowy upominek dla ukochanej osoby. Mo\u017cesz samodzielnie zaprojektowa\u0107 ka\u017cd\u0105 stron\u0119, wybieraj\u0105c ulubione zdj\u0119cia i dodaj\u0105c osobiste notatki, wa\u017cne daty, czy nawet romantyczne fragmenty wierszy. Ka\u017cdy miesi\u0105c b\u0119dzie ozdobiony pi\u0119knymi wspomnieniami, kt\u00f3re b\u0119d\u0105 przywo\u0142ywa\u0107 u\u015bmiech i wzmacnia\u0107 wi\u0119\u017a mi\u0119dzy Wami.<\/p>\n\n\n\n<p>Zam\u00f3w teraz samodzielnie zaprojektowany fotokalendarz i spraw, aby Wasza rocznica \u015blubu by\u0142a jeszcze bardziej wyj\u0105tkowa.&nbsp;<\/p>\n\n\n\n<h2 class=\"wp-block-heading\">Zabawa i pami\u0105tka w jednym &#8211; postaw na fotopuzzle&nbsp;<\/h2>\n\n\n\n<p>Je\u015bli szukasz wyj\u0105tkowego prezentu na rocznic\u0119 \u015blubu, kt\u00f3ry \u0142\u0105czy w sobie zabaw\u0119 i warto\u015b\u0107 sentymentaln\u0105, postaw na fotopuzzle!<\/p>\n\n\n\n<p>Fotopuzzle to<strong> personalizowany prezent na rocznic\u0119 \u015blubu<\/strong>, kt\u00f3ry \u0142\u0105czy rado\u015b\u0107 uk\u0142adania puzzli z pi\u0119kn\u0105 pami\u0105tk\u0105. Mo\u017cesz wybra\u0107 swoje ulubione zdj\u0119cie, kt\u00f3re najlepiej Was opisuje, a nast\u0119pnie zamieni\u0107 je w wyj\u0105tkowy upominek dla ukochanej osoby.<\/p>\n\n\n\n<p>To nie tylko puzzle, to tak\u017ce<strong> pomys\u0142 na prezent dla ma\u0142\u017conk\u00f3w<\/strong>, kt\u00f3ry pozwoli Wam sp\u0119dzi\u0107 czas razem, wsp\u00f3lnie uk\u0142adaj\u0105c obrazek i odkrywaj\u0105c kolejne fragmenty Waszych pi\u0119knych wspomnie\u0144. Fotopuzzle &#8211; to nie tylko zwyk\u0142y upominek, ale tak\u017ce pi\u0119kna pami\u0105tka, kt\u00f3ra b\u0119dzie towarzyszy\u0107 Wam przez d\u0142ugie lata. Gotowy obrazek mo\u017cecie umie\u015bci\u0107 w antyramie i ozdobi\u0107 nim wn\u0119trze.<\/p>\n\n\n\n<h2 class=\"wp-block-heading\">Wyj\u0105tkowy upominek dla&nbsp; ukochanej osoby &#8211; zdjecie na szkle akrylowym&nbsp;<\/h2>\n\n\n\n<p>Szukasz <strong>wyj\u0105tkowego upominku dla ukochanej osoby<\/strong>, kt\u00f3ry po\u0142\u0105czy pi\u0119kno fotografii z elegancj\u0105? Zdj\u0119cie na szkle akrylowym to idealne rozwi\u0105zanie!<\/p>\n\n\n\n<p>To personalizowany prezent na rocznic\u0119 \u015blubu, kt\u00f3ry zachwyci Twoj\u0105 drug\u0105 po\u0142ow\u0119. Zdj\u0119cie na szkle akrylowym to nie tylko fotograficzna pami\u0105tka, ale tak\u017ce wyj\u0105tkowe dzie\u0142o sztuki, kt\u00f3re ozdobi ka\u017cde wn\u0119trze. Efekt g\u0142\u0119bi i blasku, jaki daje szk\u0142o akrylowe, \u015bwietnie dopasuje si\u0119 do wygl\u0105du ka\u017cdego wn\u0119trza.&nbsp;<\/p>\n\n\n\n<p>Mo\u017cesz wybra\u0107 Wasze wsp\u00f3lne zdj\u0119cie, kt\u00f3re najlepiej oddaje Wasz\u0105 mi\u0142o\u015b\u0107 i zwi\u0105zek, a nast\u0119pnie zamieni\u0107 je w unikalny upominek. Zdj\u0119cie na szkle akrylowym to nie tylko prezent, to tak\u017ce wyraz Waszej mi\u0142o\u015bci i troski o szczeg\u00f3\u0142y.&nbsp;<\/p>\n\n\n\n<h2 class=\"wp-block-heading\">Szukasz prezentu na rocznic\u0119? Postaw na pi\u0119kny obraz ze zdj\u0119ciem!&nbsp;<\/h2>\n\n\n\n<p>Chcesz podarowa\u0107 swojej drugiej po\u0142owie co\u015b naprawd\u0119 wyj\u0105tkowego? Postaw na pi\u0119kny <a href=\"https:\/\/fotobum.pl\/kategoria\/1054-obrazy-ze-zdjeciem?sort=newest\">obraz ze zdj\u0119ciem<\/a>!<\/p>\n\n\n\n<p>To <strong>personalizowany prezent na rocznic\u0119 \u015blubu<\/strong>, dzi\u0119ki kt\u00f3remu zyskasz wyj\u0105tkow\u0105 okazj\u0119 do wyra\u017cenia swojej mi\u0142o\u015b\u0107 i uczu\u0107. Przekszta\u0142\u0107 Wasze ulubione zdj\u0119cie w pi\u0119kny obraz, kt\u00f3ry b\u0119dzie idealnym dodatkiem do Waszego wn\u0119trza i jednocze\u015bnie symbolicznym wyrazem Waszej mi\u0142o\u015bci.<\/p>\n\n\n\n<p>Je\u015bli szukasz<strong> pomys\u0142u na prezent dla ma\u0142\u017conk\u00f3w<\/strong>, obraz ze zdj\u0119ciem to doskona\u0142y wyb\u00f3r. Mo\u017cesz wybra\u0107 fotografi\u0119, na kt\u00f3rej uchwyci\u0142e\u015b pi\u0119kne wsp\u00f3lne chwile i emocje. Nast\u0119pnie zam\u00f3w personalizowany obraz, kt\u00f3ry stanie si\u0119 nie tylko dekoracj\u0105, ale tak\u017ce pi\u0119kn\u0105 pami\u0105tk\u0105.<\/p>\n\n\n\n<p>Wyj\u0105tkowy upominek dla ukochanej osoby powinien by\u0107 nie tylko pi\u0119kny, ale tak\u017ce mie\u0107 g\u0142\u0119bokie znaczenie. Obraz ze zdj\u0119ciem to doskona\u0142y spos\u00f3b na uchwycenie i uwiecznienie Waszych najwa\u017cniejszych wspomnie\u0144. Ka\u017cde spojrzenie na ten pi\u0119kny obraz b\u0119dzie przypomina\u0107 Wam o Waszej mi\u0142o\u015bci i szcz\u0119\u015bciu, kt\u00f3re dzielicie.<\/p>\n\n\n\n<p>Wybierz zdj\u0119cie, zam\u00f3w obraz i spraw, aby Wasza rocznica by\u0142a jeszcze bardziej niezapomniana. Niech ten personalizowany upominek tanie si\u0119 symbolem Waszego pi\u0119knego zwi\u0105zku i przypomnieniem o Waszej mi\u0142o\u015bci.<\/p>\n","protected":false},"excerpt":{"rendered":"<p>Zbli\u017ca si\u0119 rocznica \u015blubu, a Ty chcesz wyrazi\u0107 swoj\u0105 mi\u0142o\u015b\u0107 w niezwyk\u0142y spos\u00f3b? Mamy dla Ciebie 5 pomys\u0142\u00f3w na personalizowany prezent, dzi\u0119ki kt\u00f3rym z pewno\u015bci\u0105 znajdziesz wyj\u0105tkowy upominek dla ukochanej osoby. Personalizowany prezent na rocznic\u0119 \u015blubu to nie tylko wyraz mi\u0142o\u015bci, ale tak\u017ce unikalna pami\u0105tka, kt\u00f3ra b\u0119dzie Wam przypomina\u0107 o wsp\u00f3lnie sp\u0119dzonych chwilach. To doskona\u0142y spos\u00f3b, aby podzieli\u0107 si\u0119 emocjami i powr\u00f3ci\u0107 do wspomnie\u0144 pe\u0142nych rado\u015bci i wzrusze\u0144. Niezale\u017cnie od [&hellip;]<\/p>\n","protected":false},"author":1,"featured_media":1653,"comment_status":"open","ping_status":"closed","sticky":false,"template":"","format":"image","meta":{"footnotes":""},"categories":[1],"tags":[],"class_list":["post-1652","post","type-post","status-publish","format-image","has-post-thumbnail","hentry","category-bez-kategorii","post_format-post-format-image"],"yoast_head":"<!-- This site is optimized with the Yoast SEO plugin v27.5 - https:\/\/yoast.com\/product\/yoast-seo-wordpress\/ -->\n<title>5 pomys\u0142\u00f3w na personalizowany prezent z okazji rocznicy \u015blubu - wyra\u017a swoj\u0105 mi\u0142o\u015b\u0107 - Fotobum.pl\/blog<\/title>\n<meta name=\"description\" content=\"Odkryj 5 pomys\u0142\u00f3w na personalizowany prezent z okazji rocznicy \u015blubu! Wyra\u017a swoj\u0105 mi\u0142o\u015b\u0107 \u2764\ufe0f i zam\u00f3w wyj\u0105tkowy prezent! \ud83d\udc47\" \/>\n<meta name=\"robots\" content=\"index, follow, max-snippet:-1, max-image-preview:large, max-video-preview:-1\" \/>\n<link rel=\"canonical\" href=\"https:\/\/fotobum.pl\/blog\/5-pomyslow-na-personalizowany-prezent-z-okazji-rocznicy-slubu-wyraz-swoja-milosc\/\" \/>\n<meta property=\"og:locale\" content=\"pl_PL\" \/>\n<meta property=\"og:type\" content=\"article\" \/>\n<meta property=\"og:title\" content=\"5 pomys\u0142\u00f3w na personalizowany prezent z okazji rocznicy \u015blubu - wyra\u017a swoj\u0105 mi\u0142o\u015b\u0107 - Fotobum.pl\/blog\" \/>\n<meta property=\"og:description\" content=\"Odkryj 5 pomys\u0142\u00f3w na personalizowany prezent z okazji rocznicy \u015blubu! Wyra\u017a swoj\u0105 mi\u0142o\u015b\u0107 \u2764\ufe0f i zam\u00f3w wyj\u0105tkowy prezent! \ud83d\udc47\" \/>\n<meta property=\"og:url\" content=\"https:\/\/fotobum.pl\/blog\/5-pomyslow-na-personalizowany-prezent-z-okazji-rocznicy-slubu-wyraz-swoja-milosc\/\" \/>\n<meta property=\"og:site_name\" content=\"Fotobum.pl\/blog\" \/>\n<meta property=\"article:published_time\" content=\"2023-07-03T09:48:21+00:00\" \/>\n<meta property=\"article:modified_time\" content=\"2023-07-03T09:48:23+00:00\" \/>\n<meta property=\"og:image\" content=\"https:\/\/fotobum.pl\/blog\/wp-content\/uploads\/2023\/07\/5-pomyslow-na-personalizowany-prezent-z-okazji-rocznicy-slubu-wyraz-swoja-milosc-cover.jpeg\" \/>\n\t<meta property=\"og:image:width\" content=\"1000\" \/>\n\t<meta property=\"og:image:height\" content=\"666\" \/>\n\t<meta property=\"og:image:type\" content=\"image\/jpeg\" \/>\n<meta name=\"author\" content=\"Fotobum\" \/>\n<meta name=\"twitter:card\" content=\"summary_large_image\" \/>\n<meta name=\"twitter:label1\" content=\"Napisane przez\" \/>\n\t<meta name=\"twitter:data1\" content=\"Fotobum\" \/>\n\t<meta name=\"twitter:label2\" content=\"Szacowany czas czytania\" \/>\n\t<meta name=\"twitter:data2\" content=\"4 minuty\" \/>\n<script type=\"application\/ld+json\" class=\"yoast-schema-graph\">{\"@context\":\"https:\\\/\\\/schema.org\",\"@graph\":[{\"@type\":\"Article\",\"@id\":\"https:\\\/\\\/fotobum.pl\\\/blog\\\/5-pomyslow-na-personalizowany-prezent-z-okazji-rocznicy-slubu-wyraz-swoja-milosc\\\/#article\",\"isPartOf\":{\"@id\":\"https:\\\/\\\/fotobum.pl\\\/blog\\\/5-pomyslow-na-personalizowany-prezent-z-okazji-rocznicy-slubu-wyraz-swoja-milosc\\\/\"},\"author\":{\"name\":\"Fotobum\",\"@id\":\"https:\\\/\\\/fotobum.pl\\\/blog\\\/#\\\/schema\\\/person\\\/edd15ac5cab48171e1f2a38698c7e536\"},\"headline\":\"5 pomys\u0142\u00f3w na personalizowany prezent z okazji rocznicy \u015blubu &#8211; wyra\u017a swoj\u0105 mi\u0142o\u015b\u0107\",\"datePublished\":\"2023-07-03T09:48:21+00:00\",\"dateModified\":\"2023-07-03T09:48:23+00:00\",\"mainEntityOfPage\":{\"@id\":\"https:\\\/\\\/fotobum.pl\\\/blog\\\/5-pomyslow-na-personalizowany-prezent-z-okazji-rocznicy-slubu-wyraz-swoja-milosc\\\/\"},\"wordCount\":1124,\"commentCount\":0,\"publisher\":{\"@id\":\"https:\\\/\\\/fotobum.pl\\\/blog\\\/#organization\"},\"image\":{\"@id\":\"https:\\\/\\\/fotobum.pl\\\/blog\\\/5-pomyslow-na-personalizowany-prezent-z-okazji-rocznicy-slubu-wyraz-swoja-milosc\\\/#primaryimage\"},\"thumbnailUrl\":\"https:\\\/\\\/fotobum.pl\\\/blog\\\/wp-content\\\/uploads\\\/2023\\\/07\\\/5-pomyslow-na-personalizowany-prezent-z-okazji-rocznicy-slubu-wyraz-swoja-milosc-cover.jpeg\",\"inLanguage\":\"pl-PL\",\"potentialAction\":[{\"@type\":\"CommentAction\",\"name\":\"Comment\",\"target\":[\"https:\\\/\\\/fotobum.pl\\\/blog\\\/5-pomyslow-na-personalizowany-prezent-z-okazji-rocznicy-slubu-wyraz-swoja-milosc\\\/#respond\"]}]},{\"@type\":\"WebPage\",\"@id\":\"https:\\\/\\\/fotobum.pl\\\/blog\\\/5-pomyslow-na-personalizowany-prezent-z-okazji-rocznicy-slubu-wyraz-swoja-milosc\\\/\",\"url\":\"https:\\\/\\\/fotobum.pl\\\/blog\\\/5-pomyslow-na-personalizowany-prezent-z-okazji-rocznicy-slubu-wyraz-swoja-milosc\\\/\",\"name\":\"5 pomys\u0142\u00f3w na personalizowany prezent z okazji rocznicy \u015blubu - wyra\u017a swoj\u0105 mi\u0142o\u015b\u0107 - Fotobum.pl\\\/blog\",\"isPartOf\":{\"@id\":\"https:\\\/\\\/fotobum.pl\\\/blog\\\/#website\"},\"primaryImageOfPage\":{\"@id\":\"https:\\\/\\\/fotobum.pl\\\/blog\\\/5-pomyslow-na-personalizowany-prezent-z-okazji-rocznicy-slubu-wyraz-swoja-milosc\\\/#primaryimage\"},\"image\":{\"@id\":\"https:\\\/\\\/fotobum.pl\\\/blog\\\/5-pomyslow-na-personalizowany-prezent-z-okazji-rocznicy-slubu-wyraz-swoja-milosc\\\/#primaryimage\"},\"thumbnailUrl\":\"https:\\\/\\\/fotobum.pl\\\/blog\\\/wp-content\\\/uploads\\\/2023\\\/07\\\/5-pomyslow-na-personalizowany-prezent-z-okazji-rocznicy-slubu-wyraz-swoja-milosc-cover.jpeg\",\"datePublished\":\"2023-07-03T09:48:21+00:00\",\"dateModified\":\"2023-07-03T09:48:23+00:00\",\"description\":\"Odkryj 5 pomys\u0142\u00f3w na personalizowany prezent z okazji rocznicy \u015blubu! Wyra\u017a swoj\u0105 mi\u0142o\u015b\u0107 \u2764\ufe0f i zam\u00f3w wyj\u0105tkowy prezent! \ud83d\udc47\",\"breadcrumb\":{\"@id\":\"https:\\\/\\\/fotobum.pl\\\/blog\\\/5-pomyslow-na-personalizowany-prezent-z-okazji-rocznicy-slubu-wyraz-swoja-milosc\\\/#breadcrumb\"},\"inLanguage\":\"pl-PL\",\"potentialAction\":[{\"@type\":\"ReadAction\",\"target\":[\"https:\\\/\\\/fotobum.pl\\\/blog\\\/5-pomyslow-na-personalizowany-prezent-z-okazji-rocznicy-slubu-wyraz-swoja-milosc\\\/\"]}]},{\"@type\":\"ImageObject\",\"inLanguage\":\"pl-PL\",\"@id\":\"https:\\\/\\\/fotobum.pl\\\/blog\\\/5-pomyslow-na-personalizowany-prezent-z-okazji-rocznicy-slubu-wyraz-swoja-milosc\\\/#primaryimage\",\"url\":\"https:\\\/\\\/fotobum.pl\\\/blog\\\/wp-content\\\/uploads\\\/2023\\\/07\\\/5-pomyslow-na-personalizowany-prezent-z-okazji-rocznicy-slubu-wyraz-swoja-milosc-cover.jpeg\",\"contentUrl\":\"https:\\\/\\\/fotobum.pl\\\/blog\\\/wp-content\\\/uploads\\\/2023\\\/07\\\/5-pomyslow-na-personalizowany-prezent-z-okazji-rocznicy-slubu-wyraz-swoja-milosc-cover.jpeg\",\"width\":1000,\"height\":666},{\"@type\":\"BreadcrumbList\",\"@id\":\"https:\\\/\\\/fotobum.pl\\\/blog\\\/5-pomyslow-na-personalizowany-prezent-z-okazji-rocznicy-slubu-wyraz-swoja-milosc\\\/#breadcrumb\",\"itemListElement\":[{\"@type\":\"ListItem\",\"position\":1,\"name\":\"Home\",\"item\":\"https:\\\/\\\/fotobum.pl\\\/blog\\\/\"},{\"@type\":\"ListItem\",\"position\":2,\"name\":\"5 pomys\u0142\u00f3w na personalizowany prezent z okazji rocznicy \u015blubu &#8211; wyra\u017a swoj\u0105 mi\u0142o\u015b\u0107\"}]},{\"@type\":\"WebSite\",\"@id\":\"https:\\\/\\\/fotobum.pl\\\/blog\\\/#website\",\"url\":\"https:\\\/\\\/fotobum.pl\\\/blog\\\/\",\"name\":\"Fotobum.pl\\\/blog\",\"description\":\"Personalizowane produkty\",\"publisher\":{\"@id\":\"https:\\\/\\\/fotobum.pl\\\/blog\\\/#organization\"},\"potentialAction\":[{\"@type\":\"SearchAction\",\"target\":{\"@type\":\"EntryPoint\",\"urlTemplate\":\"https:\\\/\\\/fotobum.pl\\\/blog\\\/?s={search_term_string}\"},\"query-input\":{\"@type\":\"PropertyValueSpecification\",\"valueRequired\":true,\"valueName\":\"search_term_string\"}}],\"inLanguage\":\"pl-PL\"},{\"@type\":\"Organization\",\"@id\":\"https:\\\/\\\/fotobum.pl\\\/blog\\\/#organization\",\"name\":\"Fotobum.pl\\\/blog\",\"url\":\"https:\\\/\\\/fotobum.pl\\\/blog\\\/\",\"logo\":{\"@type\":\"ImageObject\",\"inLanguage\":\"pl-PL\",\"@id\":\"https:\\\/\\\/fotobum.pl\\\/blog\\\/#\\\/schema\\\/logo\\\/image\\\/\",\"url\":\"https:\\\/\\\/fotobum.pl\\\/blog\\\/wp-content\\\/uploads\\\/2019\\\/07\\\/cropped-fotobum_logo.png\",\"contentUrl\":\"https:\\\/\\\/fotobum.pl\\\/blog\\\/wp-content\\\/uploads\\\/2019\\\/07\\\/cropped-fotobum_logo.png\",\"width\":210,\"height\":67,\"caption\":\"Fotobum.pl\\\/blog\"},\"image\":{\"@id\":\"https:\\\/\\\/fotobum.pl\\\/blog\\\/#\\\/schema\\\/logo\\\/image\\\/\"}},{\"@type\":\"Person\",\"@id\":\"https:\\\/\\\/fotobum.pl\\\/blog\\\/#\\\/schema\\\/person\\\/edd15ac5cab48171e1f2a38698c7e536\",\"name\":\"Fotobum\",\"image\":{\"@type\":\"ImageObject\",\"inLanguage\":\"pl-PL\",\"@id\":\"https:\\\/\\\/secure.gravatar.com\\\/avatar\\\/24b02673ce1161ec1d040a52860847d95f3f1246c5c811d20ea28738a8986c7e?s=96&d=mm&r=g\",\"url\":\"https:\\\/\\\/secure.gravatar.com\\\/avatar\\\/24b02673ce1161ec1d040a52860847d95f3f1246c5c811d20ea28738a8986c7e?s=96&d=mm&r=g\",\"contentUrl\":\"https:\\\/\\\/secure.gravatar.com\\\/avatar\\\/24b02673ce1161ec1d040a52860847d95f3f1246c5c811d20ea28738a8986c7e?s=96&d=mm&r=g\",\"caption\":\"Fotobum\"},\"url\":\"https:\\\/\\\/fotobum.pl\\\/blog\\\/author\\\/admin\\\/\"}]}<\/script>\n<!-- \/ Yoast SEO plugin. -->","yoast_head_json":{"title":"5 pomys\u0142\u00f3w na personalizowany prezent z okazji rocznicy \u015blubu - wyra\u017a swoj\u0105 mi\u0142o\u015b\u0107 - Fotobum.pl\/blog","description":"Odkryj 5 pomys\u0142\u00f3w na personalizowany prezent z okazji rocznicy \u015blubu! Wyra\u017a swoj\u0105 mi\u0142o\u015b\u0107 \u2764\ufe0f i zam\u00f3w wyj\u0105tkowy prezent! \ud83d\udc47","robots":{"index":"index","follow":"follow","max-snippet":"max-snippet:-1","max-image-preview":"max-image-preview:large","max-video-preview":"max-video-preview:-1"},"canonical":"https:\/\/fotobum.pl\/blog\/5-pomyslow-na-personalizowany-prezent-z-okazji-rocznicy-slubu-wyraz-swoja-milosc\/","og_locale":"pl_PL","og_type":"article","og_title":"5 pomys\u0142\u00f3w na personalizowany prezent z okazji rocznicy \u015blubu - wyra\u017a swoj\u0105 mi\u0142o\u015b\u0107 - Fotobum.pl\/blog","og_description":"Odkryj 5 pomys\u0142\u00f3w na personalizowany prezent z okazji rocznicy \u015blubu! Wyra\u017a swoj\u0105 mi\u0142o\u015b\u0107 \u2764\ufe0f i zam\u00f3w wyj\u0105tkowy prezent! \ud83d\udc47","og_url":"https:\/\/fotobum.pl\/blog\/5-pomyslow-na-personalizowany-prezent-z-okazji-rocznicy-slubu-wyraz-swoja-milosc\/","og_site_name":"Fotobum.pl\/blog","article_published_time":"2023-07-03T09:48:21+00:00","article_modified_time":"2023-07-03T09:48:23+00:00","og_image":[{"width":1000,"height":666,"url":"https:\/\/fotobum.pl\/blog\/wp-content\/uploads\/2023\/07\/5-pomyslow-na-personalizowany-prezent-z-okazji-rocznicy-slubu-wyraz-swoja-milosc-cover.jpeg","type":"image\/jpeg"}],"author":"Fotobum","twitter_card":"summary_large_image","twitter_misc":{"Napisane przez":"Fotobum","Szacowany czas czytania":"4 minuty"},"schema":{"@context":"https:\/\/schema.org","@graph":[{"@type":"Article","@id":"https:\/\/fotobum.pl\/blog\/5-pomyslow-na-personalizowany-prezent-z-okazji-rocznicy-slubu-wyraz-swoja-milosc\/#article","isPartOf":{"@id":"https:\/\/fotobum.pl\/blog\/5-pomyslow-na-personalizowany-prezent-z-okazji-rocznicy-slubu-wyraz-swoja-milosc\/"},"author":{"name":"Fotobum","@id":"https:\/\/fotobum.pl\/blog\/#\/schema\/person\/edd15ac5cab48171e1f2a38698c7e536"},"headline":"5 pomys\u0142\u00f3w na personalizowany prezent z okazji rocznicy \u015blubu &#8211; wyra\u017a swoj\u0105 mi\u0142o\u015b\u0107","datePublished":"2023-07-03T09:48:21+00:00","dateModified":"2023-07-03T09:48:23+00:00","mainEntityOfPage":{"@id":"https:\/\/fotobum.pl\/blog\/5-pomyslow-na-personalizowany-prezent-z-okazji-rocznicy-slubu-wyraz-swoja-milosc\/"},"wordCount":1124,"commentCount":0,"publisher":{"@id":"https:\/\/fotobum.pl\/blog\/#organization"},"image":{"@id":"https:\/\/fotobum.pl\/blog\/5-pomyslow-na-personalizowany-prezent-z-okazji-rocznicy-slubu-wyraz-swoja-milosc\/#primaryimage"},"thumbnailUrl":"https:\/\/fotobum.pl\/blog\/wp-content\/uploads\/2023\/07\/5-pomyslow-na-personalizowany-prezent-z-okazji-rocznicy-slubu-wyraz-swoja-milosc-cover.jpeg","inLanguage":"pl-PL","potentialAction":[{"@type":"CommentAction","name":"Comment","target":["https:\/\/fotobum.pl\/blog\/5-pomyslow-na-personalizowany-prezent-z-okazji-rocznicy-slubu-wyraz-swoja-milosc\/#respond"]}]},{"@type":"WebPage","@id":"https:\/\/fotobum.pl\/blog\/5-pomyslow-na-personalizowany-prezent-z-okazji-rocznicy-slubu-wyraz-swoja-milosc\/","url":"https:\/\/fotobum.pl\/blog\/5-pomyslow-na-personalizowany-prezent-z-okazji-rocznicy-slubu-wyraz-swoja-milosc\/","name":"5 pomys\u0142\u00f3w na personalizowany prezent z okazji rocznicy \u015blubu - wyra\u017a swoj\u0105 mi\u0142o\u015b\u0107 - Fotobum.pl\/blog","isPartOf":{"@id":"https:\/\/fotobum.pl\/blog\/#website"},"primaryImageOfPage":{"@id":"https:\/\/fotobum.pl\/blog\/5-pomyslow-na-personalizowany-prezent-z-okazji-rocznicy-slubu-wyraz-swoja-milosc\/#primaryimage"},"image":{"@id":"https:\/\/fotobum.pl\/blog\/5-pomyslow-na-personalizowany-prezent-z-okazji-rocznicy-slubu-wyraz-swoja-milosc\/#primaryimage"},"thumbnailUrl":"https:\/\/fotobum.pl\/blog\/wp-content\/uploads\/2023\/07\/5-pomyslow-na-personalizowany-prezent-z-okazji-rocznicy-slubu-wyraz-swoja-milosc-cover.jpeg","datePublished":"2023-07-03T09:48:21+00:00","dateModified":"2023-07-03T09:48:23+00:00","description":"Odkryj 5 pomys\u0142\u00f3w na personalizowany prezent z okazji rocznicy \u015blubu! Wyra\u017a swoj\u0105 mi\u0142o\u015b\u0107 \u2764\ufe0f i zam\u00f3w wyj\u0105tkowy prezent! \ud83d\udc47","breadcrumb":{"@id":"https:\/\/fotobum.pl\/blog\/5-pomyslow-na-personalizowany-prezent-z-okazji-rocznicy-slubu-wyraz-swoja-milosc\/#breadcrumb"},"inLanguage":"pl-PL","potentialAction":[{"@type":"ReadAction","target":["https:\/\/fotobum.pl\/blog\/5-pomyslow-na-personalizowany-prezent-z-okazji-rocznicy-slubu-wyraz-swoja-milosc\/"]}]},{"@type":"ImageObject","inLanguage":"pl-PL","@id":"https:\/\/fotobum.pl\/blog\/5-pomyslow-na-personalizowany-prezent-z-okazji-rocznicy-slubu-wyraz-swoja-milosc\/#primaryimage","url":"https:\/\/fotobum.pl\/blog\/wp-content\/uploads\/2023\/07\/5-pomyslow-na-personalizowany-prezent-z-okazji-rocznicy-slubu-wyraz-swoja-milosc-cover.jpeg","contentUrl":"https:\/\/fotobum.pl\/blog\/wp-content\/uploads\/2023\/07\/5-pomyslow-na-personalizowany-prezent-z-okazji-rocznicy-slubu-wyraz-swoja-milosc-cover.jpeg","width":1000,"height":666},{"@type":"BreadcrumbList","@id":"https:\/\/fotobum.pl\/blog\/5-pomyslow-na-personalizowany-prezent-z-okazji-rocznicy-slubu-wyraz-swoja-milosc\/#breadcrumb","itemListElement":[{"@type":"ListItem","position":1,"name":"Home","item":"https:\/\/fotobum.pl\/blog\/"},{"@type":"ListItem","position":2,"name":"5 pomys\u0142\u00f3w na personalizowany prezent z okazji rocznicy \u015blubu &#8211; wyra\u017a swoj\u0105 mi\u0142o\u015b\u0107"}]},{"@type":"WebSite","@id":"https:\/\/fotobum.pl\/blog\/#website","url":"https:\/\/fotobum.pl\/blog\/","name":"Fotobum.pl\/blog","description":"Personalizowane produkty","publisher":{"@id":"https:\/\/fotobum.pl\/blog\/#organization"},"potentialAction":[{"@type":"SearchAction","target":{"@type":"EntryPoint","urlTemplate":"https:\/\/fotobum.pl\/blog\/?s={search_term_string}"},"query-input":{"@type":"PropertyValueSpecification","valueRequired":true,"valueName":"search_term_string"}}],"inLanguage":"pl-PL"},{"@type":"Organization","@id":"https:\/\/fotobum.pl\/blog\/#organization","name":"Fotobum.pl\/blog","url":"https:\/\/fotobum.pl\/blog\/","logo":{"@type":"ImageObject","inLanguage":"pl-PL","@id":"https:\/\/fotobum.pl\/blog\/#\/schema\/logo\/image\/","url":"https:\/\/fotobum.pl\/blog\/wp-content\/uploads\/2019\/07\/cropped-fotobum_logo.png","contentUrl":"https:\/\/fotobum.pl\/blog\/wp-content\/uploads\/2019\/07\/cropped-fotobum_logo.png","width":210,"height":67,"caption":"Fotobum.pl\/blog"},"image":{"@id":"https:\/\/fotobum.pl\/blog\/#\/schema\/logo\/image\/"}},{"@type":"Person","@id":"https:\/\/fotobum.pl\/blog\/#\/schema\/person\/edd15ac5cab48171e1f2a38698c7e536","name":"Fotobum","image":{"@type":"ImageObject","inLanguage":"pl-PL","@id":"https:\/\/secure.gravatar.com\/avatar\/24b02673ce1161ec1d040a52860847d95f3f1246c5c811d20ea28738a8986c7e?s=96&d=mm&r=g","url":"https:\/\/secure.gravatar.com\/avatar\/24b02673ce1161ec1d040a52860847d95f3f1246c5c811d20ea28738a8986c7e?s=96&d=mm&r=g","contentUrl":"https:\/\/secure.gravatar.com\/avatar\/24b02673ce1161ec1d040a52860847d95f3f1246c5c811d20ea28738a8986c7e?s=96&d=mm&r=g","caption":"Fotobum"},"url":"https:\/\/fotobum.pl\/blog\/author\/admin\/"}]}},"_links":{"self":[{"href":"https:\/\/fotobum.pl\/blog\/wp-json\/wp\/v2\/posts\/1652","targetHints":{"allow":["GET"]}}],"collection":[{"href":"https:\/\/fotobum.pl\/blog\/wp-json\/wp\/v2\/posts"}],"about":[{"href":"https:\/\/fotobum.pl\/blog\/wp-json\/wp\/v2\/types\/post"}],"author":[{"embeddable":true,"href":"https:\/\/fotobum.pl\/blog\/wp-json\/wp\/v2\/users\/1"}],"replies":[{"embeddable":true,"href":"https:\/\/fotobum.pl\/blog\/wp-json\/wp\/v2\/comments?post=1652"}],"version-history":[{"count":1,"href":"https:\/\/fotobum.pl\/blog\/wp-json\/wp\/v2\/posts\/1652\/revisions"}],"predecessor-version":[{"id":1654,"href":"https:\/\/fotobum.pl\/blog\/wp-json\/wp\/v2\/posts\/1652\/revisions\/1654"}],"wp:featuredmedia":[{"embeddable":true,"href":"https:\/\/fotobum.pl\/blog\/wp-json\/wp\/v2\/media\/1653"}],"wp:attachment":[{"href":"https:\/\/fotobum.pl\/blog\/wp-json\/wp\/v2\/media?parent=1652"}],"wp:term":[{"taxonomy":"category","embeddable":true,"href":"https:\/\/fotobum.pl\/blog\/wp-json\/wp\/v2\/categories?post=1652"},{"taxonomy":"post_tag","embeddable":true,"href":"https:\/\/fotobum.pl\/blog\/wp-json\/wp\/v2\/tags?post=1652"}],"curies":[{"name":"wp","href":"https:\/\/api.w.org\/{rel}","templated":true}]}}