{"id":1598,"date":"2023-07-03T11:18:18","date_gmt":"2023-07-03T09:18:18","guid":{"rendered":"https:\/\/fotobum.pl\/blog\/?p=1598"},"modified":"2023-07-03T11:18:20","modified_gmt":"2023-07-03T09:18:20","slug":"unikalna-drewniana-ramka-ze-zdjeciem-jako-ozdoba-wnetrza","status":"publish","type":"post","link":"https:\/\/fotobum.pl\/blog\/unikalna-drewniana-ramka-ze-zdjeciem-jako-ozdoba-wnetrza\/","title":{"rendered":"Unikalna drewniana ramka ze zdj\u0119ciem jako ozdoba wn\u0119trza"},"content":{"rendered":"\n\n\n<p><strong>Drewniana ramka ze zdj\u0119ciem<\/strong> to nie tylko spos\u00f3b na wyeksponowanie ulubionej fotografii, ale tak\u017ce unikalna ozdoba wn\u0119trza. Wykorzystaj swoje zdj\u0119cia, aby spersonalizowa\u0107 i doda\u0107 charakteru swojemu wn\u0119trzu. Drewniana ramka to naturalny akcent, kt\u00f3ry ociepli ka\u017cde pomieszczenie.<\/p>\n\n\n\n<p>Dobrze dobrana ramka nie tylko dodaje osobistego charakteru do wn\u0119trza, ale tak\u017ce chroni i podkre\u015bla warto\u015b\u0107 Twoich fotografii. Ramka zabezpiecza zdj\u0119cie przed uszkodzeniami i przyci\u0105ga wzrok, zwracaj\u0105c nasz\u0105 uwag\u0119 na pi\u0119kne kadry.<\/p>\n\n\n\n<p>W naszym sklepie znajdziesz r\u00f3\u017cne modele drewnianych ramek &#8211; mo\u017cesz wybra\u0107 spo\u015br\u00f3d r\u00f3\u017cnych rozmiar\u00f3w i styl\u00f3w, aby odnale\u017a\u0107 idealn\u0105 opcj\u0119 dla siebie. Oferujemy r\u00f3wnie\u017c mo\u017cliwo\u015b\u0107 spersonalizowania ramki, dodaj\u0105c grawerunek, napis lub dedykacj\u0119.<\/p>\n\n\n\n<ul class=\"wp-block-list\"><li>Dlaczego warto zdecydowa\u0107 si\u0119 na drewnian\u0105 ramk\u0119?<\/li><li>Sprawd\u017a, jak dostosowa\u0107 rozmiar i styl ramki do wybranego zdj\u0119cia.<\/li><li>Spersonalizuj swoj\u0105 ramk\u0119 i stw\u00f3rz unikaln\u0105 ozdob\u0119.&nbsp;<\/li><\/ul>\n\n\n\n<h2 class=\"wp-block-heading\">Drewniana ramka jako unikalna ozdoba wn\u0119trza<\/h2>\n\n\n\n<p>Drewniana ramka ze zdj\u0119ciem nie jest zwyk\u0142\u0105 ozdob\u0105 &#8211; to element z charakterem, kt\u00f3ry nadaje wyj\u0105tkowego uroku ka\u017cdemu wn\u0119trzu. Zapomnij o zwyk\u0142ych, seryjnie produkowanych ramkach. Nasze produkty \u0142\u0105cz\u0105 w sobie natur\u0119 drewna z artystycznym kunsztem, aby stworzy\u0107 co\u015b wi\u0119cej ni\u017c tylko ramk\u0119 &#8211; ka\u017cdy zaprojektowany przez nas model <strong>to unikalna ozdoba wn\u0119trza,<\/strong> kt\u00f3ra o\u017cywia i podkre\u015bla wa\u017cne chwile uchwycone na zdj\u0119ciach.<\/p>\n\n\n\n<p><strong>Ozdabianie zdj\u0119ciem na drewnianej ramce <\/strong>to proces, kt\u00f3ry zaczyna si\u0119 od wyboru odpowiedniego kawa\u0142ka drewna. Ka\u017cde drzewo ma unikalny wz\u00f3r i struktur\u0119, co oznacza, \u017ce ka\u017cda ramka, kt\u00f3r\u0105 tworzymy jest inna. Wybieramy tylko najwy\u017cszej jako\u015bci drewno, kt\u00f3re nast\u0119pnie jest starannie obrabiane i szlifowane, aby stworzy\u0107 doskona\u0142\u0105 powierzchni\u0119 do ekspozycji Twojego zdj\u0119cia.<\/p>\n\n\n\n<p>Zdj\u0119cie jest nast\u0119pnie umieszczane w ramce, tak aby podkre\u015bli\u0107 jego pi\u0119kno i sprawi\u0107, \u017ce stanie si\u0119 prawdziw\u0105 ozdob\u0105. Wybieraj\u0105c <strong>drewnian\u0105 ramk\u0119 ze zdj\u0119ciem<\/strong>, decydujesz si\u0119 na co\u015b wi\u0119cej ni\u017c tylko form\u0119 przechowywania fotografii &#8211; wybierasz sposobno\u015b\u0107, aby celebrowa\u0107 momenty, kt\u00f3re znacz\u0105 dla Ciebie najwi\u0119cej &#8211;&nbsp; i to w bardzo stylowy spos\u00f3b.<\/p>\n\n\n\n<p>Jednym z kluczowych aspekt\u00f3w jest personalizacja. Dajemy Ci mo\u017cliwo\u015b\u0107 wyboru pomi\u0119dzy r\u00f3\u017cnymi rodzajami drewna, rozmiarami i stylami, aby\u015b m\u00f3g\u0142 stworzy\u0107 ramk\u0119, kt\u00f3ra jest tak unikalna, jak Ty sam. W ten spos\u00f3b <strong>drewniana ramka ze zdj\u0119ciem<\/strong> staje si\u0119 nie tylko ozdob\u0105, ale r\u00f3wnie\u017c wyrazem Twojego stylu i osobowo\u015bci.<\/p>\n\n\n\n<p><strong>Ozdabianie zdj\u0119ciem na drewnianej ramce <\/strong>to nie tylko kwestia estetyki, ale r\u00f3wnie\u017c ochrony. Zdj\u0119cia s\u0105 cennymi pami\u0105tkami, a nasze ramki s\u0105 zaprojektowane tak, aby uchroni\u0107 zawarto\u015b\u0107 przed zniszczeniem, jednocze\u015bnie podkre\u015blaj\u0105c urok. Z nami Twoje wspomnienia s\u0105 nie tylko dobrze zaprezentowane, ale te\u017c bezpieczne. Je\u015bli szukasz dodatkowych pomys\u0142\u00f3w na wyeksponowanie swoich zdj\u0119\u0107, polecamy r\u00f3wnie\u017c nasze <a href=\"https:\/\/fotobum.pl\/kategoria\/1073-poduszki-ze-zdjeciem?sort=newest\">poduszki ze zdj\u0119ciami<\/a>.&nbsp;<\/p>\n\n\n\n<h2 class=\"wp-block-heading\">Drewniana ramka ze zdj\u0119ciem &#8211; jak dopasowa\u0107 rozmiar i styl?&nbsp;<\/h2>\n\n\n\n<p><strong>Drewniana ramka ze zdj\u0119ciem<\/strong> to nie tylko produkt estetyczny, ale r\u00f3wnie\u017c funkcjonalny. Wyb\u00f3r odpowiedniej wielko\u015bci i stylu ramki mo\u017ce wydoby\u0107 to, co najlepsze w Twoim zdj\u0119ciu, przekszta\u0142caj\u0105c je w <strong>unikaln\u0105 ozdob\u0119 wn\u0119trza<\/strong>. Sprawd\u017a, jak osi\u0105gn\u0105\u0107 wymarzony efekt.&nbsp;<\/p>\n\n\n\n<p>Na samym pocz\u0105tku zastan\u00f3w si\u0119 nad wielko\u015bci\u0105 zdj\u0119cia. Chocia\u017c mo\u017ce si\u0119 to wydawa\u0107 oczywiste, warto pami\u0119ta\u0107, \u017ce ramka powinna by\u0107 nieco wi\u0119ksza ni\u017c zdj\u0119cie, aby stworzy\u0107 estetyczny margines i podkre\u015bli\u0107 zdj\u0119cie, jednocze\u015bnie go nie przyt\u0142aczaj\u0105c. Wielko\u015b\u0107 ramki powinna by\u0107 proporcjonalna do zdj\u0119cia, a nie do przestrzeni na \u015bcianie, na kt\u00f3rej ma wisie\u0107.<\/p>\n\n\n\n<p>Kolejnym krokiem jest wyb\u00f3r stylu drewnianej ramki. Oznacza to nie tylko wyb\u00f3r kszta\u0142tu, co raczej wyb\u00f3r rodzaju drewna i sposobu jego wyko\u0144czenia. Czy preferujesz ciemne, masywne drewno, a mo\u017ce lekki, naturalny kolor d\u0119bu? Chcesz surowego, naturalnego wygl\u0105du, czy mo\u017ce wolisz polerowane wyko\u0144czenie? Wszystko zale\u017cy od Twojego gustu i charakteru zdj\u0119cia.<\/p>\n\n\n\n<p><strong>Ozdabianie zdj\u0119ciem na drewnianej ramce <\/strong>to przede wszystkim proces tw\u00f3rczy, ale warto r\u00f3wnie\u017c pami\u0119ta\u0107 o praktycznych aspektach. Je\u015bli zdj\u0119cie ma silne, \u017cywe kolory, mo\u017ce wygl\u0105da\u0107 najlepiej na tle prostego, naturalnego drewna, kt\u00f3re nie b\u0119dzie z nim konkurowa\u0107. Z drugiej strony, je\u015bli zdj\u0119cie jest czarno-bia\u0142e lub ma subtelne kolory, mo\u017cesz zdecydowa\u0107 si\u0119 na bardziej charakterystyczn\u0105 ramk\u0119, kt\u00f3ra doda mu troch\u0119 ciep\u0142a i charakteru.&nbsp;<\/p>\n\n\n\n<p>Pami\u0119taj, \u017ce <strong>drewniana ramka ze zdj\u0119ciem <\/strong>to nie tylko dekoracja &#8211; to spos\u00f3b na zachowanie i podkre\u015blenie Twoich najcenniejszych wspomnie\u0144. Wybieraj\u0105c odpowiedni\u0105 wielko\u015b\u0107 i styl, mo\u017cesz stworzy\u0107 unikaln\u0105 ozdob\u0119 wn\u0119trza, kt\u00f3ra b\u0119dzie Ci przypomina\u0107 o Twoich najpi\u0119kniejszych chwilach. Je\u015bli chcesz stworzy\u0107 pi\u0119kn\u0105 galeri\u0119 \u015bcienn\u0105, pomy\u015bl o pomieszaniu drewnianych ramek z naszymi <a href=\"https:\/\/fotobum.pl\/kategoria\/380-plakaty-ze-zdjec?sort=newest\">plakatami ze zdj\u0119ciami<\/a>. To \u015bwietny spos\u00f3b na uzyskanie oryginalnej ozdoby wn\u0119trza.&nbsp;<\/p>\n\n\n\n<h2 class=\"wp-block-heading\">Indywidualny wygl\u0105d: pomys\u0142y na personalizacj\u0119 drewnianej ramki ze zdj\u0119ciem<\/h2>\n\n\n\n<p><strong>Drewniana ramka ze zdj\u0119ciem<\/strong> to nie tylko elegancka ozdoba, ale tak\u017ce spos\u00f3b na wyra\u017cenie naszej osobowo\u015bci. Oto kilka pomys\u0142\u00f3w na personalizacj\u0119 ramki, kt\u00f3re podkre\u015bl\u0105 unikalno\u015b\u0107 Twojego zdj\u0119cia i uczyni\u0105 je prawdziw\u0105 ozdob\u0105 wn\u0119trza.<\/p>\n\n\n\n<p>Pierwszym krokiem do stworzenia unikalnej ramki jest wyb\u00f3r drewna. Ka\u017cdy rodzaj drewna ma swoj\u0105 specyficzn\u0105 tekstur\u0119 i kolor, co daje wiele mo\u017cliwo\u015bci personalizacji. Czy wolisz ciemne, egzotyczne drewno, czy mo\u017ce jasne, skandynawskie wyko\u0144czenie? Wyb\u00f3r drewna mo\u017ce odzwierciedli\u0107 Tw\u00f3j gust i styl, ale tak\u017ce dope\u0142ni\u0107 kompozycj\u0119 zdj\u0119cia.<\/p>\n\n\n\n<p>Nast\u0119pnie pomy\u015bl o wyko\u0144czeniu. Drewniana ramka ze zdj\u0119ciem mo\u017ce by\u0107 szlifowana na g\u0142adko, aby uzyska\u0107 elegancki, klasyczny wygl\u0105d lub mo\u017ce by\u0107 pozostawiona w naturalnym stanie dla bardziej surowego, rustykalnego efektu. Mo\u017cesz r\u00f3wnie\u017c doda\u0107 lakier, wosk lub olej, aby podkre\u015bli\u0107 naturalne pi\u0119kno drewna.<\/p>\n\n\n\n<p><strong>Ozdabianie zdj\u0119ciem na drewnianej ramce<\/strong> to nie tylko kwestia wygl\u0105du, ale tak\u017ce tre\u015bci. Mo\u017cesz doda\u0107 personalizowany napis lub dedykacj\u0119, aby uczyni\u0107 ramk\u0119 jeszcze bardziej wyj\u0105tkow\u0105. Data symbolizuj\u0105ca specjaln\u0105 okazj\u0119, wa\u017cny cytat lub po prostu imi\u0119 &#8211; ka\u017cdy wybrany przez Ciebie napis doda osobistego charakteru ramce.&nbsp;<\/p>\n\n\n\n<p>Je\u017celi szukasz czego\u015b naprawd\u0119 unikalnego, pomy\u015bl o dodatkowym ozdobieniu ramki. Mo\u017ce to by\u0107 subtelne zdobienie, takie jak delikatne wkomponowane kamienie, muszelki czy inne pami\u0105tki, kt\u00f3re dodadz\u0105 ramce jeszcze wi\u0119cej Twojego charakteru.<\/p>\n\n\n\n<p>Pami\u0119taj, \u017ce personalizacja ramki to nie tylko zabawa, ale tak\u017ce mo\u017cliwo\u015b\u0107 stworzenia czego\u015b, co jest naprawd\u0119 Twoje.<strong> Drewniana ramka ze zdj\u0119ciem<\/strong> to nie tylko ozdoba &#8211; to wyraz Ciebie, Twoich wspomnie\u0144 i chwil, kt\u00f3re chcesz zachowa\u0107 na zawsze. Sprawd\u017a nasze <a href=\"https:\/\/fotobum.pl\/galeria\">inspiracje <\/a>i poznaj r\u00f3\u017cne sposoby na personalizacj\u0119 codziennych przedmiot\u00f3w.&nbsp;<\/p>\n","protected":false},"excerpt":{"rendered":"<p>Drewniana ramka ze zdj\u0119ciem to nie tylko spos\u00f3b na wyeksponowanie ulubionej fotografii, ale tak\u017ce unikalna ozdoba wn\u0119trza. Wykorzystaj swoje zdj\u0119cia, aby spersonalizowa\u0107 i doda\u0107 charakteru swojemu wn\u0119trzu. Drewniana ramka to naturalny akcent, kt\u00f3ry ociepli ka\u017cde pomieszczenie. Dobrze dobrana ramka nie tylko dodaje osobistego charakteru do wn\u0119trza, ale tak\u017ce chroni i podkre\u015bla warto\u015b\u0107 Twoich fotografii. Ramka zabezpiecza zdj\u0119cie przed uszkodzeniami i przyci\u0105ga wzrok, zwracaj\u0105c nasz\u0105 uwag\u0119 na pi\u0119kne kadry. W naszym [&hellip;]<\/p>\n","protected":false},"author":1,"featured_media":1599,"comment_status":"open","ping_status":"closed","sticky":false,"template":"","format":"image","meta":{"footnotes":""},"categories":[1],"tags":[],"class_list":["post-1598","post","type-post","status-publish","format-image","has-post-thumbnail","hentry","category-bez-kategorii","post_format-post-format-image"],"yoast_head":"<!-- This site is optimized with the Yoast SEO plugin v27.5 - https:\/\/yoast.com\/product\/yoast-seo-wordpress\/ -->\n<title>Unikalna drewniana ramka ze zdj\u0119ciem jako ozdoba wn\u0119trza - Fotobum.pl\/blog<\/title>\n<meta name=\"description\" content=\"\ud83d\uddbc\ufe0f Podkre\u015bl swoje wspomnienia z nasz\u0105 unikaln\u0105 drewnian\u0105 ramk\u0105 ze zdj\u0119ciem. \ud83c\udf33 Zaprojektuj sw\u00f3j w\u0142asny model!\u27a1\ufe0f\" \/>\n<meta name=\"robots\" content=\"index, follow, max-snippet:-1, max-image-preview:large, max-video-preview:-1\" \/>\n<link rel=\"canonical\" href=\"https:\/\/fotobum.pl\/blog\/unikalna-drewniana-ramka-ze-zdjeciem-jako-ozdoba-wnetrza\/\" \/>\n<meta property=\"og:locale\" content=\"pl_PL\" \/>\n<meta property=\"og:type\" content=\"article\" \/>\n<meta property=\"og:title\" content=\"Unikalna drewniana ramka ze zdj\u0119ciem jako ozdoba wn\u0119trza - Fotobum.pl\/blog\" \/>\n<meta property=\"og:description\" content=\"\ud83d\uddbc\ufe0f Podkre\u015bl swoje wspomnienia z nasz\u0105 unikaln\u0105 drewnian\u0105 ramk\u0105 ze zdj\u0119ciem. \ud83c\udf33 Zaprojektuj sw\u00f3j w\u0142asny model!\u27a1\ufe0f\" \/>\n<meta property=\"og:url\" content=\"https:\/\/fotobum.pl\/blog\/unikalna-drewniana-ramka-ze-zdjeciem-jako-ozdoba-wnetrza\/\" \/>\n<meta property=\"og:site_name\" content=\"Fotobum.pl\/blog\" \/>\n<meta property=\"article:published_time\" content=\"2023-07-03T09:18:18+00:00\" \/>\n<meta property=\"article:modified_time\" content=\"2023-07-03T09:18:20+00:00\" \/>\n<meta property=\"og:image\" content=\"https:\/\/fotobum.pl\/blog\/wp-content\/uploads\/2023\/07\/Unikalna-drewniana-ramka-ze-zdjeciem-jako-ozdoba-wnetrza-cover.jpeg\" \/>\n\t<meta property=\"og:image:width\" content=\"1000\" \/>\n\t<meta property=\"og:image:height\" content=\"666\" \/>\n\t<meta property=\"og:image:type\" content=\"image\/jpeg\" \/>\n<meta name=\"author\" content=\"Fotobum\" \/>\n<meta name=\"twitter:card\" content=\"summary_large_image\" \/>\n<meta name=\"twitter:label1\" content=\"Napisane przez\" \/>\n\t<meta name=\"twitter:data1\" content=\"Fotobum\" \/>\n\t<meta name=\"twitter:label2\" content=\"Szacowany czas czytania\" \/>\n\t<meta name=\"twitter:data2\" content=\"5 minut\" \/>\n<script type=\"application\/ld+json\" class=\"yoast-schema-graph\">{\"@context\":\"https:\\\/\\\/schema.org\",\"@graph\":[{\"@type\":\"Article\",\"@id\":\"https:\\\/\\\/fotobum.pl\\\/blog\\\/unikalna-drewniana-ramka-ze-zdjeciem-jako-ozdoba-wnetrza\\\/#article\",\"isPartOf\":{\"@id\":\"https:\\\/\\\/fotobum.pl\\\/blog\\\/unikalna-drewniana-ramka-ze-zdjeciem-jako-ozdoba-wnetrza\\\/\"},\"author\":{\"name\":\"Fotobum\",\"@id\":\"https:\\\/\\\/fotobum.pl\\\/blog\\\/#\\\/schema\\\/person\\\/edd15ac5cab48171e1f2a38698c7e536\"},\"headline\":\"Unikalna drewniana ramka ze zdj\u0119ciem jako ozdoba wn\u0119trza\",\"datePublished\":\"2023-07-03T09:18:18+00:00\",\"dateModified\":\"2023-07-03T09:18:20+00:00\",\"mainEntityOfPage\":{\"@id\":\"https:\\\/\\\/fotobum.pl\\\/blog\\\/unikalna-drewniana-ramka-ze-zdjeciem-jako-ozdoba-wnetrza\\\/\"},\"wordCount\":1158,\"commentCount\":0,\"publisher\":{\"@id\":\"https:\\\/\\\/fotobum.pl\\\/blog\\\/#organization\"},\"image\":{\"@id\":\"https:\\\/\\\/fotobum.pl\\\/blog\\\/unikalna-drewniana-ramka-ze-zdjeciem-jako-ozdoba-wnetrza\\\/#primaryimage\"},\"thumbnailUrl\":\"https:\\\/\\\/fotobum.pl\\\/blog\\\/wp-content\\\/uploads\\\/2023\\\/07\\\/Unikalna-drewniana-ramka-ze-zdjeciem-jako-ozdoba-wnetrza-cover.jpeg\",\"inLanguage\":\"pl-PL\",\"potentialAction\":[{\"@type\":\"CommentAction\",\"name\":\"Comment\",\"target\":[\"https:\\\/\\\/fotobum.pl\\\/blog\\\/unikalna-drewniana-ramka-ze-zdjeciem-jako-ozdoba-wnetrza\\\/#respond\"]}]},{\"@type\":\"WebPage\",\"@id\":\"https:\\\/\\\/fotobum.pl\\\/blog\\\/unikalna-drewniana-ramka-ze-zdjeciem-jako-ozdoba-wnetrza\\\/\",\"url\":\"https:\\\/\\\/fotobum.pl\\\/blog\\\/unikalna-drewniana-ramka-ze-zdjeciem-jako-ozdoba-wnetrza\\\/\",\"name\":\"Unikalna drewniana ramka ze zdj\u0119ciem jako ozdoba wn\u0119trza - Fotobum.pl\\\/blog\",\"isPartOf\":{\"@id\":\"https:\\\/\\\/fotobum.pl\\\/blog\\\/#website\"},\"primaryImageOfPage\":{\"@id\":\"https:\\\/\\\/fotobum.pl\\\/blog\\\/unikalna-drewniana-ramka-ze-zdjeciem-jako-ozdoba-wnetrza\\\/#primaryimage\"},\"image\":{\"@id\":\"https:\\\/\\\/fotobum.pl\\\/blog\\\/unikalna-drewniana-ramka-ze-zdjeciem-jako-ozdoba-wnetrza\\\/#primaryimage\"},\"thumbnailUrl\":\"https:\\\/\\\/fotobum.pl\\\/blog\\\/wp-content\\\/uploads\\\/2023\\\/07\\\/Unikalna-drewniana-ramka-ze-zdjeciem-jako-ozdoba-wnetrza-cover.jpeg\",\"datePublished\":\"2023-07-03T09:18:18+00:00\",\"dateModified\":\"2023-07-03T09:18:20+00:00\",\"description\":\"\ud83d\uddbc\ufe0f Podkre\u015bl swoje wspomnienia z nasz\u0105 unikaln\u0105 drewnian\u0105 ramk\u0105 ze zdj\u0119ciem. \ud83c\udf33 Zaprojektuj sw\u00f3j w\u0142asny model!\u27a1\ufe0f\",\"breadcrumb\":{\"@id\":\"https:\\\/\\\/fotobum.pl\\\/blog\\\/unikalna-drewniana-ramka-ze-zdjeciem-jako-ozdoba-wnetrza\\\/#breadcrumb\"},\"inLanguage\":\"pl-PL\",\"potentialAction\":[{\"@type\":\"ReadAction\",\"target\":[\"https:\\\/\\\/fotobum.pl\\\/blog\\\/unikalna-drewniana-ramka-ze-zdjeciem-jako-ozdoba-wnetrza\\\/\"]}]},{\"@type\":\"ImageObject\",\"inLanguage\":\"pl-PL\",\"@id\":\"https:\\\/\\\/fotobum.pl\\\/blog\\\/unikalna-drewniana-ramka-ze-zdjeciem-jako-ozdoba-wnetrza\\\/#primaryimage\",\"url\":\"https:\\\/\\\/fotobum.pl\\\/blog\\\/wp-content\\\/uploads\\\/2023\\\/07\\\/Unikalna-drewniana-ramka-ze-zdjeciem-jako-ozdoba-wnetrza-cover.jpeg\",\"contentUrl\":\"https:\\\/\\\/fotobum.pl\\\/blog\\\/wp-content\\\/uploads\\\/2023\\\/07\\\/Unikalna-drewniana-ramka-ze-zdjeciem-jako-ozdoba-wnetrza-cover.jpeg\",\"width\":1000,\"height\":666},{\"@type\":\"BreadcrumbList\",\"@id\":\"https:\\\/\\\/fotobum.pl\\\/blog\\\/unikalna-drewniana-ramka-ze-zdjeciem-jako-ozdoba-wnetrza\\\/#breadcrumb\",\"itemListElement\":[{\"@type\":\"ListItem\",\"position\":1,\"name\":\"Home\",\"item\":\"https:\\\/\\\/fotobum.pl\\\/blog\\\/\"},{\"@type\":\"ListItem\",\"position\":2,\"name\":\"Unikalna drewniana ramka ze zdj\u0119ciem jako ozdoba wn\u0119trza\"}]},{\"@type\":\"WebSite\",\"@id\":\"https:\\\/\\\/fotobum.pl\\\/blog\\\/#website\",\"url\":\"https:\\\/\\\/fotobum.pl\\\/blog\\\/\",\"name\":\"Fotobum.pl\\\/blog\",\"description\":\"Personalizowane produkty\",\"publisher\":{\"@id\":\"https:\\\/\\\/fotobum.pl\\\/blog\\\/#organization\"},\"potentialAction\":[{\"@type\":\"SearchAction\",\"target\":{\"@type\":\"EntryPoint\",\"urlTemplate\":\"https:\\\/\\\/fotobum.pl\\\/blog\\\/?s={search_term_string}\"},\"query-input\":{\"@type\":\"PropertyValueSpecification\",\"valueRequired\":true,\"valueName\":\"search_term_string\"}}],\"inLanguage\":\"pl-PL\"},{\"@type\":\"Organization\",\"@id\":\"https:\\\/\\\/fotobum.pl\\\/blog\\\/#organization\",\"name\":\"Fotobum.pl\\\/blog\",\"url\":\"https:\\\/\\\/fotobum.pl\\\/blog\\\/\",\"logo\":{\"@type\":\"ImageObject\",\"inLanguage\":\"pl-PL\",\"@id\":\"https:\\\/\\\/fotobum.pl\\\/blog\\\/#\\\/schema\\\/logo\\\/image\\\/\",\"url\":\"https:\\\/\\\/fotobum.pl\\\/blog\\\/wp-content\\\/uploads\\\/2019\\\/07\\\/cropped-fotobum_logo.png\",\"contentUrl\":\"https:\\\/\\\/fotobum.pl\\\/blog\\\/wp-content\\\/uploads\\\/2019\\\/07\\\/cropped-fotobum_logo.png\",\"width\":210,\"height\":67,\"caption\":\"Fotobum.pl\\\/blog\"},\"image\":{\"@id\":\"https:\\\/\\\/fotobum.pl\\\/blog\\\/#\\\/schema\\\/logo\\\/image\\\/\"}},{\"@type\":\"Person\",\"@id\":\"https:\\\/\\\/fotobum.pl\\\/blog\\\/#\\\/schema\\\/person\\\/edd15ac5cab48171e1f2a38698c7e536\",\"name\":\"Fotobum\",\"image\":{\"@type\":\"ImageObject\",\"inLanguage\":\"pl-PL\",\"@id\":\"https:\\\/\\\/secure.gravatar.com\\\/avatar\\\/24b02673ce1161ec1d040a52860847d95f3f1246c5c811d20ea28738a8986c7e?s=96&d=mm&r=g\",\"url\":\"https:\\\/\\\/secure.gravatar.com\\\/avatar\\\/24b02673ce1161ec1d040a52860847d95f3f1246c5c811d20ea28738a8986c7e?s=96&d=mm&r=g\",\"contentUrl\":\"https:\\\/\\\/secure.gravatar.com\\\/avatar\\\/24b02673ce1161ec1d040a52860847d95f3f1246c5c811d20ea28738a8986c7e?s=96&d=mm&r=g\",\"caption\":\"Fotobum\"},\"url\":\"https:\\\/\\\/fotobum.pl\\\/blog\\\/author\\\/admin\\\/\"}]}<\/script>\n<!-- \/ Yoast SEO plugin. -->","yoast_head_json":{"title":"Unikalna drewniana ramka ze zdj\u0119ciem jako ozdoba wn\u0119trza - Fotobum.pl\/blog","description":"\ud83d\uddbc\ufe0f Podkre\u015bl swoje wspomnienia z nasz\u0105 unikaln\u0105 drewnian\u0105 ramk\u0105 ze zdj\u0119ciem. \ud83c\udf33 Zaprojektuj sw\u00f3j w\u0142asny model!\u27a1\ufe0f","robots":{"index":"index","follow":"follow","max-snippet":"max-snippet:-1","max-image-preview":"max-image-preview:large","max-video-preview":"max-video-preview:-1"},"canonical":"https:\/\/fotobum.pl\/blog\/unikalna-drewniana-ramka-ze-zdjeciem-jako-ozdoba-wnetrza\/","og_locale":"pl_PL","og_type":"article","og_title":"Unikalna drewniana ramka ze zdj\u0119ciem jako ozdoba wn\u0119trza - Fotobum.pl\/blog","og_description":"\ud83d\uddbc\ufe0f Podkre\u015bl swoje wspomnienia z nasz\u0105 unikaln\u0105 drewnian\u0105 ramk\u0105 ze zdj\u0119ciem. \ud83c\udf33 Zaprojektuj sw\u00f3j w\u0142asny model!\u27a1\ufe0f","og_url":"https:\/\/fotobum.pl\/blog\/unikalna-drewniana-ramka-ze-zdjeciem-jako-ozdoba-wnetrza\/","og_site_name":"Fotobum.pl\/blog","article_published_time":"2023-07-03T09:18:18+00:00","article_modified_time":"2023-07-03T09:18:20+00:00","og_image":[{"width":1000,"height":666,"url":"https:\/\/fotobum.pl\/blog\/wp-content\/uploads\/2023\/07\/Unikalna-drewniana-ramka-ze-zdjeciem-jako-ozdoba-wnetrza-cover.jpeg","type":"image\/jpeg"}],"author":"Fotobum","twitter_card":"summary_large_image","twitter_misc":{"Napisane przez":"Fotobum","Szacowany czas czytania":"5 minut"},"schema":{"@context":"https:\/\/schema.org","@graph":[{"@type":"Article","@id":"https:\/\/fotobum.pl\/blog\/unikalna-drewniana-ramka-ze-zdjeciem-jako-ozdoba-wnetrza\/#article","isPartOf":{"@id":"https:\/\/fotobum.pl\/blog\/unikalna-drewniana-ramka-ze-zdjeciem-jako-ozdoba-wnetrza\/"},"author":{"name":"Fotobum","@id":"https:\/\/fotobum.pl\/blog\/#\/schema\/person\/edd15ac5cab48171e1f2a38698c7e536"},"headline":"Unikalna drewniana ramka ze zdj\u0119ciem jako ozdoba wn\u0119trza","datePublished":"2023-07-03T09:18:18+00:00","dateModified":"2023-07-03T09:18:20+00:00","mainEntityOfPage":{"@id":"https:\/\/fotobum.pl\/blog\/unikalna-drewniana-ramka-ze-zdjeciem-jako-ozdoba-wnetrza\/"},"wordCount":1158,"commentCount":0,"publisher":{"@id":"https:\/\/fotobum.pl\/blog\/#organization"},"image":{"@id":"https:\/\/fotobum.pl\/blog\/unikalna-drewniana-ramka-ze-zdjeciem-jako-ozdoba-wnetrza\/#primaryimage"},"thumbnailUrl":"https:\/\/fotobum.pl\/blog\/wp-content\/uploads\/2023\/07\/Unikalna-drewniana-ramka-ze-zdjeciem-jako-ozdoba-wnetrza-cover.jpeg","inLanguage":"pl-PL","potentialAction":[{"@type":"CommentAction","name":"Comment","target":["https:\/\/fotobum.pl\/blog\/unikalna-drewniana-ramka-ze-zdjeciem-jako-ozdoba-wnetrza\/#respond"]}]},{"@type":"WebPage","@id":"https:\/\/fotobum.pl\/blog\/unikalna-drewniana-ramka-ze-zdjeciem-jako-ozdoba-wnetrza\/","url":"https:\/\/fotobum.pl\/blog\/unikalna-drewniana-ramka-ze-zdjeciem-jako-ozdoba-wnetrza\/","name":"Unikalna drewniana ramka ze zdj\u0119ciem jako ozdoba wn\u0119trza - Fotobum.pl\/blog","isPartOf":{"@id":"https:\/\/fotobum.pl\/blog\/#website"},"primaryImageOfPage":{"@id":"https:\/\/fotobum.pl\/blog\/unikalna-drewniana-ramka-ze-zdjeciem-jako-ozdoba-wnetrza\/#primaryimage"},"image":{"@id":"https:\/\/fotobum.pl\/blog\/unikalna-drewniana-ramka-ze-zdjeciem-jako-ozdoba-wnetrza\/#primaryimage"},"thumbnailUrl":"https:\/\/fotobum.pl\/blog\/wp-content\/uploads\/2023\/07\/Unikalna-drewniana-ramka-ze-zdjeciem-jako-ozdoba-wnetrza-cover.jpeg","datePublished":"2023-07-03T09:18:18+00:00","dateModified":"2023-07-03T09:18:20+00:00","description":"\ud83d\uddbc\ufe0f Podkre\u015bl swoje wspomnienia z nasz\u0105 unikaln\u0105 drewnian\u0105 ramk\u0105 ze zdj\u0119ciem. \ud83c\udf33 Zaprojektuj sw\u00f3j w\u0142asny model!\u27a1\ufe0f","breadcrumb":{"@id":"https:\/\/fotobum.pl\/blog\/unikalna-drewniana-ramka-ze-zdjeciem-jako-ozdoba-wnetrza\/#breadcrumb"},"inLanguage":"pl-PL","potentialAction":[{"@type":"ReadAction","target":["https:\/\/fotobum.pl\/blog\/unikalna-drewniana-ramka-ze-zdjeciem-jako-ozdoba-wnetrza\/"]}]},{"@type":"ImageObject","inLanguage":"pl-PL","@id":"https:\/\/fotobum.pl\/blog\/unikalna-drewniana-ramka-ze-zdjeciem-jako-ozdoba-wnetrza\/#primaryimage","url":"https:\/\/fotobum.pl\/blog\/wp-content\/uploads\/2023\/07\/Unikalna-drewniana-ramka-ze-zdjeciem-jako-ozdoba-wnetrza-cover.jpeg","contentUrl":"https:\/\/fotobum.pl\/blog\/wp-content\/uploads\/2023\/07\/Unikalna-drewniana-ramka-ze-zdjeciem-jako-ozdoba-wnetrza-cover.jpeg","width":1000,"height":666},{"@type":"BreadcrumbList","@id":"https:\/\/fotobum.pl\/blog\/unikalna-drewniana-ramka-ze-zdjeciem-jako-ozdoba-wnetrza\/#breadcrumb","itemListElement":[{"@type":"ListItem","position":1,"name":"Home","item":"https:\/\/fotobum.pl\/blog\/"},{"@type":"ListItem","position":2,"name":"Unikalna drewniana ramka ze zdj\u0119ciem jako ozdoba wn\u0119trza"}]},{"@type":"WebSite","@id":"https:\/\/fotobum.pl\/blog\/#website","url":"https:\/\/fotobum.pl\/blog\/","name":"Fotobum.pl\/blog","description":"Personalizowane produkty","publisher":{"@id":"https:\/\/fotobum.pl\/blog\/#organization"},"potentialAction":[{"@type":"SearchAction","target":{"@type":"EntryPoint","urlTemplate":"https:\/\/fotobum.pl\/blog\/?s={search_term_string}"},"query-input":{"@type":"PropertyValueSpecification","valueRequired":true,"valueName":"search_term_string"}}],"inLanguage":"pl-PL"},{"@type":"Organization","@id":"https:\/\/fotobum.pl\/blog\/#organization","name":"Fotobum.pl\/blog","url":"https:\/\/fotobum.pl\/blog\/","logo":{"@type":"ImageObject","inLanguage":"pl-PL","@id":"https:\/\/fotobum.pl\/blog\/#\/schema\/logo\/image\/","url":"https:\/\/fotobum.pl\/blog\/wp-content\/uploads\/2019\/07\/cropped-fotobum_logo.png","contentUrl":"https:\/\/fotobum.pl\/blog\/wp-content\/uploads\/2019\/07\/cropped-fotobum_logo.png","width":210,"height":67,"caption":"Fotobum.pl\/blog"},"image":{"@id":"https:\/\/fotobum.pl\/blog\/#\/schema\/logo\/image\/"}},{"@type":"Person","@id":"https:\/\/fotobum.pl\/blog\/#\/schema\/person\/edd15ac5cab48171e1f2a38698c7e536","name":"Fotobum","image":{"@type":"ImageObject","inLanguage":"pl-PL","@id":"https:\/\/secure.gravatar.com\/avatar\/24b02673ce1161ec1d040a52860847d95f3f1246c5c811d20ea28738a8986c7e?s=96&d=mm&r=g","url":"https:\/\/secure.gravatar.com\/avatar\/24b02673ce1161ec1d040a52860847d95f3f1246c5c811d20ea28738a8986c7e?s=96&d=mm&r=g","contentUrl":"https:\/\/secure.gravatar.com\/avatar\/24b02673ce1161ec1d040a52860847d95f3f1246c5c811d20ea28738a8986c7e?s=96&d=mm&r=g","caption":"Fotobum"},"url":"https:\/\/fotobum.pl\/blog\/author\/admin\/"}]}},"_links":{"self":[{"href":"https:\/\/fotobum.pl\/blog\/wp-json\/wp\/v2\/posts\/1598","targetHints":{"allow":["GET"]}}],"collection":[{"href":"https:\/\/fotobum.pl\/blog\/wp-json\/wp\/v2\/posts"}],"about":[{"href":"https:\/\/fotobum.pl\/blog\/wp-json\/wp\/v2\/types\/post"}],"author":[{"embeddable":true,"href":"https:\/\/fotobum.pl\/blog\/wp-json\/wp\/v2\/users\/1"}],"replies":[{"embeddable":true,"href":"https:\/\/fotobum.pl\/blog\/wp-json\/wp\/v2\/comments?post=1598"}],"version-history":[{"count":1,"href":"https:\/\/fotobum.pl\/blog\/wp-json\/wp\/v2\/posts\/1598\/revisions"}],"predecessor-version":[{"id":1600,"href":"https:\/\/fotobum.pl\/blog\/wp-json\/wp\/v2\/posts\/1598\/revisions\/1600"}],"wp:featuredmedia":[{"embeddable":true,"href":"https:\/\/fotobum.pl\/blog\/wp-json\/wp\/v2\/media\/1599"}],"wp:attachment":[{"href":"https:\/\/fotobum.pl\/blog\/wp-json\/wp\/v2\/media?parent=1598"}],"wp:term":[{"taxonomy":"category","embeddable":true,"href":"https:\/\/fotobum.pl\/blog\/wp-json\/wp\/v2\/categories?post=1598"},{"taxonomy":"post_tag","embeddable":true,"href":"https:\/\/fotobum.pl\/blog\/wp-json\/wp\/v2\/tags?post=1598"}],"curies":[{"name":"wp","href":"https:\/\/api.w.org\/{rel}","templated":true}]}}