{"id":1475,"date":"2023-04-21T10:26:49","date_gmt":"2023-04-21T08:26:49","guid":{"rendered":"https:\/\/fotobum.pl\/blog\/?p=1475"},"modified":"2023-04-21T10:29:29","modified_gmt":"2023-04-21T08:29:29","slug":"drewniane-podziekowania-dla-rodzicow-na-slub-ze-zdjeciem-i-dedykacja","status":"publish","type":"post","link":"https:\/\/fotobum.pl\/blog\/drewniane-podziekowania-dla-rodzicow-na-slub-ze-zdjeciem-i-dedykacja\/","title":{"rendered":"Drewniane podzi\u0119kowania dla rodzic\u00f3w na \u015blub ze zdj\u0119ciem i dedykacj\u0105"},"content":{"rendered":"\n\n\n<p>Drewniane podzi\u0119kowania dla rodzic\u00f3w na \u015blub to wyj\u0105tkowy spos\u00f3b na wyra\u017cenie wdzi\u0119czno\u015bci i mi\u0142o\u015bci wobec najbli\u017cszych. W tym artykule przedstawiamy niezwyk\u0142e podzi\u0119kowania \u0142\u0105cz\u0105ce si\u0142\u0119 s\u0142\u00f3w z pi\u0119knem zdj\u0119\u0107 nadrukowanych na drewnianej desce. Dzi\u0119ki wykorzystaniu nowoczesnych technik druku na drewnie zdj\u0119cia zyskuj\u0105 niepowtarzalny, ciep\u0142y charakter. Dedykacja, umieszczona obok fotografii, dodaje wyj\u0105tkowego, osobistego akcentu, sprawiaj\u0105c, \u017ce drewniane podzi\u0119kowania stan\u0105 si\u0119 pami\u0105tk\u0105 na ca\u0142e \u017cycie.<\/p>\n\n\n\n<ol class=\"wp-block-list\"><li><a href=\"#blog1\">Zalety drewnianych podzi\u0119kowa\u0144.<\/a><\/li><li><a href=\"#blog2\">Wyb\u00f3r idealnego zdj\u0119cia.<\/a><\/li><li><a href=\"#blog3\">Nadruk UV na drewnie.<\/a><\/li><li><a href=\"#blog4\">Inspiracje na dedykacj\u0119 dla rodzic\u00f3w.<\/a><\/li><li><a href=\"#blog5\">Tworzenie i zamawianie fotoPrezentu w Fotobum.<\/a><\/li><\/ol>\n\n\n\n<h2 class=\"wp-block-heading\" id=\"blog1\">Dlaczego warto wybra\u0107 drewniane podzi\u0119kowanie?<\/h2>\n\n\n\n<p>Wyb\u00f3r drewnianego <a href=\"https:\/\/fotobum.pl\/produkty?przeznaczenie=na-wesele,na-slub\">podzi\u0119kowania dla rodzic\u00f3w na \u015blub<\/a> to doskona\u0142e rozwi\u0105zanie dla tych, kt\u00f3rzy ceni\u0105 niepowtarzalno\u015b\u0107, naturalno\u015b\u0107 i dba\u0142o\u015b\u0107 o \u015brodowisko. Drewno ma unikatow\u0105 struktur\u0119, kt\u00f3ra sprawia, \u017ce ka\u017cda ramka jest inna i wyj\u0105tkowa. Us\u0142ojenie oraz odcienie drewna nadaj\u0105 zdj\u0119ciu i dedykacji ciep\u0142y, autentyczny charakter, kt\u00f3ry podkre\u015bla g\u0142\u0119bokie uczucia wyra\u017cane na podzi\u0119kowaniu.<\/p>\n\n\n\n<p>Drewno to tak\u017ce ekologiczny materia\u0142, kt\u00f3ry jest odnawialny i biodegradowalny. Wybieraj\u0105c drewniane podzi\u0119kowanie, wspierasz zr\u00f3wnowa\u017cony rozw\u00f3j i dbasz o zdrowie naszej planety. To wa\u017cne przes\u0142anie, zw\u0142aszcza w kontek\u015bcie \u015blubu, kt\u00f3ry jest symbolem nowego pocz\u0105tku i wsp\u00f3lnego \u017cycia.<\/p>\n\n\n\n<p>Drewniane podzi\u0119kowanie \u015bwietnie wpisuje si\u0119 tak\u017ce w estetyk\u0119 wn\u0119trz rustykalnych, gdzie dominuj\u0105 naturalne materia\u0142y, proste formy i spokojne kolory. Taki prezent b\u0119dzie harmonijnie komponowa\u0107 si\u0119 z otoczeniem, a jednocze\u015bnie przyci\u0105ga\u0107 wzrok i zachwyca\u0107 swoj\u0105 niezwyk\u0142o\u015bci\u0105.<\/p>\n\n\n\n<h2 class=\"wp-block-heading\" id=\"blog1\">Wyb\u00f3r idealnego zdj\u0119cia \u2013 jak uchwyci\u0107 wspomnienia na drewnianej desce<\/h2>\n\n\n\n<p>Wyb\u00f3r idealnego zdj\u0119cia to kluczowy element podzi\u0119kowa\u0144 dla rodzic\u00f3w na \u015blub. Aby uchwyci\u0107 wspomnienia na drewnianej desce, warto po\u015bwi\u0119ci\u0107 czas na przegl\u0105danie album\u00f3w rodzinnych lub przeszukiwanie cyfrowych galerii. Wsp\u00f3lne zdj\u0119cia z r\u00f3\u017cnych etap\u00f3w \u017cycia, takie jak dzieci\u0144stwo, uroczysto\u015bci rodzinne czy wsp\u00f3lne wakacje, mog\u0105 stanowi\u0107 doskona\u0142e t\u0142o dla wyra\u017cenia wdzi\u0119czno\u015bci rodzicom.<\/p>\n\n\n\n<p>Przy wyborze zdj\u0119cia warto zwr\u00f3ci\u0107 uwag\u0119 na jako\u015b\u0107 oraz kolorystyk\u0119, aby uzyska\u0107 optymalny efekt druku na drewnie. Zdj\u0119cia o wysokiej rozdzielczo\u015bci oraz wyra\u017anych kolorach sprawdz\u0105 si\u0119 najlepiej. Pami\u0119taj, \u017ce drewno wprowadza do obrazu ciep\u0142e, naturalne tony, kt\u00f3re mog\u0105 dodatkowo podkre\u015bli\u0107 emocje zawarte w fotografii.<\/p>\n\n\n\n<p>Nie b\u00f3j si\u0119 eksperymentowa\u0107 z formatem zdj\u0119cia \u2013 zar\u00f3wno klasyczne, poziome kadry, jak i pionowe czy kwadratowe mog\u0105 wygl\u0105da\u0107 efektownie na drewnianej desce. Wsp\u00f3\u0142praca z profesjonalnym fotografem lub grafikiem mo\u017ce pom\u00f3c w odpowiednim przygotowaniu zdj\u0119cia tak, aby drewniane podzi\u0119kowanie by\u0142o pami\u0105tk\u0105 wart\u0105 zachowania na lata.<\/p>\n\n\n\n<h2 class=\"wp-block-heading\" id=\"blog3\">Techniki druku na drewnie<\/h2>\n\n\n\n<p>Dost\u0119pnych jest wiele metod druku, a jedn\u0105 z nich jest druk UV, kt\u00f3ry wykorzystywany jest mi\u0119dzy innymi do druku na drewnie. To nowoczesne rozwi\u0105zanie, kt\u00f3re pozwala na uzyskanie wyj\u0105tkowych, trwa\u0142ych i estetycznych efekt\u00f3w. Druk UV polega na utwardzaniu tuszu za pomoc\u0105 promieniowania ultrafioletowego, co sprawia, \u017ce kolory s\u0105 \u017cywe, wyra\u017ane i odporne na blakni\u0119cie.<\/p>\n\n\n\n<p>Drukowanie na drewnie za pomoc\u0105 technologii UV ma wiele zalet. Po pierwsze, jest to proces ekologiczny, poniewa\u017c nie wymaga stosowania rozpuszczalnik\u00f3w czy dodatkowych warstw lakier\u00f3w. Po drugie, druk UV pozwala na uzyskanie wyj\u0105tkowej trwa\u0142o\u015bci i odporno\u015bci na warunki atmosferyczne oraz uszkodzenia mechaniczne.<\/p>\n\n\n\n<p>Dzi\u0119ki drukowi UV zdj\u0119cia i dedykacje na drewnianych podzi\u0119kowaniach dla rodzic\u00f3w na \u015blub prezentuj\u0105 si\u0119 niezwykle estetycznie, a jednocze\u015bnie s\u0105 trwa\u0142e i \u0142atwe w konserwacji. To doskona\u0142e rozwi\u0105zanie dla os\u00f3b poszukuj\u0105cych pami\u0105tki na ca\u0142e \u017cycie.<\/p>\n\n\n\n<h2 class=\"wp-block-heading\" id=\"blog4\">Personalizacja dedykacji: pomys\u0142y na wzruszaj\u0105ce s\u0142owa wdzi\u0119czno\u015bci<\/h2>\n\n\n\n<p>Personalizacja dedykacji na drewnianym podzi\u0119kowaniu dla rodzic\u00f3w na \u015blub to niezwykle istotny element, kt\u00f3ry nadaje ca\u0142o\u015bci wyj\u0105tkowego, osobistego charakteru. Pomys\u0142\u00f3w na wzruszaj\u0105ce s\u0142owa wdzi\u0119czno\u015bci jest wiele, a ich dob\u00f3r zale\u017cy od indywidualnych preferencji oraz relacji z rodzicami. Poni\u017cej przedstawiamy kilka propozycji, kt\u00f3re mog\u0105 stanowi\u0107 inspiracj\u0119 przy tworzeniu w\u0142asnej dedykacji.<\/p>\n\n\n\n<ul class=\"wp-block-list\"><li>Proste, ale pe\u0142ne uczucia podzi\u0119kowanie: &#8222;Dzi\u0119kujemy za mi\u0142o\u015b\u0107, wsparcie i cenne nauki. Jeste\u015bmy wdzi\u0119czni, \u017ce mogli\u015bmy wzrasta\u0107 przy Was.&#8221;<\/li><li>Cytat z literatury lub poezji, kt\u00f3ry oddaje Wasze uczucia: &#8222;Jak s\u0142owa s\u0105 niezb\u0119dne, tak mi\u0142o\u015b\u0107 jest niezb\u0119dna. Dzi\u0119kujemy Wam za wszystko, co dla nas zrobili\u015bcie.&#8221;<\/li><li>Wyra\u017cenie uczu\u0107 za pomoc\u0105 metafory: &#8222;Podobnie jak drzewo, kt\u00f3rego korzenie si\u0119gaj\u0105 g\u0142\u0119boko w ziemi, tak Wasza mi\u0142o\u015b\u0107 da\u0142a nam moc i poczucie bezpiecze\u0144stwa.&#8221;<\/li><\/ul>\n\n\n\n<p>Dedykacj\u0119 mo\u017cna tak\u017ce dopasowa\u0107 do tematyki \u015blubu lub uwzgl\u0119dni\u0107 elementy zwi\u0105zane z przekazywanymi warto\u015bciami, tradycjami czy wsp\u00f3lnymi zainteresowaniami. Wa\u017cne jest, aby s\u0142owa by\u0142y szczere i odzwierciedla\u0142y uczucia Pary M\u0142odej wobec rodzic\u00f3w. Dobrze dobrana dedykacja sprawi, \u017ce drewniane podzi\u0119kowanie stanie si\u0119 nie tylko pi\u0119kn\u0105 pami\u0105tk\u0105, ale tak\u017ce wzruszaj\u0105cym wyznaniem mi\u0142o\u015bci i wdzi\u0119czno\u015bci.<\/p>\n\n\n\n<h2 class=\"wp-block-heading\" id=\"blog5\">Jak zam\u00f3wi\u0107 drewniane podzi\u0119kowania: od projektu do realizacji?<\/h2>\n\n\n\n<p>Zamawianie drewnianych podzi\u0119kowa\u0144 dla rodzic\u00f3w na \u015blub mo\u017ce by\u0107 jeszcze prostsze, a to dzi\u0119ki intuicyjnemu kreatorowi, jaki jest dost\u0119pny w Fotobum. To narz\u0119dzie umo\u017cliwia samodzielne zaprojektowanie fotoPrezentu, w tym plakatu, <a href=\"https:\/\/fotobum.pl\/kategoria\/1055-obrazy-na-plotnie?przeznaczenie=na-wesele,na-slub\">obrazu<\/a>, czy zdj\u0119cia na drewnie, dzi\u0119ki \u0142atwemu w obs\u0142udze interfejsowi i szerokiemu wyborowi opcji personalizacji.<\/p>\n\n\n\n<p>Fotobum pozwala na przes\u0142anie w\u0142asnego zdj\u0119cia, a nast\u0119pnie dostosowanie jego rozmiaru, kadru i ustawienia na drewnianej desce. Kreator umo\u017cliwia tak\u017ce dodanie dedykacji, z mo\u017cliwo\u015bci\u0105 wyboru czcionki, koloru i umieszczenia tekstu na projekcie. Dzi\u0119ki temu mo\u017cna w pe\u0142ni kontrolowa\u0107 wygl\u0105d fotoPrezentu i dostosowa\u0107 go do w\u0142asnych preferencji oraz oczekiwa\u0144 rodzic\u00f3w.<\/p>\n\n\n\n<p>W trakcie projektowania <a href=\"https:\/\/fotobum.pl\/kategoria\/1057-ramki?przeznaczenie=na-wesele,na-slub\">zdj\u0119cia na drewnie<\/a> warto skorzysta\u0107 z podpowiedzi i rekomendacji systemu, kt\u00f3re pomog\u0105 uzyska\u0107 najlepszy efekt. Po zatwierdzeniu projektu Fotobum zajmuje si\u0119 jego realizacj\u0105, korzystaj\u0105c z wysokiej jako\u015bci materia\u0142\u00f3w i nowoczesnych technik druku, takich jak druk UV.<\/p>\n\n\n\n<p>Korzystaj\u0105c z kreatora w Fotobum mo\u017cna bez trudu zaprojektowa\u0107 w\u0142asne, unikalne, drewniane podzi\u0119kowanie dla rodzic\u00f3w na \u015blub, kt\u00f3re b\u0119dzie pi\u0119kn\u0105 i wzruszaj\u0105c\u0105 pami\u0105tk\u0105.<\/p>\n","protected":false},"excerpt":{"rendered":"<p>Drewniane podzi\u0119kowania dla rodzic\u00f3w na \u015blub to wyj\u0105tkowy spos\u00f3b na wyra\u017cenie wdzi\u0119czno\u015bci i mi\u0142o\u015bci wobec najbli\u017cszych. W tym artykule przedstawiamy niezwyk\u0142e podzi\u0119kowania \u0142\u0105cz\u0105ce si\u0142\u0119 s\u0142\u00f3w z pi\u0119knem zdj\u0119\u0107 nadrukowanych na drewnianej desce. Dzi\u0119ki wykorzystaniu nowoczesnych technik druku na drewnie zdj\u0119cia zyskuj\u0105 niepowtarzalny, ciep\u0142y charakter. Dedykacja, umieszczona obok fotografii, dodaje wyj\u0105tkowego, osobistego akcentu, sprawiaj\u0105c, \u017ce drewniane podzi\u0119kowania stan\u0105 si\u0119 pami\u0105tk\u0105 na ca\u0142e \u017cycie. Zalety drewnianych podzi\u0119kowa\u0144. Wyb\u00f3r idealnego zdj\u0119cia. Nadruk UV [&hellip;]<\/p>\n","protected":false},"author":1,"featured_media":1477,"comment_status":"open","ping_status":"closed","sticky":false,"template":"","format":"image","meta":{"footnotes":""},"categories":[1],"tags":[],"class_list":["post-1475","post","type-post","status-publish","format-image","has-post-thumbnail","hentry","category-bez-kategorii","post_format-post-format-image"],"yoast_head":"<!-- This site is optimized with the Yoast SEO plugin v27.5 - https:\/\/yoast.com\/product\/yoast-seo-wordpress\/ -->\n<title>Drewniane podzi\u0119kowania dla rodzic\u00f3w na \u015blub ze zdj\u0119ciem i dedykacj\u0105 - Fotobum.pl\/blog<\/title>\n<meta name=\"description\" content=\"Stw\u00f3rz niezapomniane drewniane podzi\u0119kowania dla rodzic\u00f3w na \u015blub! Odkryj pomys\u0142y i inspiracje \ud83c\udf33\ud83d\udc95\u270d\ufe0f Kliknij i dowiedz si\u0119 wi\u0119cej!\" \/>\n<meta name=\"robots\" content=\"index, follow, max-snippet:-1, max-image-preview:large, max-video-preview:-1\" \/>\n<link rel=\"canonical\" href=\"https:\/\/fotobum.pl\/blog\/drewniane-podziekowania-dla-rodzicow-na-slub-ze-zdjeciem-i-dedykacja\/\" \/>\n<meta property=\"og:locale\" content=\"pl_PL\" \/>\n<meta property=\"og:type\" content=\"article\" \/>\n<meta property=\"og:title\" content=\"Drewniane podzi\u0119kowania dla rodzic\u00f3w na \u015blub ze zdj\u0119ciem i dedykacj\u0105 - Fotobum.pl\/blog\" \/>\n<meta property=\"og:description\" content=\"Stw\u00f3rz niezapomniane drewniane podzi\u0119kowania dla rodzic\u00f3w na \u015blub! Odkryj pomys\u0142y i inspiracje \ud83c\udf33\ud83d\udc95\u270d\ufe0f Kliknij i dowiedz si\u0119 wi\u0119cej!\" \/>\n<meta property=\"og:url\" content=\"https:\/\/fotobum.pl\/blog\/drewniane-podziekowania-dla-rodzicow-na-slub-ze-zdjeciem-i-dedykacja\/\" \/>\n<meta property=\"og:site_name\" content=\"Fotobum.pl\/blog\" \/>\n<meta property=\"article:published_time\" content=\"2023-04-21T08:26:49+00:00\" \/>\n<meta property=\"article:modified_time\" content=\"2023-04-21T08:29:29+00:00\" \/>\n<meta property=\"og:image\" content=\"https:\/\/fotobum.pl\/blog\/wp-content\/uploads\/2023\/04\/podziekowanie-dla-rodzicow-zdjecie-na-drewnie.jpeg\" \/>\n\t<meta property=\"og:image:width\" content=\"750\" \/>\n\t<meta property=\"og:image:height\" content=\"500\" \/>\n\t<meta property=\"og:image:type\" content=\"image\/jpeg\" \/>\n<meta name=\"author\" content=\"Fotobum\" \/>\n<meta name=\"twitter:card\" content=\"summary_large_image\" \/>\n<meta name=\"twitter:label1\" content=\"Napisane przez\" \/>\n\t<meta name=\"twitter:data1\" content=\"Fotobum\" \/>\n\t<meta name=\"twitter:label2\" content=\"Szacowany czas czytania\" \/>\n\t<meta name=\"twitter:data2\" content=\"4 minuty\" \/>\n<script type=\"application\/ld+json\" class=\"yoast-schema-graph\">{\"@context\":\"https:\\\/\\\/schema.org\",\"@graph\":[{\"@type\":\"Article\",\"@id\":\"https:\\\/\\\/fotobum.pl\\\/blog\\\/drewniane-podziekowania-dla-rodzicow-na-slub-ze-zdjeciem-i-dedykacja\\\/#article\",\"isPartOf\":{\"@id\":\"https:\\\/\\\/fotobum.pl\\\/blog\\\/drewniane-podziekowania-dla-rodzicow-na-slub-ze-zdjeciem-i-dedykacja\\\/\"},\"author\":{\"name\":\"Fotobum\",\"@id\":\"https:\\\/\\\/fotobum.pl\\\/blog\\\/#\\\/schema\\\/person\\\/edd15ac5cab48171e1f2a38698c7e536\"},\"headline\":\"Drewniane podzi\u0119kowania dla rodzic\u00f3w na \u015blub ze zdj\u0119ciem i dedykacj\u0105\",\"datePublished\":\"2023-04-21T08:26:49+00:00\",\"dateModified\":\"2023-04-21T08:29:29+00:00\",\"mainEntityOfPage\":{\"@id\":\"https:\\\/\\\/fotobum.pl\\\/blog\\\/drewniane-podziekowania-dla-rodzicow-na-slub-ze-zdjeciem-i-dedykacja\\\/\"},\"wordCount\":1087,\"commentCount\":0,\"publisher\":{\"@id\":\"https:\\\/\\\/fotobum.pl\\\/blog\\\/#organization\"},\"image\":{\"@id\":\"https:\\\/\\\/fotobum.pl\\\/blog\\\/drewniane-podziekowania-dla-rodzicow-na-slub-ze-zdjeciem-i-dedykacja\\\/#primaryimage\"},\"thumbnailUrl\":\"https:\\\/\\\/fotobum.pl\\\/blog\\\/wp-content\\\/uploads\\\/2023\\\/04\\\/podziekowanie-dla-rodzicow-zdjecie-na-drewnie.jpeg\",\"inLanguage\":\"pl-PL\",\"potentialAction\":[{\"@type\":\"CommentAction\",\"name\":\"Comment\",\"target\":[\"https:\\\/\\\/fotobum.pl\\\/blog\\\/drewniane-podziekowania-dla-rodzicow-na-slub-ze-zdjeciem-i-dedykacja\\\/#respond\"]}]},{\"@type\":\"WebPage\",\"@id\":\"https:\\\/\\\/fotobum.pl\\\/blog\\\/drewniane-podziekowania-dla-rodzicow-na-slub-ze-zdjeciem-i-dedykacja\\\/\",\"url\":\"https:\\\/\\\/fotobum.pl\\\/blog\\\/drewniane-podziekowania-dla-rodzicow-na-slub-ze-zdjeciem-i-dedykacja\\\/\",\"name\":\"Drewniane podzi\u0119kowania dla rodzic\u00f3w na \u015blub ze zdj\u0119ciem i dedykacj\u0105 - Fotobum.pl\\\/blog\",\"isPartOf\":{\"@id\":\"https:\\\/\\\/fotobum.pl\\\/blog\\\/#website\"},\"primaryImageOfPage\":{\"@id\":\"https:\\\/\\\/fotobum.pl\\\/blog\\\/drewniane-podziekowania-dla-rodzicow-na-slub-ze-zdjeciem-i-dedykacja\\\/#primaryimage\"},\"image\":{\"@id\":\"https:\\\/\\\/fotobum.pl\\\/blog\\\/drewniane-podziekowania-dla-rodzicow-na-slub-ze-zdjeciem-i-dedykacja\\\/#primaryimage\"},\"thumbnailUrl\":\"https:\\\/\\\/fotobum.pl\\\/blog\\\/wp-content\\\/uploads\\\/2023\\\/04\\\/podziekowanie-dla-rodzicow-zdjecie-na-drewnie.jpeg\",\"datePublished\":\"2023-04-21T08:26:49+00:00\",\"dateModified\":\"2023-04-21T08:29:29+00:00\",\"description\":\"Stw\u00f3rz niezapomniane drewniane podzi\u0119kowania dla rodzic\u00f3w na \u015blub! Odkryj pomys\u0142y i inspiracje \ud83c\udf33\ud83d\udc95\u270d\ufe0f Kliknij i dowiedz si\u0119 wi\u0119cej!\",\"breadcrumb\":{\"@id\":\"https:\\\/\\\/fotobum.pl\\\/blog\\\/drewniane-podziekowania-dla-rodzicow-na-slub-ze-zdjeciem-i-dedykacja\\\/#breadcrumb\"},\"inLanguage\":\"pl-PL\",\"potentialAction\":[{\"@type\":\"ReadAction\",\"target\":[\"https:\\\/\\\/fotobum.pl\\\/blog\\\/drewniane-podziekowania-dla-rodzicow-na-slub-ze-zdjeciem-i-dedykacja\\\/\"]}]},{\"@type\":\"ImageObject\",\"inLanguage\":\"pl-PL\",\"@id\":\"https:\\\/\\\/fotobum.pl\\\/blog\\\/drewniane-podziekowania-dla-rodzicow-na-slub-ze-zdjeciem-i-dedykacja\\\/#primaryimage\",\"url\":\"https:\\\/\\\/fotobum.pl\\\/blog\\\/wp-content\\\/uploads\\\/2023\\\/04\\\/podziekowanie-dla-rodzicow-zdjecie-na-drewnie.jpeg\",\"contentUrl\":\"https:\\\/\\\/fotobum.pl\\\/blog\\\/wp-content\\\/uploads\\\/2023\\\/04\\\/podziekowanie-dla-rodzicow-zdjecie-na-drewnie.jpeg\",\"width\":750,\"height\":500,\"caption\":\"Drewniane podzi\u0119kowania dla rodzic\u00f3w na \u015blub ze zdj\u0119ciem i dedykacj\u0105\"},{\"@type\":\"BreadcrumbList\",\"@id\":\"https:\\\/\\\/fotobum.pl\\\/blog\\\/drewniane-podziekowania-dla-rodzicow-na-slub-ze-zdjeciem-i-dedykacja\\\/#breadcrumb\",\"itemListElement\":[{\"@type\":\"ListItem\",\"position\":1,\"name\":\"Home\",\"item\":\"https:\\\/\\\/fotobum.pl\\\/blog\\\/\"},{\"@type\":\"ListItem\",\"position\":2,\"name\":\"Drewniane podzi\u0119kowania dla rodzic\u00f3w na \u015blub ze zdj\u0119ciem i dedykacj\u0105\"}]},{\"@type\":\"WebSite\",\"@id\":\"https:\\\/\\\/fotobum.pl\\\/blog\\\/#website\",\"url\":\"https:\\\/\\\/fotobum.pl\\\/blog\\\/\",\"name\":\"Fotobum.pl\\\/blog\",\"description\":\"Personalizowane produkty\",\"publisher\":{\"@id\":\"https:\\\/\\\/fotobum.pl\\\/blog\\\/#organization\"},\"potentialAction\":[{\"@type\":\"SearchAction\",\"target\":{\"@type\":\"EntryPoint\",\"urlTemplate\":\"https:\\\/\\\/fotobum.pl\\\/blog\\\/?s={search_term_string}\"},\"query-input\":{\"@type\":\"PropertyValueSpecification\",\"valueRequired\":true,\"valueName\":\"search_term_string\"}}],\"inLanguage\":\"pl-PL\"},{\"@type\":\"Organization\",\"@id\":\"https:\\\/\\\/fotobum.pl\\\/blog\\\/#organization\",\"name\":\"Fotobum.pl\\\/blog\",\"url\":\"https:\\\/\\\/fotobum.pl\\\/blog\\\/\",\"logo\":{\"@type\":\"ImageObject\",\"inLanguage\":\"pl-PL\",\"@id\":\"https:\\\/\\\/fotobum.pl\\\/blog\\\/#\\\/schema\\\/logo\\\/image\\\/\",\"url\":\"https:\\\/\\\/fotobum.pl\\\/blog\\\/wp-content\\\/uploads\\\/2019\\\/07\\\/cropped-fotobum_logo.png\",\"contentUrl\":\"https:\\\/\\\/fotobum.pl\\\/blog\\\/wp-content\\\/uploads\\\/2019\\\/07\\\/cropped-fotobum_logo.png\",\"width\":210,\"height\":67,\"caption\":\"Fotobum.pl\\\/blog\"},\"image\":{\"@id\":\"https:\\\/\\\/fotobum.pl\\\/blog\\\/#\\\/schema\\\/logo\\\/image\\\/\"}},{\"@type\":\"Person\",\"@id\":\"https:\\\/\\\/fotobum.pl\\\/blog\\\/#\\\/schema\\\/person\\\/edd15ac5cab48171e1f2a38698c7e536\",\"name\":\"Fotobum\",\"image\":{\"@type\":\"ImageObject\",\"inLanguage\":\"pl-PL\",\"@id\":\"https:\\\/\\\/secure.gravatar.com\\\/avatar\\\/24b02673ce1161ec1d040a52860847d95f3f1246c5c811d20ea28738a8986c7e?s=96&d=mm&r=g\",\"url\":\"https:\\\/\\\/secure.gravatar.com\\\/avatar\\\/24b02673ce1161ec1d040a52860847d95f3f1246c5c811d20ea28738a8986c7e?s=96&d=mm&r=g\",\"contentUrl\":\"https:\\\/\\\/secure.gravatar.com\\\/avatar\\\/24b02673ce1161ec1d040a52860847d95f3f1246c5c811d20ea28738a8986c7e?s=96&d=mm&r=g\",\"caption\":\"Fotobum\"},\"url\":\"https:\\\/\\\/fotobum.pl\\\/blog\\\/author\\\/admin\\\/\"}]}<\/script>\n<!-- \/ Yoast SEO plugin. -->","yoast_head_json":{"title":"Drewniane podzi\u0119kowania dla rodzic\u00f3w na \u015blub ze zdj\u0119ciem i dedykacj\u0105 - Fotobum.pl\/blog","description":"Stw\u00f3rz niezapomniane drewniane podzi\u0119kowania dla rodzic\u00f3w na \u015blub! Odkryj pomys\u0142y i inspiracje \ud83c\udf33\ud83d\udc95\u270d\ufe0f Kliknij i dowiedz si\u0119 wi\u0119cej!","robots":{"index":"index","follow":"follow","max-snippet":"max-snippet:-1","max-image-preview":"max-image-preview:large","max-video-preview":"max-video-preview:-1"},"canonical":"https:\/\/fotobum.pl\/blog\/drewniane-podziekowania-dla-rodzicow-na-slub-ze-zdjeciem-i-dedykacja\/","og_locale":"pl_PL","og_type":"article","og_title":"Drewniane podzi\u0119kowania dla rodzic\u00f3w na \u015blub ze zdj\u0119ciem i dedykacj\u0105 - Fotobum.pl\/blog","og_description":"Stw\u00f3rz niezapomniane drewniane podzi\u0119kowania dla rodzic\u00f3w na \u015blub! Odkryj pomys\u0142y i inspiracje \ud83c\udf33\ud83d\udc95\u270d\ufe0f Kliknij i dowiedz si\u0119 wi\u0119cej!","og_url":"https:\/\/fotobum.pl\/blog\/drewniane-podziekowania-dla-rodzicow-na-slub-ze-zdjeciem-i-dedykacja\/","og_site_name":"Fotobum.pl\/blog","article_published_time":"2023-04-21T08:26:49+00:00","article_modified_time":"2023-04-21T08:29:29+00:00","og_image":[{"width":750,"height":500,"url":"https:\/\/fotobum.pl\/blog\/wp-content\/uploads\/2023\/04\/podziekowanie-dla-rodzicow-zdjecie-na-drewnie.jpeg","type":"image\/jpeg"}],"author":"Fotobum","twitter_card":"summary_large_image","twitter_misc":{"Napisane przez":"Fotobum","Szacowany czas czytania":"4 minuty"},"schema":{"@context":"https:\/\/schema.org","@graph":[{"@type":"Article","@id":"https:\/\/fotobum.pl\/blog\/drewniane-podziekowania-dla-rodzicow-na-slub-ze-zdjeciem-i-dedykacja\/#article","isPartOf":{"@id":"https:\/\/fotobum.pl\/blog\/drewniane-podziekowania-dla-rodzicow-na-slub-ze-zdjeciem-i-dedykacja\/"},"author":{"name":"Fotobum","@id":"https:\/\/fotobum.pl\/blog\/#\/schema\/person\/edd15ac5cab48171e1f2a38698c7e536"},"headline":"Drewniane podzi\u0119kowania dla rodzic\u00f3w na \u015blub ze zdj\u0119ciem i dedykacj\u0105","datePublished":"2023-04-21T08:26:49+00:00","dateModified":"2023-04-21T08:29:29+00:00","mainEntityOfPage":{"@id":"https:\/\/fotobum.pl\/blog\/drewniane-podziekowania-dla-rodzicow-na-slub-ze-zdjeciem-i-dedykacja\/"},"wordCount":1087,"commentCount":0,"publisher":{"@id":"https:\/\/fotobum.pl\/blog\/#organization"},"image":{"@id":"https:\/\/fotobum.pl\/blog\/drewniane-podziekowania-dla-rodzicow-na-slub-ze-zdjeciem-i-dedykacja\/#primaryimage"},"thumbnailUrl":"https:\/\/fotobum.pl\/blog\/wp-content\/uploads\/2023\/04\/podziekowanie-dla-rodzicow-zdjecie-na-drewnie.jpeg","inLanguage":"pl-PL","potentialAction":[{"@type":"CommentAction","name":"Comment","target":["https:\/\/fotobum.pl\/blog\/drewniane-podziekowania-dla-rodzicow-na-slub-ze-zdjeciem-i-dedykacja\/#respond"]}]},{"@type":"WebPage","@id":"https:\/\/fotobum.pl\/blog\/drewniane-podziekowania-dla-rodzicow-na-slub-ze-zdjeciem-i-dedykacja\/","url":"https:\/\/fotobum.pl\/blog\/drewniane-podziekowania-dla-rodzicow-na-slub-ze-zdjeciem-i-dedykacja\/","name":"Drewniane podzi\u0119kowania dla rodzic\u00f3w na \u015blub ze zdj\u0119ciem i dedykacj\u0105 - Fotobum.pl\/blog","isPartOf":{"@id":"https:\/\/fotobum.pl\/blog\/#website"},"primaryImageOfPage":{"@id":"https:\/\/fotobum.pl\/blog\/drewniane-podziekowania-dla-rodzicow-na-slub-ze-zdjeciem-i-dedykacja\/#primaryimage"},"image":{"@id":"https:\/\/fotobum.pl\/blog\/drewniane-podziekowania-dla-rodzicow-na-slub-ze-zdjeciem-i-dedykacja\/#primaryimage"},"thumbnailUrl":"https:\/\/fotobum.pl\/blog\/wp-content\/uploads\/2023\/04\/podziekowanie-dla-rodzicow-zdjecie-na-drewnie.jpeg","datePublished":"2023-04-21T08:26:49+00:00","dateModified":"2023-04-21T08:29:29+00:00","description":"Stw\u00f3rz niezapomniane drewniane podzi\u0119kowania dla rodzic\u00f3w na \u015blub! Odkryj pomys\u0142y i inspiracje \ud83c\udf33\ud83d\udc95\u270d\ufe0f Kliknij i dowiedz si\u0119 wi\u0119cej!","breadcrumb":{"@id":"https:\/\/fotobum.pl\/blog\/drewniane-podziekowania-dla-rodzicow-na-slub-ze-zdjeciem-i-dedykacja\/#breadcrumb"},"inLanguage":"pl-PL","potentialAction":[{"@type":"ReadAction","target":["https:\/\/fotobum.pl\/blog\/drewniane-podziekowania-dla-rodzicow-na-slub-ze-zdjeciem-i-dedykacja\/"]}]},{"@type":"ImageObject","inLanguage":"pl-PL","@id":"https:\/\/fotobum.pl\/blog\/drewniane-podziekowania-dla-rodzicow-na-slub-ze-zdjeciem-i-dedykacja\/#primaryimage","url":"https:\/\/fotobum.pl\/blog\/wp-content\/uploads\/2023\/04\/podziekowanie-dla-rodzicow-zdjecie-na-drewnie.jpeg","contentUrl":"https:\/\/fotobum.pl\/blog\/wp-content\/uploads\/2023\/04\/podziekowanie-dla-rodzicow-zdjecie-na-drewnie.jpeg","width":750,"height":500,"caption":"Drewniane podzi\u0119kowania dla rodzic\u00f3w na \u015blub ze zdj\u0119ciem i dedykacj\u0105"},{"@type":"BreadcrumbList","@id":"https:\/\/fotobum.pl\/blog\/drewniane-podziekowania-dla-rodzicow-na-slub-ze-zdjeciem-i-dedykacja\/#breadcrumb","itemListElement":[{"@type":"ListItem","position":1,"name":"Home","item":"https:\/\/fotobum.pl\/blog\/"},{"@type":"ListItem","position":2,"name":"Drewniane podzi\u0119kowania dla rodzic\u00f3w na \u015blub ze zdj\u0119ciem i dedykacj\u0105"}]},{"@type":"WebSite","@id":"https:\/\/fotobum.pl\/blog\/#website","url":"https:\/\/fotobum.pl\/blog\/","name":"Fotobum.pl\/blog","description":"Personalizowane produkty","publisher":{"@id":"https:\/\/fotobum.pl\/blog\/#organization"},"potentialAction":[{"@type":"SearchAction","target":{"@type":"EntryPoint","urlTemplate":"https:\/\/fotobum.pl\/blog\/?s={search_term_string}"},"query-input":{"@type":"PropertyValueSpecification","valueRequired":true,"valueName":"search_term_string"}}],"inLanguage":"pl-PL"},{"@type":"Organization","@id":"https:\/\/fotobum.pl\/blog\/#organization","name":"Fotobum.pl\/blog","url":"https:\/\/fotobum.pl\/blog\/","logo":{"@type":"ImageObject","inLanguage":"pl-PL","@id":"https:\/\/fotobum.pl\/blog\/#\/schema\/logo\/image\/","url":"https:\/\/fotobum.pl\/blog\/wp-content\/uploads\/2019\/07\/cropped-fotobum_logo.png","contentUrl":"https:\/\/fotobum.pl\/blog\/wp-content\/uploads\/2019\/07\/cropped-fotobum_logo.png","width":210,"height":67,"caption":"Fotobum.pl\/blog"},"image":{"@id":"https:\/\/fotobum.pl\/blog\/#\/schema\/logo\/image\/"}},{"@type":"Person","@id":"https:\/\/fotobum.pl\/blog\/#\/schema\/person\/edd15ac5cab48171e1f2a38698c7e536","name":"Fotobum","image":{"@type":"ImageObject","inLanguage":"pl-PL","@id":"https:\/\/secure.gravatar.com\/avatar\/24b02673ce1161ec1d040a52860847d95f3f1246c5c811d20ea28738a8986c7e?s=96&d=mm&r=g","url":"https:\/\/secure.gravatar.com\/avatar\/24b02673ce1161ec1d040a52860847d95f3f1246c5c811d20ea28738a8986c7e?s=96&d=mm&r=g","contentUrl":"https:\/\/secure.gravatar.com\/avatar\/24b02673ce1161ec1d040a52860847d95f3f1246c5c811d20ea28738a8986c7e?s=96&d=mm&r=g","caption":"Fotobum"},"url":"https:\/\/fotobum.pl\/blog\/author\/admin\/"}]}},"_links":{"self":[{"href":"https:\/\/fotobum.pl\/blog\/wp-json\/wp\/v2\/posts\/1475","targetHints":{"allow":["GET"]}}],"collection":[{"href":"https:\/\/fotobum.pl\/blog\/wp-json\/wp\/v2\/posts"}],"about":[{"href":"https:\/\/fotobum.pl\/blog\/wp-json\/wp\/v2\/types\/post"}],"author":[{"embeddable":true,"href":"https:\/\/fotobum.pl\/blog\/wp-json\/wp\/v2\/users\/1"}],"replies":[{"embeddable":true,"href":"https:\/\/fotobum.pl\/blog\/wp-json\/wp\/v2\/comments?post=1475"}],"version-history":[{"count":3,"href":"https:\/\/fotobum.pl\/blog\/wp-json\/wp\/v2\/posts\/1475\/revisions"}],"predecessor-version":[{"id":1480,"href":"https:\/\/fotobum.pl\/blog\/wp-json\/wp\/v2\/posts\/1475\/revisions\/1480"}],"wp:featuredmedia":[{"embeddable":true,"href":"https:\/\/fotobum.pl\/blog\/wp-json\/wp\/v2\/media\/1477"}],"wp:attachment":[{"href":"https:\/\/fotobum.pl\/blog\/wp-json\/wp\/v2\/media?parent=1475"}],"wp:term":[{"taxonomy":"category","embeddable":true,"href":"https:\/\/fotobum.pl\/blog\/wp-json\/wp\/v2\/categories?post=1475"},{"taxonomy":"post_tag","embeddable":true,"href":"https:\/\/fotobum.pl\/blog\/wp-json\/wp\/v2\/tags?post=1475"}],"curies":[{"name":"wp","href":"https:\/\/api.w.org\/{rel}","templated":true}]}}