{"id":1469,"date":"2023-04-21T10:21:05","date_gmt":"2023-04-21T08:21:05","guid":{"rendered":"https:\/\/fotobum.pl\/blog\/?p=1469"},"modified":"2024-03-26T07:09:40","modified_gmt":"2024-03-26T06:09:40","slug":"podziekowania-slubne-dla-rodzicow-wyjatkowa-pamiatka-dla-mamy-i-taty","status":"publish","type":"post","link":"https:\/\/fotobum.pl\/blog\/podziekowania-slubne-dla-rodzicow-wyjatkowa-pamiatka-dla-mamy-i-taty\/","title":{"rendered":"Podzi\u0119kowania \u015blubne dla rodzic\u00f3w \u2013 wyj\u0105tkowa pami\u0105tka dla Mamy i Taty"},"content":{"rendered":"\n\n\n<p>Organizacja \u015blubu to czas pe\u0142en wzrusze\u0144 i emocji, a szczeg\u00f3lnie wa\u017cnym momentem jest podzi\u0119kowanie dla rodzic\u00f3w. To w\u0142a\u015bnie oni przez lata nas wychowywali, po\u015bwi\u0119cali sw\u00f3j czas i energi\u0119, by\u015bmy mogli osi\u0105gn\u0105\u0107 to, co mamy dzisiaj. Dlatego warto podzi\u0119kowa\u0107 im za wszystko, co dla nas zrobili, w wyj\u0105tkowy spos\u00f3b. Podzi\u0119kowania \u015blubne dla rodzic\u00f3w to nie tylko gest szacunku i wdzi\u0119czno\u015bci, ale tak\u017ce pi\u0119kna pami\u0105tka na ca\u0142e \u017cycie. W tym artykule przedstawimy r\u00f3\u017cne sposoby na to, jak wyrazi\u0107 swoje uczucia wobec rodzic\u00f3w w trakcie uroczysto\u015bci \u015blubnej oraz jak stworzy\u0107 oryginalne i osobiste podzi\u0119kowanie.<\/p>\n\n\n\n<ol class=\"wp-block-list\"><li><a href=\"#blog1\">Podzi\u0119kowania dla rodzic\u00f3w \u2013 dlaczego s\u0105 takie wa\u017cne?<\/a><\/li><li><a href=\"#blog2\">Jakie podzi\u0119kowania s\u0105 wybierane przez Pary M\u0142ode?<\/a><\/li><li><a href=\"#blog3\">Tworzenie personalizowanych podzi\u0119kowa\u0144 \u2013 wskaz\u00f3wki.<\/a><\/li><li><a href=\"#blog4\">Tre\u015b\u0107 podzi\u0119kowa\u0144 \u2013 co powinna zawiera\u0107?<\/a><\/li><li><a href=\"#blog5\">Wyb\u00f3r zdj\u0119\u0107 do podzi\u0119kowa\u0144 dla rodzic\u00f3w.<\/a><\/li><\/ol>\n\n\n\n<h2 class=\"wp-block-heading\" id=\"blog1\">Dlaczego warto podzi\u0119kowa\u0107 rodzicom podczas \u015blubu?<\/h2>\n\n\n\n<p><a href=\"https:\/\/fotobum.pl\/produkty?przeznaczenie=na-wesele,na-slub\">Podzi\u0119kowania \u015blubne dla rodzic\u00f3w<\/a> to nie tylko gest szacunku i wdzi\u0119czno\u015bci, ale tak\u017ce wyj\u0105tkowa okazja do wyra\u017cenia uczu\u0107 i podzielenia si\u0119 z bliskimi najwa\u017cniejszym dniem w \u017cyciu. To w\u0142a\u015bnie rodzice byli naszymi pierwszymi nauczycielami, mentorami i przyjaci\u00f3\u0142mi, a ich wsparcie i mi\u0142o\u015b\u0107 by\u0142y nieocenione w ka\u017cdym momencie naszego \u017cycia. Dlatego warto wykorzysta\u0107 moment, kiedy jeste\u015bmy na pocz\u0105tku nowej drogi, by podzi\u0119kowa\u0107 im za to, co dla nas zrobili i powiedzie\u0107 im, ile dla nas znacz\u0105. W czasie uroczysto\u015bci \u015blubnej, w formie emocjonalnego przem\u00f3wienia czy personalizowanego podzi\u0119kowania ze zdj\u0119ciem, mo\u017cna wyrazi\u0107 swoj\u0105 wdzi\u0119czno\u015b\u0107 i uczyni\u0107 ten dzie\u0144 jeszcze bardziej wyj\u0105tkowym. Podzi\u0119kowanie dla rodzic\u00f3w to tak\u017ce okazja do u\u015bwiadomienia sobie, jak wa\u017cn\u0105 rol\u0119 w naszym \u017cyciu pe\u0142ni\u0105, a tak\u017ce do okazania szacunku i mi\u0142o\u015bci, jak\u0105 darzymy naszych najbli\u017cszych.<\/p>\n\n\n\n<h2 class=\"wp-block-heading\" id=\"blog2\">Jakie formy podzi\u0119kowa\u0144 s\u0105 najbardziej popularne?<\/h2>\n\n\n\n<p>Podzi\u0119kowania \u015blubne przybieraj\u0105 r\u00f3\u017cne formy, a wyb\u00f3r zale\u017cy przede wszystkim od naszych preferencji oraz indywidualnego stylu. Jednym z najpopularniejszych sposob\u00f3w jest stworzenie personalizowanego podzi\u0119kowania ze zdj\u0119ciem, kt\u00f3re przypomni rodzicom o tym wyj\u0105tkowym dniu i pozwoli zachowa\u0107 pi\u0119kn\u0105 pami\u0105tk\u0119. Takie podzi\u0119kowanie mo\u017cemy umie\u015bci\u0107 w eleganckiej ramce, kt\u00f3ra b\u0119dzie \u015bwietnym dodatkiem do wystroju domu lub biura. Innym pomys\u0142em s\u0105 <a href=\"https:\/\/fotobum.pl\/kategoria\/316-kubki-z-nadrukiem\">kubki z nadrukiem<\/a>, kt\u00f3re w prosty spos\u00f3b b\u0119d\u0105 przypomina\u0107 o tym, jak wa\u017cn\u0105 rol\u0119 w naszym \u017cyciu odgrywaj\u0105 nasi rodzice. <a href=\"https:\/\/fotobum.pl\/kategoria\/380-plakaty?przeznaczenie=na-wesele,na-slub\">Plakaty<\/a>, <a href=\"https:\/\/fotobum.pl\/kategoria\/1077-fotoksiazki\">fotoksi\u0105\u017cki<\/a> i magnesy to kolejne propozycje, kt\u00f3re stanowi\u0105 wspania\u0142y upominek. Warto te\u017c pomy\u015ble\u0107 o stworzeniu w\u0142asnor\u0119cznie zaprojektowanych podzi\u0119kowa\u0144, kt\u00f3re b\u0119d\u0105 odzwierciedla\u0107 nasz\u0105 osobowo\u015b\u0107 i gust. Niezale\u017cnie od wyboru formy podzi\u0119kowania \u015blubne dla rodzic\u00f3w to doskona\u0142y spos\u00f3b na wyra\u017cenie naszej wdzi\u0119czno\u015bci oraz stworzenie wyj\u0105tkowej pami\u0105tki na ca\u0142e \u017cycie.<\/p>\n\n\n\n<h2 class=\"wp-block-heading\" id=\"blog3\">Jak stworzy\u0107 personalizowane podzi\u0119kowania ze zdj\u0119ciami?<\/h2>\n\n\n\n<p>Stworzenie spersonalizowanych podzi\u0119kowa\u0144 ze zdj\u0119ciami jest prostsze, ni\u017c mog\u0142oby si\u0119 wydawa\u0107. Istnieje wiele sposob\u00f3w na to, by zaprojektowa\u0107 wyj\u0105tkow\u0105 pami\u0105tk\u0119 dla rodzic\u00f3w, a jednym z nich jest skorzystanie z oferty Fotobum. Mo\u017cesz zam\u00f3wi\u0107 oryginalne podzi\u0119kowania, kt\u00f3re zostan\u0105 wykonane z najlepszej jako\u015bci materia\u0142\u00f3w i zgodnie z Twoimi preferencjami. Mo\u017cesz wybra\u0107 spo\u015br\u00f3d r\u00f3\u017cnych kszta\u0142t\u00f3w, rozmiar\u00f3w, materia\u0142\u00f3w i wzor\u00f3w, co pozwoli na dopasowanie podzi\u0119kowa\u0144 do charakteru \u015blubu oraz do indywidualnych gust\u00f3w rodzic\u00f3w.<\/p>\n\n\n\n<p>W Fotobum mo\u017cesz stworzy\u0107 <a href=\"https:\/\/fotobum.pl\/l\/fotoprezenty\">fotoPrezenty<\/a> za pomoc\u0105 intuicyjnego kreatora, kt\u00f3ry umo\u017cliwia wyb\u00f3r zdj\u0119\u0107, dodanie tekstu oraz efekt\u00f3w. Mog\u0105 to by\u0107 kubki z nadrukami, zdj\u0119cia nadrukowane na szkle lub drewnie, magnesy, plakaty i inne. Dzi\u0119ki temu mo\u017cesz stworzy\u0107 naprawd\u0119 wyj\u0105tkowe i niepowtarzalne podzi\u0119kowania, kt\u00f3re b\u0119d\u0105 pi\u0119kn\u0105 pami\u0105tk\u0105 dla rodzic\u00f3w. Dodatkowo oferujemy pomoc specjalist\u00f3w, co jest szczeg\u00f3lnie pomocne dla os\u00f3b, kt\u00f3re nie czuj\u0105 si\u0119 pewnie w projektowaniu. Dzi\u0119ki temu mo\u017cesz dopracowa\u0107 ka\u017cdy detal podzi\u0119kowa\u0144.<\/p>\n\n\n\n<p>Tworzenie personalizowanych podzi\u0119kowa\u0144 ze zdj\u0119ciami jest doskona\u0142ym sposobem na wyra\u017cenie wdzi\u0119czno\u015bci oraz uczczenie wa\u017cnego dnia w \u017cyciu. Dzi\u0119ki temu podzi\u0119kowania b\u0119d\u0105 wyj\u0105tkowe, a rodzice na pewno doceni\u0105 taki gest i b\u0119d\u0105 mieli pi\u0119kn\u0105 pami\u0105tk\u0119 na ca\u0142e \u017cycie.<\/p>\n\n\n\n<h2 class=\"wp-block-heading\" id=\"blog4\">Co warto uwzgl\u0119dni\u0107 w tre\u015bci podzi\u0119kowa\u0144?<\/h2>\n\n\n\n<p>Tre\u015b\u0107 podzi\u0119kowa\u0144 \u015blubnych dla rodzic\u00f3w powinna by\u0107 szczera, osobista i wyra\u017ca\u0107 nasze prawdziwe uczucia. Dobrze jest, aby\u015bmy odwo\u0142ywali si\u0119 do konkretnych sytuacji i moment\u00f3w, kt\u00f3re by\u0142y dla nas wa\u017cne i niezapomniane. Warto podzi\u0119kowa\u0107 rodzicom za ich wsparcie, po\u015bwi\u0119cenie, mi\u0142o\u015b\u0107 i cierpliwo\u015b\u0107, a tak\u017ce za to, \u017ce byli zawsze blisko nas, niezale\u017cnie od sytuacji. Mo\u017cemy wspomnie\u0107 o tym, jakie lekcje \u017cycia nam przekazali, jakie warto\u015bci s\u0105 dla nich wa\u017cne i jak\u0105 rol\u0119 odegrali w naszym \u017cyciu. W tre\u015bci podzi\u0119kowa\u0144 mo\u017cemy tak\u017ce wyrazi\u0107 nasze nadzieje na przysz\u0142o\u015b\u0107 i obieca\u0107, \u017ce zawsze b\u0119d\u0105 mieli w nas wsparcie, tak jak my mieli\u015bmy w nich. Wa\u017cne, aby\u015bmy wyra\u017cali si\u0119 j\u0119zykiem serdecznym i pe\u0142nym emocjonalnych s\u0142\u00f3w. Podzi\u0119kowania \u015blubne dla rodzic\u00f3w to wyj\u0105tkowy moment, dlatego warto zadba\u0107 o to, by tre\u015b\u0107 by\u0142a wyj\u0105tkowa i niepowtarzalna, tak jak nasza relacja z rodzicami.<\/p>\n\n\n\n<h2 class=\"wp-block-heading\" id=\"blog5\">Jakie zdj\u0119cia wybra\u0107 do personalizowanych podzi\u0119kowa\u0144?<\/h2>\n\n\n\n<p>Wyb\u00f3r odpowiednich zdj\u0119\u0107 do personalizowanych podzi\u0119kowa\u0144 \u015blubnych dla rodzic\u00f3w jest bardzo wa\u017cny, poniewa\u017c to one b\u0119d\u0105 stanowi\u0107 centralny punkt naszej pami\u0105tki. Najlepiej wybra\u0107 te, kt\u00f3re maj\u0105 dla nas szczeg\u00f3lne znaczenie i przypominaj\u0105 nam wa\u017cne momenty w naszym \u017cyciu. Mog\u0105 to by\u0107 zdj\u0119cia z dzieci\u0144stwa, z wakacji, ze szko\u0142y, czy z innych wa\u017cnych dla nas wydarze\u0144. Dobrze jest r\u00f3wnie\u017c wybra\u0107 zdj\u0119cia, na kt\u00f3rych jest ca\u0142a rodzina, co podkre\u015bli blisko\u015b\u0107. Wa\u017cne, aby wybrane zdj\u0119cia by\u0142y dobrej jako\u015bci, w odpowiedniej rozdzielczo\u015bci i dobrze odzwierciedla\u0142y uczucia. Przy wyborze warto r\u00f3wnie\u017c zwr\u00f3ci\u0107 uwag\u0119 na styl podzi\u0119kowa\u0144 i wybra\u0107 zdj\u0119cia, kt\u00f3re b\u0119d\u0105 do niego pasowa\u0107. Na przyk\u0142ad, je\u015bli wybierzesz podzi\u0119kowania w stylu klasycznym, warto postawi\u0107 na zdj\u0119cia w ciep\u0142ych kolorach, z delikatnymi detalami, natomiast je\u015bli podzi\u0119kowania maj\u0105 by\u0107 bardziej nowoczesne, to warto wybra\u0107 zdj\u0119cia w stonowanych barwach i z prostszymi kompozycjami.<\/p>\n\n\n\n<p>Osoby, kt\u00f3re nie s\u0105 pewne, jakie zdj\u0119cia wybra\u0107, mog\u0105 skorzysta\u0107 z pomocy profesjonalnych fotograf\u00f3w lub grafik\u00f3w, albo zwr\u00f3ci\u0107 si\u0119 o pomoc do specjalist\u00f3w z Fotobum. Warto pami\u0119ta\u0107, \u017ce wyb\u00f3r odpowiednich zdj\u0119\u0107 jest kluczowy dla stworzenia wyj\u0105tkowej i niepowtarzalnej pami\u0105tki, kt\u00f3ra b\u0119dzie mi\u0142a dla oka i wzruszy rodzic\u00f3w.<\/p>\n","protected":false},"excerpt":{"rendered":"<p>Organizacja \u015blubu to czas pe\u0142en wzrusze\u0144 i emocji, a szczeg\u00f3lnie wa\u017cnym momentem jest podzi\u0119kowanie dla rodzic\u00f3w. To w\u0142a\u015bnie oni przez lata nas wychowywali, po\u015bwi\u0119cali sw\u00f3j czas i energi\u0119, by\u015bmy mogli osi\u0105gn\u0105\u0107 to, co mamy dzisiaj. Dlatego warto podzi\u0119kowa\u0107 im za wszystko, co dla nas zrobili, w wyj\u0105tkowy spos\u00f3b. Podzi\u0119kowania \u015blubne dla rodzic\u00f3w to nie tylko gest szacunku i wdzi\u0119czno\u015bci, ale tak\u017ce pi\u0119kna pami\u0105tka na ca\u0142e \u017cycie. W tym artykule przedstawimy [&hellip;]<\/p>\n","protected":false},"author":1,"featured_media":1470,"comment_status":"open","ping_status":"closed","sticky":false,"template":"","format":"image","meta":{"footnotes":""},"categories":[1],"tags":[],"class_list":["post-1469","post","type-post","status-publish","format-image","has-post-thumbnail","hentry","category-bez-kategorii","post_format-post-format-image"],"yoast_head":"<!-- This site is optimized with the Yoast SEO plugin v27.5 - https:\/\/yoast.com\/product\/yoast-seo-wordpress\/ -->\n<title>Podzi\u0119kowania \u015blubne dla rodzic\u00f3w \u2013 wyj\u0105tkowa pami\u0105tka dla Mamy i Taty - Fotobum.pl\/blog<\/title>\n<meta name=\"description\" content=\"Podzi\u0119kowania \u015blubne dla rodzic\u00f3w to pi\u0119kna pami\u0105tka na ca\u0142e \u017cycie. Dowiedz si\u0119, jak stworzy\u0107 wyj\u0105tkowe podzi\u0119kowania ze zdj\u0119ciami! \ud83d\udc68\u200d\ud83d\udc69\u200d\ud83d\udc67\u200d\ud83d\udc66\ud83d\udcf8\" \/>\n<meta name=\"robots\" content=\"index, follow, max-snippet:-1, max-image-preview:large, max-video-preview:-1\" \/>\n<link rel=\"canonical\" href=\"https:\/\/fotobum.pl\/blog\/podziekowania-slubne-dla-rodzicow-wyjatkowa-pamiatka-dla-mamy-i-taty\/\" \/>\n<meta property=\"og:locale\" content=\"pl_PL\" \/>\n<meta property=\"og:type\" content=\"article\" \/>\n<meta property=\"og:title\" content=\"Podzi\u0119kowania \u015blubne dla rodzic\u00f3w \u2013 wyj\u0105tkowa pami\u0105tka dla Mamy i Taty - Fotobum.pl\/blog\" \/>\n<meta property=\"og:description\" content=\"Podzi\u0119kowania \u015blubne dla rodzic\u00f3w to pi\u0119kna pami\u0105tka na ca\u0142e \u017cycie. Dowiedz si\u0119, jak stworzy\u0107 wyj\u0105tkowe podzi\u0119kowania ze zdj\u0119ciami! \ud83d\udc68\u200d\ud83d\udc69\u200d\ud83d\udc67\u200d\ud83d\udc66\ud83d\udcf8\" \/>\n<meta property=\"og:url\" content=\"https:\/\/fotobum.pl\/blog\/podziekowania-slubne-dla-rodzicow-wyjatkowa-pamiatka-dla-mamy-i-taty\/\" \/>\n<meta property=\"og:site_name\" content=\"Fotobum.pl\/blog\" \/>\n<meta property=\"article:published_time\" content=\"2023-04-21T08:21:05+00:00\" \/>\n<meta property=\"article:modified_time\" content=\"2024-03-26T06:09:40+00:00\" \/>\n<meta property=\"og:image\" content=\"https:\/\/fotobum.pl\/blog\/wp-content\/uploads\/2023\/04\/podziekowania-slubne-dla-rodzicow-wyjatkowa-pamiatka-dla-mamy-i-taty.jpeg\" \/>\n\t<meta property=\"og:image:width\" content=\"750\" \/>\n\t<meta property=\"og:image:height\" content=\"500\" \/>\n\t<meta property=\"og:image:type\" content=\"image\/jpeg\" \/>\n<meta name=\"author\" content=\"Fotobum\" \/>\n<meta name=\"twitter:card\" content=\"summary_large_image\" \/>\n<meta name=\"twitter:label1\" content=\"Napisane przez\" \/>\n\t<meta name=\"twitter:data1\" content=\"Fotobum\" \/>\n\t<meta name=\"twitter:label2\" content=\"Szacowany czas czytania\" \/>\n\t<meta name=\"twitter:data2\" content=\"5 minut\" \/>\n<script type=\"application\/ld+json\" class=\"yoast-schema-graph\">{\"@context\":\"https:\\\/\\\/schema.org\",\"@graph\":[{\"@type\":\"Article\",\"@id\":\"https:\\\/\\\/fotobum.pl\\\/blog\\\/podziekowania-slubne-dla-rodzicow-wyjatkowa-pamiatka-dla-mamy-i-taty\\\/#article\",\"isPartOf\":{\"@id\":\"https:\\\/\\\/fotobum.pl\\\/blog\\\/podziekowania-slubne-dla-rodzicow-wyjatkowa-pamiatka-dla-mamy-i-taty\\\/\"},\"author\":{\"name\":\"Fotobum\",\"@id\":\"https:\\\/\\\/fotobum.pl\\\/blog\\\/#\\\/schema\\\/person\\\/edd15ac5cab48171e1f2a38698c7e536\"},\"headline\":\"Podzi\u0119kowania \u015blubne dla rodzic\u00f3w \u2013 wyj\u0105tkowa pami\u0105tka dla Mamy i Taty\",\"datePublished\":\"2023-04-21T08:21:05+00:00\",\"dateModified\":\"2024-03-26T06:09:40+00:00\",\"mainEntityOfPage\":{\"@id\":\"https:\\\/\\\/fotobum.pl\\\/blog\\\/podziekowania-slubne-dla-rodzicow-wyjatkowa-pamiatka-dla-mamy-i-taty\\\/\"},\"wordCount\":1182,\"commentCount\":0,\"publisher\":{\"@id\":\"https:\\\/\\\/fotobum.pl\\\/blog\\\/#organization\"},\"image\":{\"@id\":\"https:\\\/\\\/fotobum.pl\\\/blog\\\/podziekowania-slubne-dla-rodzicow-wyjatkowa-pamiatka-dla-mamy-i-taty\\\/#primaryimage\"},\"thumbnailUrl\":\"https:\\\/\\\/fotobum.pl\\\/blog\\\/wp-content\\\/uploads\\\/2023\\\/04\\\/podziekowania-slubne-dla-rodzicow-wyjatkowa-pamiatka-dla-mamy-i-taty.jpeg\",\"inLanguage\":\"pl-PL\",\"potentialAction\":[{\"@type\":\"CommentAction\",\"name\":\"Comment\",\"target\":[\"https:\\\/\\\/fotobum.pl\\\/blog\\\/podziekowania-slubne-dla-rodzicow-wyjatkowa-pamiatka-dla-mamy-i-taty\\\/#respond\"]}]},{\"@type\":\"WebPage\",\"@id\":\"https:\\\/\\\/fotobum.pl\\\/blog\\\/podziekowania-slubne-dla-rodzicow-wyjatkowa-pamiatka-dla-mamy-i-taty\\\/\",\"url\":\"https:\\\/\\\/fotobum.pl\\\/blog\\\/podziekowania-slubne-dla-rodzicow-wyjatkowa-pamiatka-dla-mamy-i-taty\\\/\",\"name\":\"Podzi\u0119kowania \u015blubne dla rodzic\u00f3w \u2013 wyj\u0105tkowa pami\u0105tka dla Mamy i Taty - Fotobum.pl\\\/blog\",\"isPartOf\":{\"@id\":\"https:\\\/\\\/fotobum.pl\\\/blog\\\/#website\"},\"primaryImageOfPage\":{\"@id\":\"https:\\\/\\\/fotobum.pl\\\/blog\\\/podziekowania-slubne-dla-rodzicow-wyjatkowa-pamiatka-dla-mamy-i-taty\\\/#primaryimage\"},\"image\":{\"@id\":\"https:\\\/\\\/fotobum.pl\\\/blog\\\/podziekowania-slubne-dla-rodzicow-wyjatkowa-pamiatka-dla-mamy-i-taty\\\/#primaryimage\"},\"thumbnailUrl\":\"https:\\\/\\\/fotobum.pl\\\/blog\\\/wp-content\\\/uploads\\\/2023\\\/04\\\/podziekowania-slubne-dla-rodzicow-wyjatkowa-pamiatka-dla-mamy-i-taty.jpeg\",\"datePublished\":\"2023-04-21T08:21:05+00:00\",\"dateModified\":\"2024-03-26T06:09:40+00:00\",\"description\":\"Podzi\u0119kowania \u015blubne dla rodzic\u00f3w to pi\u0119kna pami\u0105tka na ca\u0142e \u017cycie. Dowiedz si\u0119, jak stworzy\u0107 wyj\u0105tkowe podzi\u0119kowania ze zdj\u0119ciami! \ud83d\udc68\u200d\ud83d\udc69\u200d\ud83d\udc67\u200d\ud83d\udc66\ud83d\udcf8\",\"breadcrumb\":{\"@id\":\"https:\\\/\\\/fotobum.pl\\\/blog\\\/podziekowania-slubne-dla-rodzicow-wyjatkowa-pamiatka-dla-mamy-i-taty\\\/#breadcrumb\"},\"inLanguage\":\"pl-PL\",\"potentialAction\":[{\"@type\":\"ReadAction\",\"target\":[\"https:\\\/\\\/fotobum.pl\\\/blog\\\/podziekowania-slubne-dla-rodzicow-wyjatkowa-pamiatka-dla-mamy-i-taty\\\/\"]}]},{\"@type\":\"ImageObject\",\"inLanguage\":\"pl-PL\",\"@id\":\"https:\\\/\\\/fotobum.pl\\\/blog\\\/podziekowania-slubne-dla-rodzicow-wyjatkowa-pamiatka-dla-mamy-i-taty\\\/#primaryimage\",\"url\":\"https:\\\/\\\/fotobum.pl\\\/blog\\\/wp-content\\\/uploads\\\/2023\\\/04\\\/podziekowania-slubne-dla-rodzicow-wyjatkowa-pamiatka-dla-mamy-i-taty.jpeg\",\"contentUrl\":\"https:\\\/\\\/fotobum.pl\\\/blog\\\/wp-content\\\/uploads\\\/2023\\\/04\\\/podziekowania-slubne-dla-rodzicow-wyjatkowa-pamiatka-dla-mamy-i-taty.jpeg\",\"width\":750,\"height\":500,\"caption\":\"Podzi\u0119kowania \u015blubne dla rodzic\u00f3w \u2013 wyj\u0105tkowa pami\u0105tka dla Mamy i Taty\"},{\"@type\":\"BreadcrumbList\",\"@id\":\"https:\\\/\\\/fotobum.pl\\\/blog\\\/podziekowania-slubne-dla-rodzicow-wyjatkowa-pamiatka-dla-mamy-i-taty\\\/#breadcrumb\",\"itemListElement\":[{\"@type\":\"ListItem\",\"position\":1,\"name\":\"Home\",\"item\":\"https:\\\/\\\/fotobum.pl\\\/blog\\\/\"},{\"@type\":\"ListItem\",\"position\":2,\"name\":\"Podzi\u0119kowania \u015blubne dla rodzic\u00f3w \u2013 wyj\u0105tkowa pami\u0105tka dla Mamy i Taty\"}]},{\"@type\":\"WebSite\",\"@id\":\"https:\\\/\\\/fotobum.pl\\\/blog\\\/#website\",\"url\":\"https:\\\/\\\/fotobum.pl\\\/blog\\\/\",\"name\":\"Fotobum.pl\\\/blog\",\"description\":\"Personalizowane produkty\",\"publisher\":{\"@id\":\"https:\\\/\\\/fotobum.pl\\\/blog\\\/#organization\"},\"potentialAction\":[{\"@type\":\"SearchAction\",\"target\":{\"@type\":\"EntryPoint\",\"urlTemplate\":\"https:\\\/\\\/fotobum.pl\\\/blog\\\/?s={search_term_string}\"},\"query-input\":{\"@type\":\"PropertyValueSpecification\",\"valueRequired\":true,\"valueName\":\"search_term_string\"}}],\"inLanguage\":\"pl-PL\"},{\"@type\":\"Organization\",\"@id\":\"https:\\\/\\\/fotobum.pl\\\/blog\\\/#organization\",\"name\":\"Fotobum.pl\\\/blog\",\"url\":\"https:\\\/\\\/fotobum.pl\\\/blog\\\/\",\"logo\":{\"@type\":\"ImageObject\",\"inLanguage\":\"pl-PL\",\"@id\":\"https:\\\/\\\/fotobum.pl\\\/blog\\\/#\\\/schema\\\/logo\\\/image\\\/\",\"url\":\"https:\\\/\\\/fotobum.pl\\\/blog\\\/wp-content\\\/uploads\\\/2019\\\/07\\\/cropped-fotobum_logo.png\",\"contentUrl\":\"https:\\\/\\\/fotobum.pl\\\/blog\\\/wp-content\\\/uploads\\\/2019\\\/07\\\/cropped-fotobum_logo.png\",\"width\":210,\"height\":67,\"caption\":\"Fotobum.pl\\\/blog\"},\"image\":{\"@id\":\"https:\\\/\\\/fotobum.pl\\\/blog\\\/#\\\/schema\\\/logo\\\/image\\\/\"}},{\"@type\":\"Person\",\"@id\":\"https:\\\/\\\/fotobum.pl\\\/blog\\\/#\\\/schema\\\/person\\\/edd15ac5cab48171e1f2a38698c7e536\",\"name\":\"Fotobum\",\"image\":{\"@type\":\"ImageObject\",\"inLanguage\":\"pl-PL\",\"@id\":\"https:\\\/\\\/secure.gravatar.com\\\/avatar\\\/24b02673ce1161ec1d040a52860847d95f3f1246c5c811d20ea28738a8986c7e?s=96&d=mm&r=g\",\"url\":\"https:\\\/\\\/secure.gravatar.com\\\/avatar\\\/24b02673ce1161ec1d040a52860847d95f3f1246c5c811d20ea28738a8986c7e?s=96&d=mm&r=g\",\"contentUrl\":\"https:\\\/\\\/secure.gravatar.com\\\/avatar\\\/24b02673ce1161ec1d040a52860847d95f3f1246c5c811d20ea28738a8986c7e?s=96&d=mm&r=g\",\"caption\":\"Fotobum\"},\"url\":\"https:\\\/\\\/fotobum.pl\\\/blog\\\/author\\\/admin\\\/\"}]}<\/script>\n<!-- \/ Yoast SEO plugin. -->","yoast_head_json":{"title":"Podzi\u0119kowania \u015blubne dla rodzic\u00f3w \u2013 wyj\u0105tkowa pami\u0105tka dla Mamy i Taty - Fotobum.pl\/blog","description":"Podzi\u0119kowania \u015blubne dla rodzic\u00f3w to pi\u0119kna pami\u0105tka na ca\u0142e \u017cycie. Dowiedz si\u0119, jak stworzy\u0107 wyj\u0105tkowe podzi\u0119kowania ze zdj\u0119ciami! \ud83d\udc68\u200d\ud83d\udc69\u200d\ud83d\udc67\u200d\ud83d\udc66\ud83d\udcf8","robots":{"index":"index","follow":"follow","max-snippet":"max-snippet:-1","max-image-preview":"max-image-preview:large","max-video-preview":"max-video-preview:-1"},"canonical":"https:\/\/fotobum.pl\/blog\/podziekowania-slubne-dla-rodzicow-wyjatkowa-pamiatka-dla-mamy-i-taty\/","og_locale":"pl_PL","og_type":"article","og_title":"Podzi\u0119kowania \u015blubne dla rodzic\u00f3w \u2013 wyj\u0105tkowa pami\u0105tka dla Mamy i Taty - Fotobum.pl\/blog","og_description":"Podzi\u0119kowania \u015blubne dla rodzic\u00f3w to pi\u0119kna pami\u0105tka na ca\u0142e \u017cycie. Dowiedz si\u0119, jak stworzy\u0107 wyj\u0105tkowe podzi\u0119kowania ze zdj\u0119ciami! \ud83d\udc68\u200d\ud83d\udc69\u200d\ud83d\udc67\u200d\ud83d\udc66\ud83d\udcf8","og_url":"https:\/\/fotobum.pl\/blog\/podziekowania-slubne-dla-rodzicow-wyjatkowa-pamiatka-dla-mamy-i-taty\/","og_site_name":"Fotobum.pl\/blog","article_published_time":"2023-04-21T08:21:05+00:00","article_modified_time":"2024-03-26T06:09:40+00:00","og_image":[{"width":750,"height":500,"url":"https:\/\/fotobum.pl\/blog\/wp-content\/uploads\/2023\/04\/podziekowania-slubne-dla-rodzicow-wyjatkowa-pamiatka-dla-mamy-i-taty.jpeg","type":"image\/jpeg"}],"author":"Fotobum","twitter_card":"summary_large_image","twitter_misc":{"Napisane przez":"Fotobum","Szacowany czas czytania":"5 minut"},"schema":{"@context":"https:\/\/schema.org","@graph":[{"@type":"Article","@id":"https:\/\/fotobum.pl\/blog\/podziekowania-slubne-dla-rodzicow-wyjatkowa-pamiatka-dla-mamy-i-taty\/#article","isPartOf":{"@id":"https:\/\/fotobum.pl\/blog\/podziekowania-slubne-dla-rodzicow-wyjatkowa-pamiatka-dla-mamy-i-taty\/"},"author":{"name":"Fotobum","@id":"https:\/\/fotobum.pl\/blog\/#\/schema\/person\/edd15ac5cab48171e1f2a38698c7e536"},"headline":"Podzi\u0119kowania \u015blubne dla rodzic\u00f3w \u2013 wyj\u0105tkowa pami\u0105tka dla Mamy i Taty","datePublished":"2023-04-21T08:21:05+00:00","dateModified":"2024-03-26T06:09:40+00:00","mainEntityOfPage":{"@id":"https:\/\/fotobum.pl\/blog\/podziekowania-slubne-dla-rodzicow-wyjatkowa-pamiatka-dla-mamy-i-taty\/"},"wordCount":1182,"commentCount":0,"publisher":{"@id":"https:\/\/fotobum.pl\/blog\/#organization"},"image":{"@id":"https:\/\/fotobum.pl\/blog\/podziekowania-slubne-dla-rodzicow-wyjatkowa-pamiatka-dla-mamy-i-taty\/#primaryimage"},"thumbnailUrl":"https:\/\/fotobum.pl\/blog\/wp-content\/uploads\/2023\/04\/podziekowania-slubne-dla-rodzicow-wyjatkowa-pamiatka-dla-mamy-i-taty.jpeg","inLanguage":"pl-PL","potentialAction":[{"@type":"CommentAction","name":"Comment","target":["https:\/\/fotobum.pl\/blog\/podziekowania-slubne-dla-rodzicow-wyjatkowa-pamiatka-dla-mamy-i-taty\/#respond"]}]},{"@type":"WebPage","@id":"https:\/\/fotobum.pl\/blog\/podziekowania-slubne-dla-rodzicow-wyjatkowa-pamiatka-dla-mamy-i-taty\/","url":"https:\/\/fotobum.pl\/blog\/podziekowania-slubne-dla-rodzicow-wyjatkowa-pamiatka-dla-mamy-i-taty\/","name":"Podzi\u0119kowania \u015blubne dla rodzic\u00f3w \u2013 wyj\u0105tkowa pami\u0105tka dla Mamy i Taty - Fotobum.pl\/blog","isPartOf":{"@id":"https:\/\/fotobum.pl\/blog\/#website"},"primaryImageOfPage":{"@id":"https:\/\/fotobum.pl\/blog\/podziekowania-slubne-dla-rodzicow-wyjatkowa-pamiatka-dla-mamy-i-taty\/#primaryimage"},"image":{"@id":"https:\/\/fotobum.pl\/blog\/podziekowania-slubne-dla-rodzicow-wyjatkowa-pamiatka-dla-mamy-i-taty\/#primaryimage"},"thumbnailUrl":"https:\/\/fotobum.pl\/blog\/wp-content\/uploads\/2023\/04\/podziekowania-slubne-dla-rodzicow-wyjatkowa-pamiatka-dla-mamy-i-taty.jpeg","datePublished":"2023-04-21T08:21:05+00:00","dateModified":"2024-03-26T06:09:40+00:00","description":"Podzi\u0119kowania \u015blubne dla rodzic\u00f3w to pi\u0119kna pami\u0105tka na ca\u0142e \u017cycie. Dowiedz si\u0119, jak stworzy\u0107 wyj\u0105tkowe podzi\u0119kowania ze zdj\u0119ciami! \ud83d\udc68\u200d\ud83d\udc69\u200d\ud83d\udc67\u200d\ud83d\udc66\ud83d\udcf8","breadcrumb":{"@id":"https:\/\/fotobum.pl\/blog\/podziekowania-slubne-dla-rodzicow-wyjatkowa-pamiatka-dla-mamy-i-taty\/#breadcrumb"},"inLanguage":"pl-PL","potentialAction":[{"@type":"ReadAction","target":["https:\/\/fotobum.pl\/blog\/podziekowania-slubne-dla-rodzicow-wyjatkowa-pamiatka-dla-mamy-i-taty\/"]}]},{"@type":"ImageObject","inLanguage":"pl-PL","@id":"https:\/\/fotobum.pl\/blog\/podziekowania-slubne-dla-rodzicow-wyjatkowa-pamiatka-dla-mamy-i-taty\/#primaryimage","url":"https:\/\/fotobum.pl\/blog\/wp-content\/uploads\/2023\/04\/podziekowania-slubne-dla-rodzicow-wyjatkowa-pamiatka-dla-mamy-i-taty.jpeg","contentUrl":"https:\/\/fotobum.pl\/blog\/wp-content\/uploads\/2023\/04\/podziekowania-slubne-dla-rodzicow-wyjatkowa-pamiatka-dla-mamy-i-taty.jpeg","width":750,"height":500,"caption":"Podzi\u0119kowania \u015blubne dla rodzic\u00f3w \u2013 wyj\u0105tkowa pami\u0105tka dla Mamy i Taty"},{"@type":"BreadcrumbList","@id":"https:\/\/fotobum.pl\/blog\/podziekowania-slubne-dla-rodzicow-wyjatkowa-pamiatka-dla-mamy-i-taty\/#breadcrumb","itemListElement":[{"@type":"ListItem","position":1,"name":"Home","item":"https:\/\/fotobum.pl\/blog\/"},{"@type":"ListItem","position":2,"name":"Podzi\u0119kowania \u015blubne dla rodzic\u00f3w \u2013 wyj\u0105tkowa pami\u0105tka dla Mamy i Taty"}]},{"@type":"WebSite","@id":"https:\/\/fotobum.pl\/blog\/#website","url":"https:\/\/fotobum.pl\/blog\/","name":"Fotobum.pl\/blog","description":"Personalizowane produkty","publisher":{"@id":"https:\/\/fotobum.pl\/blog\/#organization"},"potentialAction":[{"@type":"SearchAction","target":{"@type":"EntryPoint","urlTemplate":"https:\/\/fotobum.pl\/blog\/?s={search_term_string}"},"query-input":{"@type":"PropertyValueSpecification","valueRequired":true,"valueName":"search_term_string"}}],"inLanguage":"pl-PL"},{"@type":"Organization","@id":"https:\/\/fotobum.pl\/blog\/#organization","name":"Fotobum.pl\/blog","url":"https:\/\/fotobum.pl\/blog\/","logo":{"@type":"ImageObject","inLanguage":"pl-PL","@id":"https:\/\/fotobum.pl\/blog\/#\/schema\/logo\/image\/","url":"https:\/\/fotobum.pl\/blog\/wp-content\/uploads\/2019\/07\/cropped-fotobum_logo.png","contentUrl":"https:\/\/fotobum.pl\/blog\/wp-content\/uploads\/2019\/07\/cropped-fotobum_logo.png","width":210,"height":67,"caption":"Fotobum.pl\/blog"},"image":{"@id":"https:\/\/fotobum.pl\/blog\/#\/schema\/logo\/image\/"}},{"@type":"Person","@id":"https:\/\/fotobum.pl\/blog\/#\/schema\/person\/edd15ac5cab48171e1f2a38698c7e536","name":"Fotobum","image":{"@type":"ImageObject","inLanguage":"pl-PL","@id":"https:\/\/secure.gravatar.com\/avatar\/24b02673ce1161ec1d040a52860847d95f3f1246c5c811d20ea28738a8986c7e?s=96&d=mm&r=g","url":"https:\/\/secure.gravatar.com\/avatar\/24b02673ce1161ec1d040a52860847d95f3f1246c5c811d20ea28738a8986c7e?s=96&d=mm&r=g","contentUrl":"https:\/\/secure.gravatar.com\/avatar\/24b02673ce1161ec1d040a52860847d95f3f1246c5c811d20ea28738a8986c7e?s=96&d=mm&r=g","caption":"Fotobum"},"url":"https:\/\/fotobum.pl\/blog\/author\/admin\/"}]}},"_links":{"self":[{"href":"https:\/\/fotobum.pl\/blog\/wp-json\/wp\/v2\/posts\/1469","targetHints":{"allow":["GET"]}}],"collection":[{"href":"https:\/\/fotobum.pl\/blog\/wp-json\/wp\/v2\/posts"}],"about":[{"href":"https:\/\/fotobum.pl\/blog\/wp-json\/wp\/v2\/types\/post"}],"author":[{"embeddable":true,"href":"https:\/\/fotobum.pl\/blog\/wp-json\/wp\/v2\/users\/1"}],"replies":[{"embeddable":true,"href":"https:\/\/fotobum.pl\/blog\/wp-json\/wp\/v2\/comments?post=1469"}],"version-history":[{"count":4,"href":"https:\/\/fotobum.pl\/blog\/wp-json\/wp\/v2\/posts\/1469\/revisions"}],"predecessor-version":[{"id":1875,"href":"https:\/\/fotobum.pl\/blog\/wp-json\/wp\/v2\/posts\/1469\/revisions\/1875"}],"wp:featuredmedia":[{"embeddable":true,"href":"https:\/\/fotobum.pl\/blog\/wp-json\/wp\/v2\/media\/1470"}],"wp:attachment":[{"href":"https:\/\/fotobum.pl\/blog\/wp-json\/wp\/v2\/media?parent=1469"}],"wp:term":[{"taxonomy":"category","embeddable":true,"href":"https:\/\/fotobum.pl\/blog\/wp-json\/wp\/v2\/categories?post=1469"},{"taxonomy":"post_tag","embeddable":true,"href":"https:\/\/fotobum.pl\/blog\/wp-json\/wp\/v2\/tags?post=1469"}],"curies":[{"name":"wp","href":"https:\/\/api.w.org\/{rel}","templated":true}]}}