{"id":1306,"date":"2022-06-08T22:43:00","date_gmt":"2022-06-08T20:43:00","guid":{"rendered":"https:\/\/fotobum.pl\/blog\/?p=1306"},"modified":"2024-01-23T07:53:18","modified_gmt":"2024-01-23T06:53:18","slug":"top-10-pomyslow-na-prezent-dla-taty","status":"publish","type":"post","link":"https:\/\/fotobum.pl\/blog\/top-10-pomyslow-na-prezent-dla-taty\/","title":{"rendered":"Top 10 pomys\u0142\u00f3w na prezent dla Taty"},"content":{"rendered":"\n<p>Zbli\u017ca si\u0119 Dzie\u0144 Ojca, a Ty nie masz pomys\u0142u na prezent? W takim razie przychodzimy z pomoc\u0105 i przedstawiamy poni\u017cej kilkana\u015bcie ciekawych rozwi\u0105za\u0144. Dobierz upominek do upodoba\u0144, hobby Twojego taty lub skup si\u0119 na tym, aby obdarowa\u0107 go czym\u015b, co wzbudzi wzruszenie!<\/p>\n\n\n\n<figure class=\"wp-block-image size-large is-style-default\"><img loading=\"lazy\" decoding=\"async\" width=\"1024\" height=\"683\" src=\"https:\/\/fotobum.pl\/blog\/wp-content\/uploads\/2022\/06\/fathers-day-concept-with-happy-father-daughter-2-1024x683.jpg\" alt=\"Prezent dla Taty\" class=\"wp-image-1308\" srcset=\"https:\/\/fotobum.pl\/blog\/wp-content\/uploads\/2022\/06\/fathers-day-concept-with-happy-father-daughter-2-1024x683.jpg 1024w, https:\/\/fotobum.pl\/blog\/wp-content\/uploads\/2022\/06\/fathers-day-concept-with-happy-father-daughter-2-300x200.jpg 300w, https:\/\/fotobum.pl\/blog\/wp-content\/uploads\/2022\/06\/fathers-day-concept-with-happy-father-daughter-2-768x513.jpg 768w, https:\/\/fotobum.pl\/blog\/wp-content\/uploads\/2022\/06\/fathers-day-concept-with-happy-father-daughter-2-1536x1025.jpg 1536w, https:\/\/fotobum.pl\/blog\/wp-content\/uploads\/2022\/06\/fathers-day-concept-with-happy-father-daughter-2-2048x1367.jpg 2048w, https:\/\/fotobum.pl\/blog\/wp-content\/uploads\/2022\/06\/fathers-day-concept-with-happy-father-daughter-2-750x501.jpg 750w\" sizes=\"auto, (max-width: 1024px) 100vw, 1024px\" \/><\/figure>\n\n\n\n<h2 class=\"wp-block-heading\"><strong>1. Prezent na Dzie\u0144 Ojca \u2013 zegarek, portfel, krawat<\/strong>.<\/h2>\n\n\n\n<p>Prezent na dzie\u0144 taty mo\u017ce przybra\u0107 r\u00f3\u017cn\u0105 form\u0119, je\u015bli jednak nie wiesz, na co postawi\u0107, zach\u0119camy do wyboru upomink\u00f3w praktycznych, z kt\u00f3rych Tw\u00f3j tata b\u0119dzie korzysta\u0142. Do tego grona mo\u017cna zaliczy\u0107 zegarek, oczywi\u015bcie nie jest to najprawdopodobniej najta\u0144szy prezent, ale je\u015bli mo\u017cesz sobie na niego pozwoli\u0107, to b\u0119dzie \u015bwietny wyb\u00f3r. Wybierz zegarek, kt\u00f3ry Tw\u00f3j tata b\u0119dzie m\u00f3g\u0142 za\u0142o\u017cy\u0107 na ka\u017cd\u0105 okazj\u0119. Mo\u017cesz mie\u0107 pewno\u015b\u0107, \u017ce b\u0119dzie zadowolony z takiego podarunku. Je\u017celi nie zegarek, to mo\u017ce portfel? Kolejny niezb\u0119dnik na wyposa\u017ceniu ka\u017cdego m\u0119\u017cczyzny. Wybierz wersj\u0119 tradycyjn\u0105 i eleganck\u0105, portfel sk\u00f3rzany, najlepiej czarny lub br\u0105zowy. To kolory \u015bwietnie pasuj\u0105ce zar\u00f3wno do pozosta\u0142ej cz\u0119\u015bci garderoby, jak i do akcesori\u00f3w. Co wi\u0119cej? Krawat, gdy Tw\u00f3j ojciec cz\u0119sto z niego korzysta. Taki upominek polecamy dzieciom wszystkich pracuj\u0105cych w biurach m\u0119\u017cczyzn. Jako prezent idealnie sprawdzi si\u0119 on tam, gdzie ka\u017cdego dnia wymagany jest stosowny ubi\u00f3r do pracy w postaci garnituru z krawatem.<\/p>\n\n\n\n<figure class=\"wp-block-image size-large is-style-default\"><img loading=\"lazy\" decoding=\"async\" width=\"1024\" height=\"683\" src=\"https:\/\/fotobum.pl\/blog\/wp-content\/uploads\/2022\/06\/fathers-day-concept-with-young-daughter-1-1024x683.jpg\" alt=\"Prezent na dzie\u0144 ojca\" class=\"wp-image-1310\" srcset=\"https:\/\/fotobum.pl\/blog\/wp-content\/uploads\/2022\/06\/fathers-day-concept-with-young-daughter-1-1024x683.jpg 1024w, https:\/\/fotobum.pl\/blog\/wp-content\/uploads\/2022\/06\/fathers-day-concept-with-young-daughter-1-300x200.jpg 300w, https:\/\/fotobum.pl\/blog\/wp-content\/uploads\/2022\/06\/fathers-day-concept-with-young-daughter-1-768x513.jpg 768w, https:\/\/fotobum.pl\/blog\/wp-content\/uploads\/2022\/06\/fathers-day-concept-with-young-daughter-1-1536x1025.jpg 1536w, https:\/\/fotobum.pl\/blog\/wp-content\/uploads\/2022\/06\/fathers-day-concept-with-young-daughter-1-2048x1367.jpg 2048w, https:\/\/fotobum.pl\/blog\/wp-content\/uploads\/2022\/06\/fathers-day-concept-with-young-daughter-1-750x501.jpg 750w\" sizes=\"auto, (max-width: 1024px) 100vw, 1024px\" \/><\/figure>\n\n\n\n<h2 class=\"wp-block-heading\">2. <strong>Pikoprint ze zdj\u0119ciem &#8211; co to takiego?<\/strong><\/h2>\n\n\n\n<p><a href=\"https:\/\/fotobum.pl\/kategoria\/1069-ramka-pikoprint\">PicoPrint<\/a> to po\u0142\u0105czenie klasyki i nowoczesno\u015bci &#8211; drewno i plexi. Podstawa wykonana jest z litego drewna d\u0119bowego, a zdj\u0119cie jest reprodukowane na szkle akrylowym. D\u0105b jest frezowany, szlifowany, a nast\u0119pnie olejowany. Dzi\u0119ki tym zabiegom uwydatnia si\u0119 naturalny rysunek i barwa drewna, jednocze\u015bnie bloczek zostaje skutecznie zabezpieczony. Wydruk zdj\u0119cia na b\u0142yszcz\u0105cej pleksi jest nasycony i wyra\u017any &#8211; wszystko dzi\u0119ki nowoczesnej technice bezpo\u015bredniego druku UV. Grubo\u015b\u0107 szk\u0142a zosta\u0142a dobrana tak, aby ramka zyska\u0142a g\u0142\u0119bi\u0119, efekt trzeciego wymiaru, unoszenia si\u0119 fotografii. Dodatkowym atutem ramki jest jej pochylenie, kt\u00f3re pozwala na lepsz\u0105 ekspozycj\u0119 zdj\u0119cia na biurku, p\u00f3\u0142ce czy komodzie. PicPrint to naturalny i modny spos\u00f3b, by utrwali\u0107 wyj\u0105tkowe wspomnienia. Jest to tak\u017ce idealna pami\u0105tka dla Ciebie i Twoich bliskich. Ramka \u0142\u0105czy w sobie tradycyjne rozwi\u0105zania i nowoczesny wygl\u0105d. <\/p>\n\n\n\n<div class=\"wp-block-columns is-layout-flex wp-container-core-columns-is-layout-9d6595d7 wp-block-columns-is-layout-flex\">\n<div class=\"wp-block-column is-layout-flow wp-block-column-is-layout-flow\">\n<figure class=\"wp-block-image size-large is-style-default\"><a href=\"https:\/\/fotobum.pl\/kategoria\/1069-ramka-pikoprint\" target=\"_blank\" rel=\"noopener\"><img loading=\"lazy\" decoding=\"async\" width=\"800\" height=\"800\" src=\"https:\/\/fotobum.pl\/blog\/wp-content\/uploads\/2022\/06\/Pikoprint_ze_zdjeciem_2-1.jpg\" alt=\"PicoPrint ze zdj\u0119ciem dla Taty\" class=\"wp-image-1337\" srcset=\"https:\/\/fotobum.pl\/blog\/wp-content\/uploads\/2022\/06\/Pikoprint_ze_zdjeciem_2-1.jpg 800w, https:\/\/fotobum.pl\/blog\/wp-content\/uploads\/2022\/06\/Pikoprint_ze_zdjeciem_2-1-300x300.jpg 300w, https:\/\/fotobum.pl\/blog\/wp-content\/uploads\/2022\/06\/Pikoprint_ze_zdjeciem_2-1-150x150.jpg 150w, https:\/\/fotobum.pl\/blog\/wp-content\/uploads\/2022\/06\/Pikoprint_ze_zdjeciem_2-1-768x768.jpg 768w, https:\/\/fotobum.pl\/blog\/wp-content\/uploads\/2022\/06\/Pikoprint_ze_zdjeciem_2-1-750x750.jpg 750w\" sizes=\"auto, (max-width: 800px) 100vw, 800px\" \/><\/a><\/figure>\n<\/div>\n\n\n\n<div class=\"wp-block-column is-layout-flow wp-block-column-is-layout-flow\">\n<figure class=\"wp-block-image size-large is-style-default\"><a href=\"https:\/\/fotobum.pl\/kategoria\/1069-ramka-pikoprint\" target=\"_blank\" rel=\"noopener\"><img loading=\"lazy\" decoding=\"async\" width=\"800\" height=\"800\" src=\"https:\/\/fotobum.pl\/blog\/wp-content\/uploads\/2022\/06\/Pikoprint_ze_zdjeciem_3.jpg\" alt=\"PicoPrint ze zdj\u0119ciem na prezent\" class=\"wp-image-1338\" srcset=\"https:\/\/fotobum.pl\/blog\/wp-content\/uploads\/2022\/06\/Pikoprint_ze_zdjeciem_3.jpg 800w, https:\/\/fotobum.pl\/blog\/wp-content\/uploads\/2022\/06\/Pikoprint_ze_zdjeciem_3-300x300.jpg 300w, https:\/\/fotobum.pl\/blog\/wp-content\/uploads\/2022\/06\/Pikoprint_ze_zdjeciem_3-150x150.jpg 150w, https:\/\/fotobum.pl\/blog\/wp-content\/uploads\/2022\/06\/Pikoprint_ze_zdjeciem_3-768x768.jpg 768w, https:\/\/fotobum.pl\/blog\/wp-content\/uploads\/2022\/06\/Pikoprint_ze_zdjeciem_3-750x750.jpg 750w\" sizes=\"auto, (max-width: 800px) 100vw, 800px\" \/><\/a><\/figure>\n<\/div>\n<\/div>\n\n\n\n<h2 class=\"wp-block-heading\">3. Podaruj Tacie chwil\u0119 relaksu &#8211; poduszki ze zdj\u0119ciem na prezent dla Taty.<\/h2>\n\n\n\n<p>Tw\u00f3j ojciec nie przepada za wymy\u015blnymi prezentami, woli co\u015b praktycznego? W takim razie postaw na wygodn\u0105 <a href=\"https:\/\/fotobum.pl\/kategoria\/1073-poduszki-ze-zdjeciem\">poduszk\u0119 z waszym ulubionym zdj\u0119ciem<\/a>. Dlaczego akurat ten prezent? Z kilku powod\u00f3w, po pierwsze Tw\u00f3j tata po prostu b\u0119dzie z tego korzysta\u0142, po drugie \u2013 jest to sentymentalna pami\u0105tka na d\u0142ugie lata. To bez dw\u00f3ch zda\u0144 udany prezent dla wszystkich ojc\u00f3w, kt\u00f3rzy w weekendowe wieczory pragn\u0105 si\u0119 relaksowa\u0107. <strong>Stw\u00f3rz swoj\u0105 w\u0142asn\u0105 poduszk\u0119 w kilka minut.<\/strong>&nbsp;Wybierz ulubione zdj\u0119cia i ciesz si\u0119 oryginalnym prezentem dla bliskich lub sentymentaln\u0105 pami\u0105tk\u0105. <a href=\"https:\/\/fotobum.pl\/kategoria\/1073-poduszki-ze-zdjeciem\">Poduszka ze zdj\u0119ciem<\/a> b\u0119dzie oryginaln\u0105 dekoracj\u0105 sypialni czy salonu. Do wyboru r\u00f3\u017cne szablony. Spersonalizuj swoj\u0105 poduszk\u0119 w dowolny spos\u00f3b dodaj\u0105c zdj\u0119cie i napis. Mi\u0119kkie wype\u0142nienie w po\u0142\u0105czeniu z delikatnym materia\u0142em zapewni Ci komfortowy wypoczynek. Technologia druku jak\u0105 posiadamy pozwala na trwa\u0142y i wyra\u017any zadruk zdj\u0119\u0107. Wysoka jako\u015b\u0107 wykonania i szybki czas realizacji zam\u00f3wienia. Wykorzystaj wspomnienia utrwalone na zdj\u0119ciach i stw\u00f3rz swoj\u0105 wymarzon\u0105 poduszk\u0119. Zobacz jakie to proste!<\/p>\n\n\n\n<figure class=\"wp-block-image size-large is-style-default\"><a href=\"https:\/\/fotobum.pl\/produkt\/3858-poduszka-ze-zdjeciem-kolaz-6-zdjec-z-napisem?okazja=na-dzien-ojca\" target=\"_blank\" rel=\"noopener\"><img loading=\"lazy\" decoding=\"async\" width=\"1024\" height=\"683\" src=\"https:\/\/fotobum.pl\/blog\/wp-content\/uploads\/2022\/06\/004-1024x683.png\" alt=\"Poduszka z nadrukiem na prezent dla taty\" class=\"wp-image-1331\" srcset=\"https:\/\/fotobum.pl\/blog\/wp-content\/uploads\/2022\/06\/004-1024x683.png 1024w, https:\/\/fotobum.pl\/blog\/wp-content\/uploads\/2022\/06\/004-300x200.png 300w, https:\/\/fotobum.pl\/blog\/wp-content\/uploads\/2022\/06\/004-768x512.png 768w, https:\/\/fotobum.pl\/blog\/wp-content\/uploads\/2022\/06\/004-1536x1024.png 1536w, https:\/\/fotobum.pl\/blog\/wp-content\/uploads\/2022\/06\/004-750x500.png 750w, https:\/\/fotobum.pl\/blog\/wp-content\/uploads\/2022\/06\/004.png 1920w\" sizes=\"auto, (max-width: 1024px) 100vw, 1024px\" \/><\/a><\/figure>\n\n\n\n<div class=\"wp-block-columns is-layout-flex wp-container-core-columns-is-layout-9d6595d7 wp-block-columns-is-layout-flex\">\n<div class=\"wp-block-column is-layout-flow wp-block-column-is-layout-flow\">\n<figure class=\"wp-block-image size-large is-style-default\"><a href=\"https:\/\/fotobum.pl\/produkt\/3856-poduszka-ze-zdjeciem-kolaz-4-zdjecia-z-napisem?okazja=na-dzien-ojca\" target=\"_blank\" rel=\"noopener\"><img loading=\"lazy\" decoding=\"async\" width=\"1024\" height=\"1024\" src=\"https:\/\/fotobum.pl\/blog\/wp-content\/uploads\/2023\/05\/Poduszka-ze-zdjeciem-kolaz-4-zdjecia-z-napisem-DLA-TATY-aranzacja-03-1024x1024.jpg\" alt=\"\" class=\"wp-image-1531\" srcset=\"https:\/\/fotobum.pl\/blog\/wp-content\/uploads\/2023\/05\/Poduszka-ze-zdjeciem-kolaz-4-zdjecia-z-napisem-DLA-TATY-aranzacja-03-1024x1024.jpg 1024w, https:\/\/fotobum.pl\/blog\/wp-content\/uploads\/2023\/05\/Poduszka-ze-zdjeciem-kolaz-4-zdjecia-z-napisem-DLA-TATY-aranzacja-03-300x300.jpg 300w, https:\/\/fotobum.pl\/blog\/wp-content\/uploads\/2023\/05\/Poduszka-ze-zdjeciem-kolaz-4-zdjecia-z-napisem-DLA-TATY-aranzacja-03-150x150.jpg 150w, https:\/\/fotobum.pl\/blog\/wp-content\/uploads\/2023\/05\/Poduszka-ze-zdjeciem-kolaz-4-zdjecia-z-napisem-DLA-TATY-aranzacja-03-768x768.jpg 768w, https:\/\/fotobum.pl\/blog\/wp-content\/uploads\/2023\/05\/Poduszka-ze-zdjeciem-kolaz-4-zdjecia-z-napisem-DLA-TATY-aranzacja-03-750x750.jpg 750w, https:\/\/fotobum.pl\/blog\/wp-content\/uploads\/2023\/05\/Poduszka-ze-zdjeciem-kolaz-4-zdjecia-z-napisem-DLA-TATY-aranzacja-03.jpg 1200w\" sizes=\"auto, (max-width: 1024px) 100vw, 1024px\" \/><\/a><\/figure>\n<\/div>\n\n\n\n<div class=\"wp-block-column is-layout-flow wp-block-column-is-layout-flow\">\n<figure class=\"wp-block-image size-large is-style-default\"><a href=\"https:\/\/fotobum.pl\/produkt\/3858-poduszka-ze-zdjeciem-kolaz-6-zdjec-z-napisem?okazja=na-dzien-ojca\" target=\"_blank\" rel=\"noopener\"><img loading=\"lazy\" decoding=\"async\" width=\"1024\" height=\"1024\" src=\"https:\/\/fotobum.pl\/blog\/wp-content\/uploads\/2022\/06\/11-1024x1024.jpg\" alt=\"Poduszka ze zdj\u0119ciem dla taty\" class=\"wp-image-1334\" srcset=\"https:\/\/fotobum.pl\/blog\/wp-content\/uploads\/2022\/06\/11-1024x1024.jpg 1024w, https:\/\/fotobum.pl\/blog\/wp-content\/uploads\/2022\/06\/11-300x300.jpg 300w, https:\/\/fotobum.pl\/blog\/wp-content\/uploads\/2022\/06\/11-150x150.jpg 150w, https:\/\/fotobum.pl\/blog\/wp-content\/uploads\/2022\/06\/11-768x768.jpg 768w, https:\/\/fotobum.pl\/blog\/wp-content\/uploads\/2022\/06\/11-750x750.jpg 750w, https:\/\/fotobum.pl\/blog\/wp-content\/uploads\/2022\/06\/11.jpg 1200w\" sizes=\"auto, (max-width: 1024px) 100vw, 1024px\" \/><\/a><\/figure>\n<\/div>\n\n\n\n<div class=\"wp-block-column is-layout-flow wp-block-column-is-layout-flow\">\n<figure class=\"wp-block-image size-large is-style-default\"><a href=\"https:\/\/fotobum.pl\/produkt\/3855-poduszka-ze-zdjeciem-full-foto?okazja=na-dzien-ojca\" target=\"_blank\" rel=\"noopener\"><img loading=\"lazy\" decoding=\"async\" width=\"1024\" height=\"1024\" src=\"https:\/\/fotobum.pl\/blog\/wp-content\/uploads\/2023\/05\/Poduszka-ze-zdjeciem-full-foto-DLA-TATY-aranzacja-1024x1024.jpg\" alt=\"\" class=\"wp-image-1530\" srcset=\"https:\/\/fotobum.pl\/blog\/wp-content\/uploads\/2023\/05\/Poduszka-ze-zdjeciem-full-foto-DLA-TATY-aranzacja-1024x1024.jpg 1024w, https:\/\/fotobum.pl\/blog\/wp-content\/uploads\/2023\/05\/Poduszka-ze-zdjeciem-full-foto-DLA-TATY-aranzacja-300x300.jpg 300w, https:\/\/fotobum.pl\/blog\/wp-content\/uploads\/2023\/05\/Poduszka-ze-zdjeciem-full-foto-DLA-TATY-aranzacja-150x150.jpg 150w, https:\/\/fotobum.pl\/blog\/wp-content\/uploads\/2023\/05\/Poduszka-ze-zdjeciem-full-foto-DLA-TATY-aranzacja-768x768.jpg 768w, https:\/\/fotobum.pl\/blog\/wp-content\/uploads\/2023\/05\/Poduszka-ze-zdjeciem-full-foto-DLA-TATY-aranzacja-750x750.jpg 750w, https:\/\/fotobum.pl\/blog\/wp-content\/uploads\/2023\/05\/Poduszka-ze-zdjeciem-full-foto-DLA-TATY-aranzacja.jpg 1200w\" sizes=\"auto, (max-width: 1024px) 100vw, 1024px\" \/><\/a><\/figure>\n<\/div>\n<\/div>\n\n\n\n<h2 class=\"wp-block-heading\">4. Prezent na Dzie\u0144 Ojca od dzieci? Wybierz obraz na p\u0142\u00f3tnie.<\/h2>\n\n\n\n<p>Kupujecie wsp\u00f3lny prezent? Mo\u017ce w porozumieniu z mam\u0105? W takim razie najlepszym prezentem na Dzie\u0144 Ojca b\u0119dzie fotografia wszystkich cz\u0142onk\u00f3w rodziny. Jednak nie chcemy, aby by\u0142o to zwyk\u0142e zdj\u0119cie w najpopularniejszym formacie, ale <a href=\"https:\/\/fotobum.pl\/kategoria\/1055-obrazy-na-plotnie-ze-zdjecia\">obraz na p\u0142\u00f3tnie<\/a>. To zupe\u0142nie inny spos\u00f3b na uwiecznienie chwili. Taki obraz mo\u017ce zawisn\u0105\u0107 dos\u0142ownie wsz\u0119dzie, niech przedstawia ca\u0142\u0105 rodzin\u0119, a wi\u0119c dzieci wraz z rodzicami, jednak niech zostanie podarowany w Dzie\u0144 Ojca, aby ten wiedzia\u0142, \u017ce jest osob\u0105, kt\u00f3ra ma dba\u0107 o pozosta\u0142ych, troszczy\u0107 si\u0119 o nich i chroni\u0107 ich w ka\u017cdym momencie \u017cycia. Obraz mo\u017ce zawisn\u0105\u0107 na \u015bcianie pionowo lub poziomo, wszystko zale\u017cy od waszych preferencji. Co wa\u017cne, mo\u017ce mie\u0107 r\u00f3\u017cne wymiary, na pewno wi\u0119c wybierzecie w\u0142a\u015bciwy.\u00a0<\/p>\n\n\n\n<div class=\"wp-block-columns is-layout-flex wp-container-core-columns-is-layout-9d6595d7 wp-block-columns-is-layout-flex\">\n<div class=\"wp-block-column is-layout-flow wp-block-column-is-layout-flow\" style=\"flex-basis:100%\">\n<div class=\"wp-block-columns is-layout-flex wp-container-core-columns-is-layout-9d6595d7 wp-block-columns-is-layout-flex\">\n<div class=\"wp-block-column is-layout-flow wp-block-column-is-layout-flow\" style=\"flex-basis:100%\">\n<div class=\"wp-block-columns is-layout-flex wp-container-core-columns-is-layout-9d6595d7 wp-block-columns-is-layout-flex\">\n<div class=\"wp-block-column is-layout-flow wp-block-column-is-layout-flow\">\n<figure class=\"wp-block-image size-large\"><a href=\"https:\/\/fotobum.pl\/kategoria\/1054-obrazy-ze-zdjeciem\" target=\"_blank\" rel=\"noopener\"><img loading=\"lazy\" decoding=\"async\" width=\"1024\" height=\"1024\" src=\"https:\/\/fotobum.pl\/blog\/wp-content\/uploads\/2023\/05\/Obraz-na-plotnie-ze-zdjec-fotoobraz-kolaz-zdjec-40x40-cm-DLA-TATY-aranzacja-1024x1024.jpg\" alt=\"\" class=\"wp-image-1533\" srcset=\"https:\/\/fotobum.pl\/blog\/wp-content\/uploads\/2023\/05\/Obraz-na-plotnie-ze-zdjec-fotoobraz-kolaz-zdjec-40x40-cm-DLA-TATY-aranzacja-1024x1024.jpg 1024w, https:\/\/fotobum.pl\/blog\/wp-content\/uploads\/2023\/05\/Obraz-na-plotnie-ze-zdjec-fotoobraz-kolaz-zdjec-40x40-cm-DLA-TATY-aranzacja-300x300.jpg 300w, https:\/\/fotobum.pl\/blog\/wp-content\/uploads\/2023\/05\/Obraz-na-plotnie-ze-zdjec-fotoobraz-kolaz-zdjec-40x40-cm-DLA-TATY-aranzacja-150x150.jpg 150w, https:\/\/fotobum.pl\/blog\/wp-content\/uploads\/2023\/05\/Obraz-na-plotnie-ze-zdjec-fotoobraz-kolaz-zdjec-40x40-cm-DLA-TATY-aranzacja-768x768.jpg 768w, https:\/\/fotobum.pl\/blog\/wp-content\/uploads\/2023\/05\/Obraz-na-plotnie-ze-zdjec-fotoobraz-kolaz-zdjec-40x40-cm-DLA-TATY-aranzacja-750x750.jpg 750w, https:\/\/fotobum.pl\/blog\/wp-content\/uploads\/2023\/05\/Obraz-na-plotnie-ze-zdjec-fotoobraz-kolaz-zdjec-40x40-cm-DLA-TATY-aranzacja.jpg 1200w\" sizes=\"auto, (max-width: 1024px) 100vw, 1024px\" \/><\/a><\/figure>\n<\/div>\n\n\n\n<div class=\"wp-block-column is-layout-flow wp-block-column-is-layout-flow\">\n<figure class=\"wp-block-image size-large\"><a href=\"https:\/\/fotobum.pl\/kategoria\/1054-obrazy-ze-zdjeciem?sort=newest\" target=\"_blank\" rel=\"noopener\"><img loading=\"lazy\" decoding=\"async\" width=\"1024\" height=\"1024\" src=\"https:\/\/fotobum.pl\/blog\/wp-content\/uploads\/2023\/05\/Obraz-na-plotnie-ze-zdjec-fotoobraz-kolaz-zdjec-40x30-cm-DLA-TATY-aranzacja-1024x1024.jpg\" alt=\"\" class=\"wp-image-1536\" srcset=\"https:\/\/fotobum.pl\/blog\/wp-content\/uploads\/2023\/05\/Obraz-na-plotnie-ze-zdjec-fotoobraz-kolaz-zdjec-40x30-cm-DLA-TATY-aranzacja-1024x1024.jpg 1024w, https:\/\/fotobum.pl\/blog\/wp-content\/uploads\/2023\/05\/Obraz-na-plotnie-ze-zdjec-fotoobraz-kolaz-zdjec-40x30-cm-DLA-TATY-aranzacja-300x300.jpg 300w, https:\/\/fotobum.pl\/blog\/wp-content\/uploads\/2023\/05\/Obraz-na-plotnie-ze-zdjec-fotoobraz-kolaz-zdjec-40x30-cm-DLA-TATY-aranzacja-150x150.jpg 150w, https:\/\/fotobum.pl\/blog\/wp-content\/uploads\/2023\/05\/Obraz-na-plotnie-ze-zdjec-fotoobraz-kolaz-zdjec-40x30-cm-DLA-TATY-aranzacja-768x768.jpg 768w, https:\/\/fotobum.pl\/blog\/wp-content\/uploads\/2023\/05\/Obraz-na-plotnie-ze-zdjec-fotoobraz-kolaz-zdjec-40x30-cm-DLA-TATY-aranzacja-750x750.jpg 750w, https:\/\/fotobum.pl\/blog\/wp-content\/uploads\/2023\/05\/Obraz-na-plotnie-ze-zdjec-fotoobraz-kolaz-zdjec-40x30-cm-DLA-TATY-aranzacja.jpg 1200w\" sizes=\"auto, (max-width: 1024px) 100vw, 1024px\" \/><\/a><\/figure>\n<\/div>\n<\/div>\n<\/div>\n<\/div>\n<\/div>\n<\/div>\n\n\n\n<h2 class=\"wp-block-heading\">5. Niewielkie FotoMagnesy na Dzie\u0144 Ojca \u2013 czy warto?<\/h2>\n\n\n\n<p>Co powiesz na drobny upominek, kt\u00f3ry mo\u017ce sta\u0107 si\u0119 idealnym dodatkiem do g\u0142\u00f3wnego prezentu? Tym upominkiem niech b\u0119d\u0105&nbsp;<a href=\"https:\/\/fotobum.pl\/kategoria\/43-magnesy\">fotoMagnesy<\/a>. Wyj\u0105tkowe propozycje o r\u00f3\u017cnych rozmiarach, kt\u00f3re mo\u017cna umie\u015bci\u0107 na przyk\u0142ad na lod\u00f3wce. Tw\u00f3j tata za ka\u017cdym razem, gdy wejdzie do kuchni lub b\u0119dzie otwiera\u0142 lod\u00f3wk\u0119, zobaczy zdj\u0119cia najbli\u017cszych. Co wa\u017cne, mo\u017ce to by\u0107 doskona\u0142y spos\u00f3b na ukojenie jego t\u0119sknoty, je\u015bli jeste\u015b jedynym dzieckiem, kt\u00f3re np. pracuje za granic\u0105. Bez dw\u00f3ch zda\u0144 fotoMagnesy sprawdz\u0105 si\u0119 jako dodatek do prezentu, bez wzgl\u0119du na to, jaki on jest. Dlatego nie zwlekaj i postaw na ten drobny podarunek. Zam\u00f3wisz go na stronie Fotobum.pl, gdzie wybierzesz jego wymiary, kszta\u0142t i grafik\u0119 dodatkow\u0105 wraz z tekstem.<\/p>\n\n\n\n<div class=\"wp-block-group\"><div class=\"wp-block-group__inner-container is-layout-flow wp-block-group-is-layout-flow\">\n<figure class=\"wp-block-image size-large is-style-default\"><a href=\"https:\/\/fotobum.pl\/kategoria\/43-magnesy\" target=\"_blank\" rel=\"noopener\"><img loading=\"lazy\" decoding=\"async\" width=\"1024\" height=\"683\" src=\"https:\/\/fotobum.pl\/blog\/wp-content\/uploads\/2022\/06\/Tata10-1024x683.jpg\" alt=\"Fotomagnesy ze zdj\u0119ciem i podpisem\" class=\"wp-image-1342\" srcset=\"https:\/\/fotobum.pl\/blog\/wp-content\/uploads\/2022\/06\/Tata10-1024x683.jpg 1024w, https:\/\/fotobum.pl\/blog\/wp-content\/uploads\/2022\/06\/Tata10-300x200.jpg 300w, https:\/\/fotobum.pl\/blog\/wp-content\/uploads\/2022\/06\/Tata10-768x512.jpg 768w, https:\/\/fotobum.pl\/blog\/wp-content\/uploads\/2022\/06\/Tata10-1536x1024.jpg 1536w, https:\/\/fotobum.pl\/blog\/wp-content\/uploads\/2022\/06\/Tata10-2048x1365.jpg 2048w, https:\/\/fotobum.pl\/blog\/wp-content\/uploads\/2022\/06\/Tata10-750x500.jpg 750w\" sizes=\"auto, (max-width: 1024px) 100vw, 1024px\" \/><\/a><\/figure>\n\n\n\n<div class=\"wp-block-columns is-layout-flex wp-container-core-columns-is-layout-9d6595d7 wp-block-columns-is-layout-flex\">\n<div class=\"wp-block-column is-layout-flow wp-block-column-is-layout-flow\">\n<div class=\"wp-block-columns is-layout-flex wp-container-core-columns-is-layout-9d6595d7 wp-block-columns-is-layout-flex\">\n<div class=\"wp-block-column is-layout-flow wp-block-column-is-layout-flow\">\n<figure class=\"wp-block-image size-large is-style-default\"><a href=\"https:\/\/fotobum.pl\/kategoria\/43-magnesy\" target=\"_blank\" rel=\"noopener\"><img loading=\"lazy\" decoding=\"async\" width=\"1024\" height=\"1024\" src=\"https:\/\/fotobum.pl\/blog\/wp-content\/uploads\/2022\/06\/magnesy-03-1024x1024.jpg\" alt=\"Magnesy ze zdj\u0119ciem i podpisem\" class=\"wp-image-1343\" srcset=\"https:\/\/fotobum.pl\/blog\/wp-content\/uploads\/2022\/06\/magnesy-03-1024x1024.jpg 1024w, https:\/\/fotobum.pl\/blog\/wp-content\/uploads\/2022\/06\/magnesy-03-300x300.jpg 300w, https:\/\/fotobum.pl\/blog\/wp-content\/uploads\/2022\/06\/magnesy-03-150x150.jpg 150w, https:\/\/fotobum.pl\/blog\/wp-content\/uploads\/2022\/06\/magnesy-03-768x768.jpg 768w, https:\/\/fotobum.pl\/blog\/wp-content\/uploads\/2022\/06\/magnesy-03-750x750.jpg 750w, https:\/\/fotobum.pl\/blog\/wp-content\/uploads\/2022\/06\/magnesy-03.jpg 1200w\" sizes=\"auto, (max-width: 1024px) 100vw, 1024px\" \/><\/a><figcaption>Na <a href=\"https:\/\/fotobum.pl\/kategoria\/43-magnesy\">magnesie ze zdj\u0119ciem <\/a>polaroid mo\u017cesz doda\u0107 w\u0142asny podpis<\/figcaption><\/figure>\n<\/div>\n\n\n\n<div class=\"wp-block-column is-layout-flow wp-block-column-is-layout-flow\">\n<figure class=\"wp-block-image size-large is-style-default\"><a href=\"https:\/\/fotobum.pl\/kategoria\/43-magnesy\" target=\"_blank\" rel=\"noopener\"><img loading=\"lazy\" decoding=\"async\" width=\"1024\" height=\"1024\" src=\"https:\/\/fotobum.pl\/blog\/wp-content\/uploads\/2022\/06\/magnesy-01-1024x1024.jpg\" alt=\"Magnesy ze zdj\u0119ciem\" class=\"wp-image-1344\" srcset=\"https:\/\/fotobum.pl\/blog\/wp-content\/uploads\/2022\/06\/magnesy-01-1024x1024.jpg 1024w, https:\/\/fotobum.pl\/blog\/wp-content\/uploads\/2022\/06\/magnesy-01-300x300.jpg 300w, https:\/\/fotobum.pl\/blog\/wp-content\/uploads\/2022\/06\/magnesy-01-150x150.jpg 150w, https:\/\/fotobum.pl\/blog\/wp-content\/uploads\/2022\/06\/magnesy-01-768x768.jpg 768w, https:\/\/fotobum.pl\/blog\/wp-content\/uploads\/2022\/06\/magnesy-01-750x750.jpg 750w, https:\/\/fotobum.pl\/blog\/wp-content\/uploads\/2022\/06\/magnesy-01.jpg 1200w\" sizes=\"auto, (max-width: 1024px) 100vw, 1024px\" \/><\/a><figcaption>Do wyboru r\u00f3\u017cne formaty i kszta\u0142ty <a href=\"https:\/\/fotobum.pl\/kategoria\/43-magnesy\">foto magnes\u00f3w<\/a><\/figcaption><\/figure>\n<\/div>\n\n\n\n<div class=\"wp-block-column is-layout-flow wp-block-column-is-layout-flow\">\n<figure class=\"wp-block-image size-large is-style-default\"><a href=\"https:\/\/fotobum.pl\/kategoria\/43-magnesy\" target=\"_blank\" rel=\"noopener\"><img loading=\"lazy\" decoding=\"async\" width=\"1024\" height=\"1024\" src=\"https:\/\/fotobum.pl\/blog\/wp-content\/uploads\/2022\/06\/magnesy-02-1024x1024.jpg\" alt=\"R\u00f3\u017cne kszta\u0142ty fotomagnes\u00f3w ze zdj\u0119ciem\" class=\"wp-image-1345\" srcset=\"https:\/\/fotobum.pl\/blog\/wp-content\/uploads\/2022\/06\/magnesy-02-1024x1024.jpg 1024w, https:\/\/fotobum.pl\/blog\/wp-content\/uploads\/2022\/06\/magnesy-02-300x300.jpg 300w, https:\/\/fotobum.pl\/blog\/wp-content\/uploads\/2022\/06\/magnesy-02-150x150.jpg 150w, https:\/\/fotobum.pl\/blog\/wp-content\/uploads\/2022\/06\/magnesy-02-768x768.jpg 768w, https:\/\/fotobum.pl\/blog\/wp-content\/uploads\/2022\/06\/magnesy-02-750x750.jpg 750w, https:\/\/fotobum.pl\/blog\/wp-content\/uploads\/2022\/06\/magnesy-02.jpg 1200w\" sizes=\"auto, (max-width: 1024px) 100vw, 1024px\" \/><\/a><figcaption>Wybierz sw\u00f3j ulubiony kszta\u0142t <a href=\"https:\/\/fotobum.pl\/kategoria\/43-magnesy\">magnesu ze zdj\u0119ciem<\/a> dla Taty<\/figcaption><\/figure>\n\n\n\n<p><\/p>\n<\/div>\n<\/div>\n<\/div>\n<\/div>\n<\/div><\/div>\n\n\n\n<h2 class=\"wp-block-heading\">5. Co powiesz na kubek ze zdj\u0119ciem z okazji Dnia Taty?<\/h2>\n\n\n\n<p>Stw\u00f3rz dla swojego taty spersonalizowany <a href=\"https:\/\/fotobum.pl\/kategoria\/316-kubki-z-nadrukiem\" target=\"_blank\" rel=\"noreferrer noopener\">kubek ze zdj\u0119ciem<\/a>. Wybierz klasyczny bia\u0142y kubek lub unikatowy kubek z z\u0142otym \u015brodkiem. Mo\u017cesz doda\u0107 jedno zdj\u0119cie lub stworzy\u0107 kola\u017c zdj\u0119\u0107. Dodaj na kubku imi\u0119 taty lub dowolny tekst. Mo\u017cesz postawi\u0107 tak\u017ce na kubek z niespodziank\u0105. <a href=\"https:\/\/fotobum.pl\/kategoria\/1045-kubki-ze-zdjeciem-magiczne\" target=\"_blank\" rel=\"noreferrer noopener\">Magiczny kubek ze zdj\u0119ciem<\/a> z pozoru wygl\u0105daj\u0105cy na klasyczny, po zalaniu wrz\u0105tkiem odkryje ulubione zdj\u0119cie lub wiadomo\u015b\u0107 pozostawion\u0105 tacie. Przypomnij mu jaki jest dla Ciebie wa\u017cny. Spraw, aby ten <a href=\"https:\/\/fotobum.pl\/kategoria\/316-kubki-z-nadrukiem\" target=\"_blank\" rel=\"noreferrer noopener\">kubek z nadrukiem<\/a> sta\u0142 si\u0119 jego ulubionym. Taki prezent z pewno\u015bci\u0105 jest godny uwagi. Zagwarantuje, \u017ce ka\u017cdy \u0142yk herbaty lub ma\u0142ej czarnej zamieni si\u0119 w wyj\u0105tkow\u0105 chwil\u0119. Ka\u017cdy z nas wie, \u017ce ojcowie doceniaj\u0105 wszystkie nasze gesty, nawet te najdrobniejsze. <\/p>\n\n\n\n<div class=\"wp-block-columns is-layout-flex wp-container-core-columns-is-layout-9d6595d7 wp-block-columns-is-layout-flex\">\n<div class=\"wp-block-column is-layout-flow wp-block-column-is-layout-flow\">\n<figure class=\"wp-block-image size-large\"><a href=\"https:\/\/fotobum.pl\/kategoria\/200-kubki-ze-zdjeciem-klasyczne?sort=newest\" target=\"_blank\" rel=\"noopener\"><img loading=\"lazy\" decoding=\"async\" width=\"1024\" height=\"1024\" src=\"https:\/\/fotobum.pl\/blog\/wp-content\/uploads\/2023\/05\/Kubek-z-wlasnym-zdjeciem-najlepszy-tata-chlopak-na-swiecie-1024x1024.jpg\" alt=\"\" class=\"wp-image-1537\" srcset=\"https:\/\/fotobum.pl\/blog\/wp-content\/uploads\/2023\/05\/Kubek-z-wlasnym-zdjeciem-najlepszy-tata-chlopak-na-swiecie-1024x1024.jpg 1024w, https:\/\/fotobum.pl\/blog\/wp-content\/uploads\/2023\/05\/Kubek-z-wlasnym-zdjeciem-najlepszy-tata-chlopak-na-swiecie-300x300.jpg 300w, https:\/\/fotobum.pl\/blog\/wp-content\/uploads\/2023\/05\/Kubek-z-wlasnym-zdjeciem-najlepszy-tata-chlopak-na-swiecie-150x150.jpg 150w, https:\/\/fotobum.pl\/blog\/wp-content\/uploads\/2023\/05\/Kubek-z-wlasnym-zdjeciem-najlepszy-tata-chlopak-na-swiecie-768x768.jpg 768w, https:\/\/fotobum.pl\/blog\/wp-content\/uploads\/2023\/05\/Kubek-z-wlasnym-zdjeciem-najlepszy-tata-chlopak-na-swiecie-750x750.jpg 750w, https:\/\/fotobum.pl\/blog\/wp-content\/uploads\/2023\/05\/Kubek-z-wlasnym-zdjeciem-najlepszy-tata-chlopak-na-swiecie.jpg 1200w\" sizes=\"auto, (max-width: 1024px) 100vw, 1024px\" \/><\/a><\/figure>\n<\/div>\n\n\n\n<div class=\"wp-block-column is-layout-flow wp-block-column-is-layout-flow\">\n<figure class=\"wp-block-image size-large\"><a href=\"https:\/\/fotobum.pl\/kategoria\/200-kubki-ze-zdjeciem-klasyczne?sort=newest\" target=\"_blank\" rel=\"noopener\"><img loading=\"lazy\" decoding=\"async\" width=\"1024\" height=\"1024\" src=\"https:\/\/fotobum.pl\/blog\/wp-content\/uploads\/2023\/05\/Kubek-ze-zdjeciem-i-napisem-dwa-zdjecia-DLA-TATY-aranzacja-1024x1024.jpg\" alt=\"\" class=\"wp-image-1538\" srcset=\"https:\/\/fotobum.pl\/blog\/wp-content\/uploads\/2023\/05\/Kubek-ze-zdjeciem-i-napisem-dwa-zdjecia-DLA-TATY-aranzacja-1024x1024.jpg 1024w, https:\/\/fotobum.pl\/blog\/wp-content\/uploads\/2023\/05\/Kubek-ze-zdjeciem-i-napisem-dwa-zdjecia-DLA-TATY-aranzacja-300x300.jpg 300w, https:\/\/fotobum.pl\/blog\/wp-content\/uploads\/2023\/05\/Kubek-ze-zdjeciem-i-napisem-dwa-zdjecia-DLA-TATY-aranzacja-150x150.jpg 150w, https:\/\/fotobum.pl\/blog\/wp-content\/uploads\/2023\/05\/Kubek-ze-zdjeciem-i-napisem-dwa-zdjecia-DLA-TATY-aranzacja-768x768.jpg 768w, https:\/\/fotobum.pl\/blog\/wp-content\/uploads\/2023\/05\/Kubek-ze-zdjeciem-i-napisem-dwa-zdjecia-DLA-TATY-aranzacja-750x750.jpg 750w, https:\/\/fotobum.pl\/blog\/wp-content\/uploads\/2023\/05\/Kubek-ze-zdjeciem-i-napisem-dwa-zdjecia-DLA-TATY-aranzacja.jpg 1200w\" sizes=\"auto, (max-width: 1024px) 100vw, 1024px\" \/><\/a><\/figure>\n<\/div>\n<\/div>\n\n\n\n<div class=\"wp-block-columns is-layout-flex wp-container-core-columns-is-layout-9d6595d7 wp-block-columns-is-layout-flex\">\n<div class=\"wp-block-column is-layout-flow wp-block-column-is-layout-flow\">\n<figure class=\"wp-block-image size-large is-style-default\"><a href=\"https:\/\/fotobum.pl\/kategoria\/200-kubki-ze-zdjeciem-klasyczne?sort=newest\" target=\"_blank\" rel=\"noopener\"><img loading=\"lazy\" decoding=\"async\" width=\"1024\" height=\"1024\" src=\"https:\/\/fotobum.pl\/blog\/wp-content\/uploads\/2023\/05\/Kubek-ze-zdjeciem-prezent-dla-taty-ulubiony-bohater-DLA-TATY-3-1024x1024.jpg\" alt=\"\" class=\"wp-image-1539\" srcset=\"https:\/\/fotobum.pl\/blog\/wp-content\/uploads\/2023\/05\/Kubek-ze-zdjeciem-prezent-dla-taty-ulubiony-bohater-DLA-TATY-3-1024x1024.jpg 1024w, https:\/\/fotobum.pl\/blog\/wp-content\/uploads\/2023\/05\/Kubek-ze-zdjeciem-prezent-dla-taty-ulubiony-bohater-DLA-TATY-3-300x300.jpg 300w, https:\/\/fotobum.pl\/blog\/wp-content\/uploads\/2023\/05\/Kubek-ze-zdjeciem-prezent-dla-taty-ulubiony-bohater-DLA-TATY-3-150x150.jpg 150w, https:\/\/fotobum.pl\/blog\/wp-content\/uploads\/2023\/05\/Kubek-ze-zdjeciem-prezent-dla-taty-ulubiony-bohater-DLA-TATY-3-768x768.jpg 768w, https:\/\/fotobum.pl\/blog\/wp-content\/uploads\/2023\/05\/Kubek-ze-zdjeciem-prezent-dla-taty-ulubiony-bohater-DLA-TATY-3-750x750.jpg 750w, https:\/\/fotobum.pl\/blog\/wp-content\/uploads\/2023\/05\/Kubek-ze-zdjeciem-prezent-dla-taty-ulubiony-bohater-DLA-TATY-3.jpg 1200w\" sizes=\"auto, (max-width: 1024px) 100vw, 1024px\" \/><\/a><\/figure>\n<\/div>\n\n\n\n<div class=\"wp-block-column is-layout-flow wp-block-column-is-layout-flow\">\n<figure class=\"wp-block-image size-large is-style-default\"><a href=\"https:\/\/fotobum.pl\/kategoria\/200-kubki-ze-zdjeciem-klasyczne?sort=newest\" target=\"_blank\" rel=\"noopener\"><img loading=\"lazy\" decoding=\"async\" width=\"1024\" height=\"1024\" src=\"https:\/\/fotobum.pl\/blog\/wp-content\/uploads\/2023\/05\/Kubek-ze-zdjeciem-prezent-dla-taty-ulubiony-bohater-DLA-TATY-4-1024x1024.jpg\" alt=\"\" class=\"wp-image-1540\" srcset=\"https:\/\/fotobum.pl\/blog\/wp-content\/uploads\/2023\/05\/Kubek-ze-zdjeciem-prezent-dla-taty-ulubiony-bohater-DLA-TATY-4-1024x1024.jpg 1024w, https:\/\/fotobum.pl\/blog\/wp-content\/uploads\/2023\/05\/Kubek-ze-zdjeciem-prezent-dla-taty-ulubiony-bohater-DLA-TATY-4-300x300.jpg 300w, https:\/\/fotobum.pl\/blog\/wp-content\/uploads\/2023\/05\/Kubek-ze-zdjeciem-prezent-dla-taty-ulubiony-bohater-DLA-TATY-4-150x150.jpg 150w, https:\/\/fotobum.pl\/blog\/wp-content\/uploads\/2023\/05\/Kubek-ze-zdjeciem-prezent-dla-taty-ulubiony-bohater-DLA-TATY-4-768x768.jpg 768w, https:\/\/fotobum.pl\/blog\/wp-content\/uploads\/2023\/05\/Kubek-ze-zdjeciem-prezent-dla-taty-ulubiony-bohater-DLA-TATY-4-750x750.jpg 750w, https:\/\/fotobum.pl\/blog\/wp-content\/uploads\/2023\/05\/Kubek-ze-zdjeciem-prezent-dla-taty-ulubiony-bohater-DLA-TATY-4.jpg 1200w\" sizes=\"auto, (max-width: 1024px) 100vw, 1024px\" \/><\/a><\/figure>\n<\/div>\n\n\n\n<div class=\"wp-block-column is-layout-flow wp-block-column-is-layout-flow\">\n<figure class=\"wp-block-image size-large is-style-default\"><a href=\"https:\/\/fotobum.pl\/kategoria\/200-kubki-ze-zdjeciem-klasyczne?sort=newest\" target=\"_blank\" rel=\"noopener\"><img loading=\"lazy\" decoding=\"async\" width=\"1024\" height=\"1024\" src=\"https:\/\/fotobum.pl\/blog\/wp-content\/uploads\/2023\/05\/kubki-02-1024x1024.jpg\" alt=\"\" class=\"wp-image-1541\" srcset=\"https:\/\/fotobum.pl\/blog\/wp-content\/uploads\/2023\/05\/kubki-02-1024x1024.jpg 1024w, https:\/\/fotobum.pl\/blog\/wp-content\/uploads\/2023\/05\/kubki-02-300x300.jpg 300w, https:\/\/fotobum.pl\/blog\/wp-content\/uploads\/2023\/05\/kubki-02-150x150.jpg 150w, https:\/\/fotobum.pl\/blog\/wp-content\/uploads\/2023\/05\/kubki-02-768x768.jpg 768w, https:\/\/fotobum.pl\/blog\/wp-content\/uploads\/2023\/05\/kubki-02-750x750.jpg 750w, https:\/\/fotobum.pl\/blog\/wp-content\/uploads\/2023\/05\/kubki-02.jpg 1200w\" sizes=\"auto, (max-width: 1024px) 100vw, 1024px\" \/><\/a><\/figure>\n\n\n\n<p><\/p>\n<\/div>\n<\/div>\n\n\n\n<h2 class=\"wp-block-heading\"><strong>6. Pi\u0119kne zdj\u0119cie na szkle na prezent dla Taty \u2013 upominek od serca<\/strong><\/h2>\n\n\n\n<p>Prezent na Dzie\u0144 Taty od ukochanego dziecka? Bez dw\u00f3ch zda\u0144 pi\u0119kne zdj\u0119cie w ramce, kt\u00f3re zostanie z nim na zawsze. Postaw na oryginalne rozwi\u0105zanie i wybierz <a href=\"https:\/\/fotobum.pl\/kategoria\/254-ramka-ze-zdjeciem-na-szkle-akrylowym\" target=\"_blank\" rel=\"noreferrer noopener\">ramk\u0119 ze zdj\u0119ciem na szkle akrylowym<\/a>. Nadruk na pleksi to obecnie hit sezonu. Mo\u017cesz postawi\u0107 na <a href=\"https:\/\/fotobum.pl\/kategoria\/1057-ramki-ze-zdjeciem\" target=\"_blank\" rel=\"noreferrer noopener\">muzyczn\u0105 ramk\u0119<\/a> ze zdj\u0119ciem i ulubion\u0105 piosenk\u0105 taty lub te\u017c ramk\u0119 w dowolnym kszta\u0142cie: serca, sze\u015bciok\u0105ta czy okr\u0105g\u0142\u0105. Oczywi\u015bcie wyb\u00f3r nale\u017cy ju\u017c tylko do Ciebie. <a href=\"https:\/\/fotobum.pl\/kategoria\/1057-ramki-ze-zdjeciem\" target=\"_blank\" rel=\"noreferrer noopener\">Ramka ze zdj\u0119ciem na pleksi<\/a> stanowi nowoczesn\u0105 form\u0119 ramki ze zdj\u0119ciem. Najwy\u017cszej jako\u015bci,\u00a0czytelny nadruk\u00a0\u015bwietnie prezentuje si\u0119 na przezroczystej powierzchni. Transparentna pleksi nadaje<strong>\u00a0n<\/strong>aturalny po\u0142ysk\u00a0i niespotykan\u0105 g\u0142\u0119bie nadrukowanym fotografi\u0105, tworz\u0105c efekt\u00a0&#8222;obrazu za szyb\u0105&#8221;. Takie rozwi\u0105zanie b\u0119dzie \u015bwietn\u0105 dekoracj\u0105 wn\u0119trz w ka\u017cdym stylu. <\/p>\n\n\n\n<figure class=\"wp-block-image size-large is-resized\"><a href=\"https:\/\/fotobum.pl\/kategoria\/254-ramka-ze-zdjeciem-na-szkle-akrylowym\" target=\"_blank\" rel=\"noopener\"><img loading=\"lazy\" decoding=\"async\" src=\"https:\/\/fotobum.pl\/blog\/wp-content\/uploads\/2022\/06\/Owijka-z-pleksi_1000x1000_02.jpg\" alt=\"Wydruk na szkle akrylowym\" class=\"wp-image-1315\" width=\"1000\" height=\"1000\" srcset=\"https:\/\/fotobum.pl\/blog\/wp-content\/uploads\/2022\/06\/Owijka-z-pleksi_1000x1000_02.jpg 1000w, https:\/\/fotobum.pl\/blog\/wp-content\/uploads\/2022\/06\/Owijka-z-pleksi_1000x1000_02-300x300.jpg 300w, https:\/\/fotobum.pl\/blog\/wp-content\/uploads\/2022\/06\/Owijka-z-pleksi_1000x1000_02-150x150.jpg 150w, https:\/\/fotobum.pl\/blog\/wp-content\/uploads\/2022\/06\/Owijka-z-pleksi_1000x1000_02-768x768.jpg 768w, https:\/\/fotobum.pl\/blog\/wp-content\/uploads\/2022\/06\/Owijka-z-pleksi_1000x1000_02-750x750.jpg 750w\" sizes=\"auto, (max-width: 1000px) 100vw, 1000px\" \/><\/a><\/figure>\n\n\n\n<div class=\"wp-block-columns is-layout-flex wp-container-core-columns-is-layout-9d6595d7 wp-block-columns-is-layout-flex\">\n<div class=\"wp-block-column is-layout-flow wp-block-column-is-layout-flow\" style=\"flex-basis:100%\">\n<div class=\"wp-block-columns is-layout-flex wp-container-core-columns-is-layout-9d6595d7 wp-block-columns-is-layout-flex\">\n<div class=\"wp-block-column is-layout-flow wp-block-column-is-layout-flow\">\n<figure class=\"wp-block-image size-large is-style-default\"><a href=\"https:\/\/fotobum.pl\/produkt\/4022-statuetka-dla-mamy-ze-zdjeciem-i-dedykacja-ramka-ze-zdjeciem-na-podziekowanie-15x21-cm?okazja=na-dzien-ojca\" target=\"_blank\" rel=\"noopener\"><img loading=\"lazy\" decoding=\"async\" width=\"1024\" height=\"1024\" src=\"https:\/\/fotobum.pl\/blog\/wp-content\/uploads\/2023\/05\/Statuetka-dla-mamy-taty-ze-zdjeciem-i-dedykacja-ramka-ze-zdjeciem-na-podziekowanie-15x21-cm-DLA-TATY-aranzacja-1024x1024.jpg\" alt=\"\" class=\"wp-image-1543\" srcset=\"https:\/\/fotobum.pl\/blog\/wp-content\/uploads\/2023\/05\/Statuetka-dla-mamy-taty-ze-zdjeciem-i-dedykacja-ramka-ze-zdjeciem-na-podziekowanie-15x21-cm-DLA-TATY-aranzacja-1024x1024.jpg 1024w, https:\/\/fotobum.pl\/blog\/wp-content\/uploads\/2023\/05\/Statuetka-dla-mamy-taty-ze-zdjeciem-i-dedykacja-ramka-ze-zdjeciem-na-podziekowanie-15x21-cm-DLA-TATY-aranzacja-300x300.jpg 300w, https:\/\/fotobum.pl\/blog\/wp-content\/uploads\/2023\/05\/Statuetka-dla-mamy-taty-ze-zdjeciem-i-dedykacja-ramka-ze-zdjeciem-na-podziekowanie-15x21-cm-DLA-TATY-aranzacja-150x150.jpg 150w, https:\/\/fotobum.pl\/blog\/wp-content\/uploads\/2023\/05\/Statuetka-dla-mamy-taty-ze-zdjeciem-i-dedykacja-ramka-ze-zdjeciem-na-podziekowanie-15x21-cm-DLA-TATY-aranzacja-768x768.jpg 768w, https:\/\/fotobum.pl\/blog\/wp-content\/uploads\/2023\/05\/Statuetka-dla-mamy-taty-ze-zdjeciem-i-dedykacja-ramka-ze-zdjeciem-na-podziekowanie-15x21-cm-DLA-TATY-aranzacja-750x750.jpg 750w, https:\/\/fotobum.pl\/blog\/wp-content\/uploads\/2023\/05\/Statuetka-dla-mamy-taty-ze-zdjeciem-i-dedykacja-ramka-ze-zdjeciem-na-podziekowanie-15x21-cm-DLA-TATY-aranzacja.jpg 1200w\" sizes=\"auto, (max-width: 1024px) 100vw, 1024px\" \/><\/a><\/figure>\n<\/div>\n\n\n\n<div class=\"wp-block-column is-layout-flow wp-block-column-is-layout-flow\">\n<figure class=\"wp-block-image size-large is-style-default\"><a href=\"https:\/\/fotobum.pl\/produkt\/4024-statuetka-dla-mamy-ze-zdjeciem-i-dedykacja-ramka-ze-zdjeciem-na-podziekowanie-a4?okazja=na-dzien-ojca\" target=\"_blank\" rel=\"noopener\"><img loading=\"lazy\" decoding=\"async\" width=\"1024\" height=\"1024\" src=\"https:\/\/fotobum.pl\/blog\/wp-content\/uploads\/2023\/05\/Statuetka-dla-mamy-taty-ze-zdjeciem-i-dedykacja-ramka-ze-zdjeciem-na-podziekowanie-A4-DLA-TATY-aranzacja-1024x1024.jpg\" alt=\"\" class=\"wp-image-1544\" srcset=\"https:\/\/fotobum.pl\/blog\/wp-content\/uploads\/2023\/05\/Statuetka-dla-mamy-taty-ze-zdjeciem-i-dedykacja-ramka-ze-zdjeciem-na-podziekowanie-A4-DLA-TATY-aranzacja-1024x1024.jpg 1024w, https:\/\/fotobum.pl\/blog\/wp-content\/uploads\/2023\/05\/Statuetka-dla-mamy-taty-ze-zdjeciem-i-dedykacja-ramka-ze-zdjeciem-na-podziekowanie-A4-DLA-TATY-aranzacja-300x300.jpg 300w, https:\/\/fotobum.pl\/blog\/wp-content\/uploads\/2023\/05\/Statuetka-dla-mamy-taty-ze-zdjeciem-i-dedykacja-ramka-ze-zdjeciem-na-podziekowanie-A4-DLA-TATY-aranzacja-150x150.jpg 150w, https:\/\/fotobum.pl\/blog\/wp-content\/uploads\/2023\/05\/Statuetka-dla-mamy-taty-ze-zdjeciem-i-dedykacja-ramka-ze-zdjeciem-na-podziekowanie-A4-DLA-TATY-aranzacja-768x768.jpg 768w, https:\/\/fotobum.pl\/blog\/wp-content\/uploads\/2023\/05\/Statuetka-dla-mamy-taty-ze-zdjeciem-i-dedykacja-ramka-ze-zdjeciem-na-podziekowanie-A4-DLA-TATY-aranzacja-1536x1536.jpg 1536w, https:\/\/fotobum.pl\/blog\/wp-content\/uploads\/2023\/05\/Statuetka-dla-mamy-taty-ze-zdjeciem-i-dedykacja-ramka-ze-zdjeciem-na-podziekowanie-A4-DLA-TATY-aranzacja-750x750.jpg 750w, https:\/\/fotobum.pl\/blog\/wp-content\/uploads\/2023\/05\/Statuetka-dla-mamy-taty-ze-zdjeciem-i-dedykacja-ramka-ze-zdjeciem-na-podziekowanie-A4-DLA-TATY-aranzacja.jpg 2000w\" sizes=\"auto, (max-width: 1024px) 100vw, 1024px\" \/><\/a><\/figure>\n<\/div>\n<\/div>\n\n\n\n<div class=\"wp-block-columns is-layout-flex wp-container-core-columns-is-layout-9d6595d7 wp-block-columns-is-layout-flex\">\n<div class=\"wp-block-column is-layout-flow wp-block-column-is-layout-flow\">\n<figure class=\"wp-block-image size-large\"><a href=\"https:\/\/fotobum.pl\/kategoria\/200-kubki-ze-zdjeciem-klasyczne?sort=newest\" target=\"_blank\" rel=\"noopener\"><img loading=\"lazy\" decoding=\"async\" width=\"1024\" height=\"1024\" src=\"https:\/\/fotobum.pl\/blog\/wp-content\/uploads\/2023\/05\/ramka-ze-zdjeciem-dla-taty-na-szkle-akrylowym-1024x1024.jpg\" alt=\"\" class=\"wp-image-1558\" srcset=\"https:\/\/fotobum.pl\/blog\/wp-content\/uploads\/2023\/05\/ramka-ze-zdjeciem-dla-taty-na-szkle-akrylowym-1024x1024.jpg 1024w, https:\/\/fotobum.pl\/blog\/wp-content\/uploads\/2023\/05\/ramka-ze-zdjeciem-dla-taty-na-szkle-akrylowym-300x300.jpg 300w, https:\/\/fotobum.pl\/blog\/wp-content\/uploads\/2023\/05\/ramka-ze-zdjeciem-dla-taty-na-szkle-akrylowym-150x150.jpg 150w, https:\/\/fotobum.pl\/blog\/wp-content\/uploads\/2023\/05\/ramka-ze-zdjeciem-dla-taty-na-szkle-akrylowym-768x768.jpg 768w, https:\/\/fotobum.pl\/blog\/wp-content\/uploads\/2023\/05\/ramka-ze-zdjeciem-dla-taty-na-szkle-akrylowym-750x750.jpg 750w, https:\/\/fotobum.pl\/blog\/wp-content\/uploads\/2023\/05\/ramka-ze-zdjeciem-dla-taty-na-szkle-akrylowym.jpg 1200w\" sizes=\"auto, (max-width: 1024px) 100vw, 1024px\" \/><\/a><\/figure>\n<\/div>\n\n\n\n<div class=\"wp-block-column is-layout-flow wp-block-column-is-layout-flow\">\n<figure class=\"wp-block-image size-large\"><a href=\"https:\/\/fotobum.pl\/kategoria\/200-kubki-ze-zdjeciem-klasyczne?sort=newest\" target=\"_blank\" rel=\"noopener\"><img loading=\"lazy\" decoding=\"async\" width=\"1024\" height=\"1024\" src=\"https:\/\/fotobum.pl\/blog\/wp-content\/uploads\/2023\/05\/Ramka-ze-zdjeciem-na-szkle-i-tekstem-zdjecie-na-szkle-21x15-cm-DLA-TATY-aranzacja-1-1024x1024.jpg\" alt=\"\" class=\"wp-image-1559\" srcset=\"https:\/\/fotobum.pl\/blog\/wp-content\/uploads\/2023\/05\/Ramka-ze-zdjeciem-na-szkle-i-tekstem-zdjecie-na-szkle-21x15-cm-DLA-TATY-aranzacja-1-1024x1024.jpg 1024w, https:\/\/fotobum.pl\/blog\/wp-content\/uploads\/2023\/05\/Ramka-ze-zdjeciem-na-szkle-i-tekstem-zdjecie-na-szkle-21x15-cm-DLA-TATY-aranzacja-1-300x300.jpg 300w, https:\/\/fotobum.pl\/blog\/wp-content\/uploads\/2023\/05\/Ramka-ze-zdjeciem-na-szkle-i-tekstem-zdjecie-na-szkle-21x15-cm-DLA-TATY-aranzacja-1-150x150.jpg 150w, https:\/\/fotobum.pl\/blog\/wp-content\/uploads\/2023\/05\/Ramka-ze-zdjeciem-na-szkle-i-tekstem-zdjecie-na-szkle-21x15-cm-DLA-TATY-aranzacja-1-768x768.jpg 768w, https:\/\/fotobum.pl\/blog\/wp-content\/uploads\/2023\/05\/Ramka-ze-zdjeciem-na-szkle-i-tekstem-zdjecie-na-szkle-21x15-cm-DLA-TATY-aranzacja-1-1536x1536.jpg 1536w, https:\/\/fotobum.pl\/blog\/wp-content\/uploads\/2023\/05\/Ramka-ze-zdjeciem-na-szkle-i-tekstem-zdjecie-na-szkle-21x15-cm-DLA-TATY-aranzacja-1-750x750.jpg 750w, https:\/\/fotobum.pl\/blog\/wp-content\/uploads\/2023\/05\/Ramka-ze-zdjeciem-na-szkle-i-tekstem-zdjecie-na-szkle-21x15-cm-DLA-TATY-aranzacja-1.jpg 2000w\" sizes=\"auto, (max-width: 1024px) 100vw, 1024px\" \/><\/a><\/figure>\n<\/div>\n<\/div>\n<\/div>\n<\/div>\n\n\n\n<h2 class=\"wp-block-heading\">7. <strong>Obraz czy plakat ze zdj\u0119ciem? \u2013 popularny prezent na Dzie\u0144 Ojca<\/strong><\/h2>\n\n\n\n<p>Sentymentalny <a href=\"https:\/\/fotobum.pl\/l\/prezenty-dla-taty\">prezent dla taty<\/a> to na pewno taki, kt\u00f3ry zawiera fotografi\u0119. Czy to dobry wyb\u00f3r? \u015amiemy twierdzi\u0107, \u017ce znakomity z kilku powod\u00f3w. Przede wszystkim szczera rado\u015b\u0107 Twojego taty, kt\u00f3ry zobaczy spersonalizowany upominek, b\u0119dzie bezcenna. Ponadto taki prezent zawi\u015bnie na \u015bcianie, b\u0119dzie wi\u0119c cieszy\u0142 oko ka\u017cdego dnia. To zupe\u0142nie inne rozwi\u0105zanie od zwyk\u0142ego zdj\u0119cia. Chcemy podkre\u015bli\u0107, \u017ce mo\u017cesz stworzy\u0107 <a href=\"https:\/\/fotobum.pl\/kategoria\/1054-obrazy\" target=\"_blank\" rel=\"noreferrer noopener\">obraz z przes\u0142anej fotografii<\/a> na wybranym tworzywie. Na przyk\u0142ad wybra\u0107 <a href=\"https:\/\/fotobum.pl\/kategoria\/1067-obraz-na-szkle-akrylowym-izi\" target=\"_blank\" rel=\"noreferrer noopener\">obraz na szkle akrylowym<\/a> z zdj\u0119ciem i ulubionym wykonawc\u0105 i piosenk\u0105 taty, <a href=\"https:\/\/fotobum.pl\/kategoria\/1056-obrazy-ze-zdjeciem-na-plycie-izi\" target=\"_blank\" rel=\"noreferrer noopener\">obraz na p\u0142ycie IZI<\/a> lub klasyczny <a href=\"https:\/\/fotobum.pl\/kategoria\/1055-obrazy-na-plotnie-ze-zdjecia\" target=\"_blank\" rel=\"noreferrer noopener\">obraz na p\u0142\u00f3tnie<\/a>. Wystarczy tylko jedno zdj\u0119cie i kilka klikni\u0119\u0107, by stworzy\u0107 unikatowy prezent na dzie\u0144 ojca. Wyb\u00f3r kilku wzor\u00f3w czy rozwi\u0105za\u0144 pozwoli tak\u017ce na stworzenie ca\u0142ej galerii ze zdj\u0119\u0107 na \u015bcianie. A mo\u017ce tata marzy o galerii zdj\u0119\u0107 z ulubionymi utworami muzycznymi z lat m\u0142odo\u015bci? Wybierz <a href=\"https:\/\/fotobum.pl\/produkt\/3804-obraz-spotify-na-szkle-akrylowym-izi-full-foto\" target=\"_blank\" rel=\"noreferrer noopener\">muzyczn\u0105 ramk\u0119 ze zdj\u0119ciem<\/a> i stw\u00f3rz dla niego k\u0105cik pe\u0142en wspomnie\u0144. Bez w\u0105tpienia pi\u0119kne zdj\u0119cia zas\u0142uguj\u0105 na wydruk w wielkim formacie.<\/p>\n\n\n\n<div class=\"wp-block-columns is-layout-flex wp-container-core-columns-is-layout-9d6595d7 wp-block-columns-is-layout-flex\">\n<div class=\"wp-block-column is-layout-flow wp-block-column-is-layout-flow\">\n<figure class=\"wp-block-image size-large\"><a href=\"https:\/\/fotobum.pl\/produkt\/1267-plakat-ze-zdjeciem-40x50-kolaz-z-12-zdjec?okazja=na-dzien-ojca\" target=\"_blank\" rel=\"noopener\"><img loading=\"lazy\" decoding=\"async\" width=\"1024\" height=\"1024\" src=\"https:\/\/fotobum.pl\/blog\/wp-content\/uploads\/2023\/05\/Plakat-ze-zdjeciem-40x50-kolaz-z-12-zdjec-DLA-TATY-aranzacja-1-1024x1024.jpg\" alt=\"\" class=\"wp-image-1565\" srcset=\"https:\/\/fotobum.pl\/blog\/wp-content\/uploads\/2023\/05\/Plakat-ze-zdjeciem-40x50-kolaz-z-12-zdjec-DLA-TATY-aranzacja-1-1024x1024.jpg 1024w, https:\/\/fotobum.pl\/blog\/wp-content\/uploads\/2023\/05\/Plakat-ze-zdjeciem-40x50-kolaz-z-12-zdjec-DLA-TATY-aranzacja-1-300x300.jpg 300w, https:\/\/fotobum.pl\/blog\/wp-content\/uploads\/2023\/05\/Plakat-ze-zdjeciem-40x50-kolaz-z-12-zdjec-DLA-TATY-aranzacja-1-150x150.jpg 150w, https:\/\/fotobum.pl\/blog\/wp-content\/uploads\/2023\/05\/Plakat-ze-zdjeciem-40x50-kolaz-z-12-zdjec-DLA-TATY-aranzacja-1-768x768.jpg 768w, https:\/\/fotobum.pl\/blog\/wp-content\/uploads\/2023\/05\/Plakat-ze-zdjeciem-40x50-kolaz-z-12-zdjec-DLA-TATY-aranzacja-1-750x750.jpg 750w, https:\/\/fotobum.pl\/blog\/wp-content\/uploads\/2023\/05\/Plakat-ze-zdjeciem-40x50-kolaz-z-12-zdjec-DLA-TATY-aranzacja-1.jpg 1200w\" sizes=\"auto, (max-width: 1024px) 100vw, 1024px\" \/><\/a><\/figure>\n<\/div>\n\n\n\n<div class=\"wp-block-column is-layout-flow wp-block-column-is-layout-flow\">\n<figure class=\"wp-block-image size-large\"><a href=\"https:\/\/fotobum.pl\/produkt\/219-plakat-ze-zdjeciem-40x50-full-foto\" target=\"_blank\" rel=\"noopener\"><img loading=\"lazy\" decoding=\"async\" width=\"1024\" height=\"1024\" src=\"https:\/\/fotobum.pl\/blog\/wp-content\/uploads\/2023\/05\/Plakat-ze-zdjeciem-50x70-full-foto-DLA-TATY-aranzacja-1-1024x1024.jpg\" alt=\"\" class=\"wp-image-1566\" srcset=\"https:\/\/fotobum.pl\/blog\/wp-content\/uploads\/2023\/05\/Plakat-ze-zdjeciem-50x70-full-foto-DLA-TATY-aranzacja-1-1024x1024.jpg 1024w, https:\/\/fotobum.pl\/blog\/wp-content\/uploads\/2023\/05\/Plakat-ze-zdjeciem-50x70-full-foto-DLA-TATY-aranzacja-1-300x300.jpg 300w, https:\/\/fotobum.pl\/blog\/wp-content\/uploads\/2023\/05\/Plakat-ze-zdjeciem-50x70-full-foto-DLA-TATY-aranzacja-1-150x150.jpg 150w, https:\/\/fotobum.pl\/blog\/wp-content\/uploads\/2023\/05\/Plakat-ze-zdjeciem-50x70-full-foto-DLA-TATY-aranzacja-1-768x768.jpg 768w, https:\/\/fotobum.pl\/blog\/wp-content\/uploads\/2023\/05\/Plakat-ze-zdjeciem-50x70-full-foto-DLA-TATY-aranzacja-1-750x750.jpg 750w, https:\/\/fotobum.pl\/blog\/wp-content\/uploads\/2023\/05\/Plakat-ze-zdjeciem-50x70-full-foto-DLA-TATY-aranzacja-1.jpg 1200w\" sizes=\"auto, (max-width: 1024px) 100vw, 1024px\" \/><\/a><\/figure>\n<\/div>\n<\/div>\n\n\n\n<p class=\"has-text-align-center\"><strong>Skorzystaj z naszych inspiracji dotycz\u0105cych uk\u0142adu zdj\u0119\u0107:<\/strong><\/p>\n\n\n\n<div class=\"wp-block-columns is-layout-flex wp-container-core-columns-is-layout-9d6595d7 wp-block-columns-is-layout-flex\">\n<div class=\"wp-block-column is-layout-flow wp-block-column-is-layout-flow\">\n<figure class=\"wp-block-image size-large is-style-default\"><a href=\"https:\/\/fotobum.pl\/kategoria\/1067-obraz-na-szkle-akrylowym-izi\"><img loading=\"lazy\" decoding=\"async\" width=\"1024\" height=\"1024\" src=\"https:\/\/fotobum.pl\/blog\/wp-content\/uploads\/2022\/04\/Obraz-na-szkle-akrylowym-1-1024x1024.jpg\" alt=\"Obraz ze zdj\u0119ciem i ulubion\u0105 piosenk\u0105 na \u015bcian\u0119\" class=\"wp-image-1146\" srcset=\"https:\/\/fotobum.pl\/blog\/wp-content\/uploads\/2022\/04\/Obraz-na-szkle-akrylowym-1-1024x1024.jpg 1024w, https:\/\/fotobum.pl\/blog\/wp-content\/uploads\/2022\/04\/Obraz-na-szkle-akrylowym-1-300x300.jpg 300w, https:\/\/fotobum.pl\/blog\/wp-content\/uploads\/2022\/04\/Obraz-na-szkle-akrylowym-1-150x150.jpg 150w, https:\/\/fotobum.pl\/blog\/wp-content\/uploads\/2022\/04\/Obraz-na-szkle-akrylowym-1-768x768.jpg 768w, https:\/\/fotobum.pl\/blog\/wp-content\/uploads\/2022\/04\/Obraz-na-szkle-akrylowym-1-750x750.jpg 750w, https:\/\/fotobum.pl\/blog\/wp-content\/uploads\/2022\/04\/Obraz-na-szkle-akrylowym-1.jpg 1200w\" sizes=\"auto, (max-width: 1024px) 100vw, 1024px\" \/><\/a><figcaption>K\u0105cik wspomnie\u0144 z ulubionymi utworami muzycznymi na <a href=\"https:\/\/fotobum.pl\/kategoria\/1067-obraz-na-szkle-akrylowym-izi\" target=\"_blank\" rel=\"noreferrer noopener\">szkle akrylowym.<\/a><\/figcaption><\/figure>\n<\/div>\n\n\n\n<div class=\"wp-block-column is-layout-flow wp-block-column-is-layout-flow\">\n<figure class=\"wp-block-image size-large is-style-default\"><a href=\"https:\/\/fotobum.pl\/kategoria\/1056-obrazy-ze-zdjeciem-na-plycie-izi\"><img loading=\"lazy\" decoding=\"async\" width=\"1024\" height=\"1024\" src=\"https:\/\/fotobum.pl\/blog\/wp-content\/uploads\/2022\/04\/IZI-sciana-12-1-1024x1024.png\" alt=\"Foto obraz na \u015bcian\u0119\" class=\"wp-image-1147\" srcset=\"https:\/\/fotobum.pl\/blog\/wp-content\/uploads\/2022\/04\/IZI-sciana-12-1-1024x1024.png 1024w, https:\/\/fotobum.pl\/blog\/wp-content\/uploads\/2022\/04\/IZI-sciana-12-1-300x300.png 300w, https:\/\/fotobum.pl\/blog\/wp-content\/uploads\/2022\/04\/IZI-sciana-12-1-150x150.png 150w, https:\/\/fotobum.pl\/blog\/wp-content\/uploads\/2022\/04\/IZI-sciana-12-1-768x768.png 768w, https:\/\/fotobum.pl\/blog\/wp-content\/uploads\/2022\/04\/IZI-sciana-12-1-750x750.png 750w, https:\/\/fotobum.pl\/blog\/wp-content\/uploads\/2022\/04\/IZI-sciana-12-1.png 1201w\" sizes=\"auto, (max-width: 1024px) 100vw, 1024px\" \/><\/a><figcaption>Galeria zdj\u0119\u0107 z <a href=\"https:\/\/fotobum.pl\/kategoria\/1056-obrazy-ze-zdjeciem-na-plycie-izi\" target=\"_blank\" rel=\"noreferrer noopener\">obraz\u00f3w na p\u0142ycie IZ<\/a>I z zdj\u0119ciami wnuk\u00f3w.<\/figcaption><\/figure>\n<\/div>\n\n\n\n<div class=\"wp-block-column is-layout-flow wp-block-column-is-layout-flow\">\n<figure class=\"wp-block-image size-large is-style-default\"><a href=\"https:\/\/fotobum.pl\/kategoria\/380-plakaty\" target=\"_blank\" rel=\"noopener\"><img loading=\"lazy\" decoding=\"async\" width=\"1024\" height=\"1024\" src=\"https:\/\/fotobum.pl\/blog\/wp-content\/uploads\/2022\/06\/05-1024x1024.jpg\" alt=\"Plakat ze zdj\u0119\u0107\" class=\"wp-image-1326\" srcset=\"https:\/\/fotobum.pl\/blog\/wp-content\/uploads\/2022\/06\/05-1024x1024.jpg 1024w, https:\/\/fotobum.pl\/blog\/wp-content\/uploads\/2022\/06\/05-300x300.jpg 300w, https:\/\/fotobum.pl\/blog\/wp-content\/uploads\/2022\/06\/05-150x150.jpg 150w, https:\/\/fotobum.pl\/blog\/wp-content\/uploads\/2022\/06\/05-768x768.jpg 768w, https:\/\/fotobum.pl\/blog\/wp-content\/uploads\/2022\/06\/05-750x750.jpg 750w, https:\/\/fotobum.pl\/blog\/wp-content\/uploads\/2022\/06\/05.jpg 1200w\" sizes=\"auto, (max-width: 1024px) 100vw, 1024px\" \/><\/a><figcaption><a href=\"https:\/\/fotobum.pl\/kategoria\/380-plakaty\" target=\"_blank\" rel=\"noreferrer noopener\">Plakaty ze zdj\u0119\u0107<\/a> w r\u00f3\u017cnych wymiarach. Postaw na komodzie lub powie\u015b na \u015bcianie.<\/figcaption><\/figure>\n\n\n\n<p><\/p>\n<\/div>\n<\/div>\n\n\n\n<h2 class=\"wp-block-heading\">8. <strong>Koszulka z w\u0142asnym nadrukiem<\/strong> &#8211; zabawny prezent dla Taty<\/h2>\n\n\n\n<p><a href=\"https:\/\/fotobum.pl\/kategoria\/263-koszulki-z-nadrukiem\" target=\"_blank\" rel=\"noreferrer noopener\">Koszulka z w\u0142asnym nadrukiem<\/a> to idealny pomys\u0142 na prezent dla taty. Mo\u017cesz spersonalizowa\u0107 nadruk dodaj\u0105c zdj\u0119cie, imi\u0119 lub dowolny tekst zwi\u0105zany np. z popularnym powiedzeniem Twojego taty lub jego zainteresowaniami. Wywo\u0142aj rado\u015b\u0107 i u\u015bmiech na jego twarzy. Prosty kreator pozwoli Ci samodzielnie zaprojektowa\u0107 wymarzon\u0105 koszulk\u0119 dla taty. Na koszulce mo\u017cesz doda\u0107 jedno zdj\u0119cie lub stworzy\u0107 kola\u017c zdj\u0119\u0107. Z pewno\u015bci\u0105, tata z dum\u0105 b\u0119dzie nosi\u0107 <a href=\"https:\/\/fotobum.pl\/kategoria\/263-koszulki-z-nadrukiem\" target=\"_blank\" rel=\"noreferrer noopener\">koszulk\u0119 z zdj\u0119ciem<\/a> swojego ukochanego dziecka. Dla mi\u0142o\u015bnik\u00f3w pi\u0142ki no\u017cnej przygotowali\u015bmy koszulki kibica z imieniem. Spraw tacie taki spersonalizowany t-shirt, kt\u00f3ry b\u0119dzie towarzyszy\u0142 mu przy ka\u017cdym meczu. W swojej ofercie posiadamy tak\u017ce koszulki militarne w modnym kolorze khaki.  Dodaj na niej imi\u0119 taty podkre\u015blaj\u0105c jeszcze bardziej jego indywidualno\u015b\u0107. Wybierz koszulk\u0119 w dowolnym kolorze: bia\u0142ym, czarnym lub modnym khaki. <\/p>\n\n\n\n<figure class=\"wp-block-image size-large\"><a href=\"https:\/\/fotobum.pl\/kategoria\/265-koszulki-ze-zdjeciem-meskie?sort=newest\" target=\"_blank\" rel=\"noopener\"><img loading=\"lazy\" decoding=\"async\" width=\"1024\" height=\"683\" src=\"https:\/\/fotobum.pl\/blog\/wp-content\/uploads\/2023\/05\/t-shirt-mockup-of-a-smiling-boy-and-his-dad-lying-on-the-floor-m19738-r-el2-1-1024x683.png\" alt=\"\" class=\"wp-image-1567\" srcset=\"https:\/\/fotobum.pl\/blog\/wp-content\/uploads\/2023\/05\/t-shirt-mockup-of-a-smiling-boy-and-his-dad-lying-on-the-floor-m19738-r-el2-1-1024x683.png 1024w, https:\/\/fotobum.pl\/blog\/wp-content\/uploads\/2023\/05\/t-shirt-mockup-of-a-smiling-boy-and-his-dad-lying-on-the-floor-m19738-r-el2-1-300x200.png 300w, https:\/\/fotobum.pl\/blog\/wp-content\/uploads\/2023\/05\/t-shirt-mockup-of-a-smiling-boy-and-his-dad-lying-on-the-floor-m19738-r-el2-1-768x512.png 768w, https:\/\/fotobum.pl\/blog\/wp-content\/uploads\/2023\/05\/t-shirt-mockup-of-a-smiling-boy-and-his-dad-lying-on-the-floor-m19738-r-el2-1-1536x1024.png 1536w, https:\/\/fotobum.pl\/blog\/wp-content\/uploads\/2023\/05\/t-shirt-mockup-of-a-smiling-boy-and-his-dad-lying-on-the-floor-m19738-r-el2-1-750x500.png 750w, https:\/\/fotobum.pl\/blog\/wp-content\/uploads\/2023\/05\/t-shirt-mockup-of-a-smiling-boy-and-his-dad-lying-on-the-floor-m19738-r-el2-1.png 1920w\" sizes=\"auto, (max-width: 1024px) 100vw, 1024px\" \/><\/a><\/figure>\n\n\n\n<div class=\"wp-block-columns is-layout-flex wp-container-core-columns-is-layout-9d6595d7 wp-block-columns-is-layout-flex\">\n<div class=\"wp-block-column is-layout-flow wp-block-column-is-layout-flow\">\n<figure class=\"wp-block-image size-large is-style-default\"><img loading=\"lazy\" decoding=\"async\" width=\"1024\" height=\"1024\" src=\"https:\/\/fotobum.pl\/blog\/wp-content\/uploads\/2023\/05\/Koszulka-z-wlasnym-nadrukiem-zdjeciem-czarna-meska-DLA-TATY-aranzacja-1024x1024.jpg\" alt=\"\" class=\"wp-image-1546\" srcset=\"https:\/\/fotobum.pl\/blog\/wp-content\/uploads\/2023\/05\/Koszulka-z-wlasnym-nadrukiem-zdjeciem-czarna-meska-DLA-TATY-aranzacja-1024x1024.jpg 1024w, https:\/\/fotobum.pl\/blog\/wp-content\/uploads\/2023\/05\/Koszulka-z-wlasnym-nadrukiem-zdjeciem-czarna-meska-DLA-TATY-aranzacja-300x300.jpg 300w, https:\/\/fotobum.pl\/blog\/wp-content\/uploads\/2023\/05\/Koszulka-z-wlasnym-nadrukiem-zdjeciem-czarna-meska-DLA-TATY-aranzacja-150x150.jpg 150w, https:\/\/fotobum.pl\/blog\/wp-content\/uploads\/2023\/05\/Koszulka-z-wlasnym-nadrukiem-zdjeciem-czarna-meska-DLA-TATY-aranzacja-768x768.jpg 768w, https:\/\/fotobum.pl\/blog\/wp-content\/uploads\/2023\/05\/Koszulka-z-wlasnym-nadrukiem-zdjeciem-czarna-meska-DLA-TATY-aranzacja-750x750.jpg 750w, https:\/\/fotobum.pl\/blog\/wp-content\/uploads\/2023\/05\/Koszulka-z-wlasnym-nadrukiem-zdjeciem-czarna-meska-DLA-TATY-aranzacja.jpg 1200w\" sizes=\"auto, (max-width: 1024px) 100vw, 1024px\" \/><\/figure>\n\n\n\n<p><\/p>\n<\/div>\n\n\n\n<div class=\"wp-block-column is-layout-flow wp-block-column-is-layout-flow\">\n<figure class=\"wp-block-image size-large is-style-default\"><a href=\"https:\/\/fotobum.pl\/kategoria\/265-koszulki-ze-zdjeciem-meskie?sort=newest\" target=\"_blank\" rel=\"noopener\"><img loading=\"lazy\" decoding=\"async\" width=\"1024\" height=\"1024\" src=\"https:\/\/fotobum.pl\/blog\/wp-content\/uploads\/2023\/05\/001-1024x1024.jpg\" alt=\"\" class=\"wp-image-1545\" srcset=\"https:\/\/fotobum.pl\/blog\/wp-content\/uploads\/2023\/05\/001-1024x1024.jpg 1024w, https:\/\/fotobum.pl\/blog\/wp-content\/uploads\/2023\/05\/001-300x300.jpg 300w, https:\/\/fotobum.pl\/blog\/wp-content\/uploads\/2023\/05\/001-150x150.jpg 150w, https:\/\/fotobum.pl\/blog\/wp-content\/uploads\/2023\/05\/001-768x768.jpg 768w, https:\/\/fotobum.pl\/blog\/wp-content\/uploads\/2023\/05\/001-750x750.jpg 750w, https:\/\/fotobum.pl\/blog\/wp-content\/uploads\/2023\/05\/001.jpg 1200w\" sizes=\"auto, (max-width: 1024px) 100vw, 1024px\" \/><\/a><\/figure>\n\n\n\n<p><\/p>\n<\/div>\n\n\n\n<div class=\"wp-block-column is-layout-flow wp-block-column-is-layout-flow\">\n<figure class=\"wp-block-image size-large is-resized is-style-default\"><a href=\"https:\/\/fotobum.pl\/kategoria\/263-koszulki-z-nadrukiem\" target=\"_blank\" rel=\"noopener\"><img loading=\"lazy\" decoding=\"async\" src=\"https:\/\/fotobum.pl\/blog\/wp-content\/uploads\/2022\/06\/t-shirt-mockup-of-a-dad-carrying-his-baby-on-his-shoulders-m7699-r-el2-1024x1024.png\" alt=\"Koszulka ze zdj\u0119ciem dla taty\" class=\"wp-image-1324\" width=\"513\" height=\"513\" srcset=\"https:\/\/fotobum.pl\/blog\/wp-content\/uploads\/2022\/06\/t-shirt-mockup-of-a-dad-carrying-his-baby-on-his-shoulders-m7699-r-el2-1024x1024.png 1024w, https:\/\/fotobum.pl\/blog\/wp-content\/uploads\/2022\/06\/t-shirt-mockup-of-a-dad-carrying-his-baby-on-his-shoulders-m7699-r-el2-300x300.png 300w, https:\/\/fotobum.pl\/blog\/wp-content\/uploads\/2022\/06\/t-shirt-mockup-of-a-dad-carrying-his-baby-on-his-shoulders-m7699-r-el2-150x150.png 150w, https:\/\/fotobum.pl\/blog\/wp-content\/uploads\/2022\/06\/t-shirt-mockup-of-a-dad-carrying-his-baby-on-his-shoulders-m7699-r-el2-768x768.png 768w, https:\/\/fotobum.pl\/blog\/wp-content\/uploads\/2022\/06\/t-shirt-mockup-of-a-dad-carrying-his-baby-on-his-shoulders-m7699-r-el2-1536x1536.png 1536w, https:\/\/fotobum.pl\/blog\/wp-content\/uploads\/2022\/06\/t-shirt-mockup-of-a-dad-carrying-his-baby-on-his-shoulders-m7699-r-el2-750x750.png 750w, https:\/\/fotobum.pl\/blog\/wp-content\/uploads\/2022\/06\/t-shirt-mockup-of-a-dad-carrying-his-baby-on-his-shoulders-m7699-r-el2.png 1920w\" sizes=\"auto, (max-width: 513px) 100vw, 513px\" \/><\/a><\/figure>\n\n\n\n<p><\/p>\n<\/div>\n<\/div>\n\n\n\n<div class=\"wp-block-columns is-layout-flex wp-container-core-columns-is-layout-9d6595d7 wp-block-columns-is-layout-flex\">\n<div class=\"wp-block-column is-layout-flow wp-block-column-is-layout-flow\">\n<figure class=\"wp-block-image size-large\"><a href=\"https:\/\/fotobum.pl\/kategoria\/265-koszulki-ze-zdjeciem-meskie?sort=newest\"><img loading=\"lazy\" decoding=\"async\" width=\"1024\" height=\"1024\" src=\"https:\/\/fotobum.pl\/blog\/wp-content\/uploads\/2023\/05\/koszulka_dzienojca-02-1024x1024.jpg\" alt=\"\" class=\"wp-image-1547\" srcset=\"https:\/\/fotobum.pl\/blog\/wp-content\/uploads\/2023\/05\/koszulka_dzienojca-02-1024x1024.jpg 1024w, https:\/\/fotobum.pl\/blog\/wp-content\/uploads\/2023\/05\/koszulka_dzienojca-02-300x300.jpg 300w, https:\/\/fotobum.pl\/blog\/wp-content\/uploads\/2023\/05\/koszulka_dzienojca-02-150x150.jpg 150w, https:\/\/fotobum.pl\/blog\/wp-content\/uploads\/2023\/05\/koszulka_dzienojca-02-768x769.jpg 768w, https:\/\/fotobum.pl\/blog\/wp-content\/uploads\/2023\/05\/koszulka_dzienojca-02-750x751.jpg 750w, https:\/\/fotobum.pl\/blog\/wp-content\/uploads\/2023\/05\/koszulka_dzienojca-02.jpg 1080w\" sizes=\"auto, (max-width: 1024px) 100vw, 1024px\" \/><\/a><\/figure>\n<\/div>\n\n\n\n<div class=\"wp-block-column is-layout-flow wp-block-column-is-layout-flow\">\n<figure class=\"wp-block-image size-large\"><img loading=\"lazy\" decoding=\"async\" width=\"1024\" height=\"1024\" src=\"https:\/\/fotobum.pl\/blog\/wp-content\/uploads\/2023\/05\/Koszulka-z-wlasnym-zdjeciem-nadrukiem-dla-taty-bombowy-tata-meska-DLA-TATY-aranzacja-1024x1024.png\" alt=\"\" class=\"wp-image-1548\" srcset=\"https:\/\/fotobum.pl\/blog\/wp-content\/uploads\/2023\/05\/Koszulka-z-wlasnym-zdjeciem-nadrukiem-dla-taty-bombowy-tata-meska-DLA-TATY-aranzacja-1024x1024.png 1024w, https:\/\/fotobum.pl\/blog\/wp-content\/uploads\/2023\/05\/Koszulka-z-wlasnym-zdjeciem-nadrukiem-dla-taty-bombowy-tata-meska-DLA-TATY-aranzacja-300x300.png 300w, https:\/\/fotobum.pl\/blog\/wp-content\/uploads\/2023\/05\/Koszulka-z-wlasnym-zdjeciem-nadrukiem-dla-taty-bombowy-tata-meska-DLA-TATY-aranzacja-150x150.png 150w, https:\/\/fotobum.pl\/blog\/wp-content\/uploads\/2023\/05\/Koszulka-z-wlasnym-zdjeciem-nadrukiem-dla-taty-bombowy-tata-meska-DLA-TATY-aranzacja-768x768.png 768w, https:\/\/fotobum.pl\/blog\/wp-content\/uploads\/2023\/05\/Koszulka-z-wlasnym-zdjeciem-nadrukiem-dla-taty-bombowy-tata-meska-DLA-TATY-aranzacja-750x750.png 750w, https:\/\/fotobum.pl\/blog\/wp-content\/uploads\/2023\/05\/Koszulka-z-wlasnym-zdjeciem-nadrukiem-dla-taty-bombowy-tata-meska-DLA-TATY-aranzacja.png 1200w\" sizes=\"auto, (max-width: 1024px) 100vw, 1024px\" \/><\/figure>\n<\/div>\n\n\n\n<div class=\"wp-block-column is-layout-flow wp-block-column-is-layout-flow\">\n<figure class=\"wp-block-image size-large\"><a href=\"https:\/\/fotobum.pl\/kategoria\/265-koszulki-ze-zdjeciem-meskie?sort=newest\"><img loading=\"lazy\" decoding=\"async\" width=\"1024\" height=\"1024\" src=\"https:\/\/fotobum.pl\/blog\/wp-content\/uploads\/2023\/05\/Koszulka-z-wlasnym-zdjeciem-nadrukiem-dla-taty-Super-Tata-meska-DLA-TATY-aranzacja-1024x1024.jpg\" alt=\"\" class=\"wp-image-1549\" srcset=\"https:\/\/fotobum.pl\/blog\/wp-content\/uploads\/2023\/05\/Koszulka-z-wlasnym-zdjeciem-nadrukiem-dla-taty-Super-Tata-meska-DLA-TATY-aranzacja-1024x1024.jpg 1024w, https:\/\/fotobum.pl\/blog\/wp-content\/uploads\/2023\/05\/Koszulka-z-wlasnym-zdjeciem-nadrukiem-dla-taty-Super-Tata-meska-DLA-TATY-aranzacja-300x300.jpg 300w, https:\/\/fotobum.pl\/blog\/wp-content\/uploads\/2023\/05\/Koszulka-z-wlasnym-zdjeciem-nadrukiem-dla-taty-Super-Tata-meska-DLA-TATY-aranzacja-150x150.jpg 150w, https:\/\/fotobum.pl\/blog\/wp-content\/uploads\/2023\/05\/Koszulka-z-wlasnym-zdjeciem-nadrukiem-dla-taty-Super-Tata-meska-DLA-TATY-aranzacja-768x768.jpg 768w, https:\/\/fotobum.pl\/blog\/wp-content\/uploads\/2023\/05\/Koszulka-z-wlasnym-zdjeciem-nadrukiem-dla-taty-Super-Tata-meska-DLA-TATY-aranzacja-750x750.jpg 750w, https:\/\/fotobum.pl\/blog\/wp-content\/uploads\/2023\/05\/Koszulka-z-wlasnym-zdjeciem-nadrukiem-dla-taty-Super-Tata-meska-DLA-TATY-aranzacja.jpg 1200w\" sizes=\"auto, (max-width: 1024px) 100vw, 1024px\" \/><\/a><\/figure>\n<\/div>\n<\/div>\n\n\n\n<h2 class=\"wp-block-heading\">9. <strong>Podstawka pod telefon<\/strong> &#8211; praktyczny prezent dla Taty<\/h2>\n\n\n\n<p>T\u0105 <a href=\"https:\/\/fotobum.pl\/kategoria\/1046-podstawki-pod-telefon\" target=\"_blank\" rel=\"noreferrer noopener\">podstawk\u0119 pod telefon<\/a> mo\u017cesz spersonalizowa\u0107 ulubionym zdj\u0119ciem i tekstem. Jest to po\u0142\u0105czenie funkcji dekoracyjnej z doskona\u0142\u0105 funkcjonalno\u015bci\u0105. <a href=\"https:\/\/fotobum.pl\/kategoria\/1046-podstawki-pod-telefon\" target=\"_blank\" rel=\"noreferrer noopener\">Drewniana podstawka pod telefon<\/a> ze zdj\u0119ciem b\u0119dzie du\u017cym u\u0142atwieniem w kuchni podczas gotowania i jednocze\u015bnie ogl\u0105dania ulubionego serialu. Zdj\u0119cie nadrukowane zostanie na bloczku z naturalnego drewna bukowego. <a href=\"https:\/\/fotobum.pl\/kategoria\/1046-podstawki-pod-telefon\" target=\"_blank\" rel=\"noreferrer noopener\">Podstawka pod telefon<\/a> jest stabilna i dopasowana do ka\u017cdej wielko\u015bci telefonu kom\u00f3rkowego. Jest to tak\u017ce podstawka pod telefon z \u0142adowark\u0105. Dzi\u0119ki specjalnemu otworowi mo\u017cna\u00a0bezpiecznie \u0142adowa\u0107\u00a0telefon na podstawce. Personalizowana podstawka pod telefon b\u0119dzie zatem \u015bwietnym pomys\u0142em na prezent dla Twojego taty.<\/p>\n\n\n\n<figure class=\"wp-block-image size-large is-style-default\"><a href=\"https:\/\/fotobum.pl\/kategoria\/1046-podstawki-pod-telefon\" target=\"_blank\" rel=\"noopener\"><img loading=\"lazy\" decoding=\"async\" width=\"1024\" height=\"1024\" src=\"https:\/\/fotobum.pl\/blog\/wp-content\/uploads\/2022\/06\/Podstawka_aranzacja-1024x1024.jpg\" alt=\"Drewniana podstawka pod telefon\" class=\"wp-image-1327\" srcset=\"https:\/\/fotobum.pl\/blog\/wp-content\/uploads\/2022\/06\/Podstawka_aranzacja-1024x1024.jpg 1024w, https:\/\/fotobum.pl\/blog\/wp-content\/uploads\/2022\/06\/Podstawka_aranzacja-300x300.jpg 300w, https:\/\/fotobum.pl\/blog\/wp-content\/uploads\/2022\/06\/Podstawka_aranzacja-150x150.jpg 150w, https:\/\/fotobum.pl\/blog\/wp-content\/uploads\/2022\/06\/Podstawka_aranzacja-768x768.jpg 768w, https:\/\/fotobum.pl\/blog\/wp-content\/uploads\/2022\/06\/Podstawka_aranzacja-750x750.jpg 750w, https:\/\/fotobum.pl\/blog\/wp-content\/uploads\/2022\/06\/Podstawka_aranzacja.jpg 1200w\" sizes=\"auto, (max-width: 1024px) 100vw, 1024px\" \/><\/a><\/figure>\n\n\n\n<div class=\"wp-block-columns is-layout-flex wp-container-core-columns-is-layout-9d6595d7 wp-block-columns-is-layout-flex\">\n<div class=\"wp-block-column is-layout-flow wp-block-column-is-layout-flow\">\n<figure class=\"wp-block-image size-large is-style-default\"><a href=\"https:\/\/fotobum.pl\/kategoria\/1046-podstawki-pod-telefon\" target=\"_blank\" rel=\"noopener\"><img loading=\"lazy\" decoding=\"async\" width=\"1024\" height=\"1024\" src=\"https:\/\/fotobum.pl\/blog\/wp-content\/uploads\/2022\/04\/409-1024x1024.jpg\" alt=\"Stojak na telefon\" class=\"wp-image-1177\" srcset=\"https:\/\/fotobum.pl\/blog\/wp-content\/uploads\/2022\/04\/409-1024x1024.jpg 1024w, https:\/\/fotobum.pl\/blog\/wp-content\/uploads\/2022\/04\/409-300x300.jpg 300w, https:\/\/fotobum.pl\/blog\/wp-content\/uploads\/2022\/04\/409-150x150.jpg 150w, https:\/\/fotobum.pl\/blog\/wp-content\/uploads\/2022\/04\/409-768x768.jpg 768w, https:\/\/fotobum.pl\/blog\/wp-content\/uploads\/2022\/04\/409-750x750.jpg 750w, https:\/\/fotobum.pl\/blog\/wp-content\/uploads\/2022\/04\/409.jpg 1200w\" sizes=\"auto, (max-width: 1024px) 100vw, 1024px\" \/><\/a><\/figure>\n<\/div>\n\n\n\n<div class=\"wp-block-column is-layout-flow wp-block-column-is-layout-flow\">\n<figure class=\"wp-block-image size-large is-style-default\"><a href=\"https:\/\/fotobum.pl\/kategoria\/1046-podstawki-pod-telefon\" target=\"_blank\" rel=\"noopener\"><img loading=\"lazy\" decoding=\"async\" width=\"1024\" height=\"1024\" src=\"https:\/\/fotobum.pl\/blog\/wp-content\/uploads\/2022\/06\/Podstawka-1024x1024.jpg\" alt=\"Podstawka pod telefon ze zdj\u0119ciem\" class=\"wp-image-1328\" srcset=\"https:\/\/fotobum.pl\/blog\/wp-content\/uploads\/2022\/06\/Podstawka-1024x1024.jpg 1024w, https:\/\/fotobum.pl\/blog\/wp-content\/uploads\/2022\/06\/Podstawka-300x300.jpg 300w, https:\/\/fotobum.pl\/blog\/wp-content\/uploads\/2022\/06\/Podstawka-150x150.jpg 150w, https:\/\/fotobum.pl\/blog\/wp-content\/uploads\/2022\/06\/Podstawka-768x768.jpg 768w, https:\/\/fotobum.pl\/blog\/wp-content\/uploads\/2022\/06\/Podstawka-750x750.jpg 750w, https:\/\/fotobum.pl\/blog\/wp-content\/uploads\/2022\/06\/Podstawka.jpg 1200w\" sizes=\"auto, (max-width: 1024px) 100vw, 1024px\" \/><\/a><\/figure>\n<\/div>\n<\/div>\n\n\n\n<h2 class=\"wp-block-heading\">10. Zawieszka ze zdj\u0119ciem do auta<\/h2>\n\n\n\n<p><a href=\"https:\/\/fotobum.pl\/kategoria\/780-zawieszki-do-samochodu-ze-zdjeciem?sort=newest\">Zawieszka do auta ze zdj\u0119ciem<\/a> dla taty &#8211; spersonalizowany prezent, kt\u00f3ry wywo\u0142a u\u015bmiech na twarzy Twojego taty za ka\u017cdym razem, gdy wsi\u0105dzie do samochodu! Ta zawieszka zosta\u0142a stworzona z my\u015bl\u0105 o wyj\u0105tkowych ojcach, kt\u00f3rzy zas\u0142uguj\u0105 na wyj\u0105tkowe upominki. Nasz produkt jest wykonany z wysokiej jako\u015bci materia\u0142\u00f3w, zapewniaj\u0105cych trwa\u0142o\u015b\u0107 i estetyk\u0119. Zawieszka posiada miejsce na umieszczenie zdj\u0119cia, kt\u00f3re wybierzesz &#8211; mo\u017ce to by\u0107 wsp\u00f3lne zdj\u0119cie z Twoim tat\u0105, chwila pe\u0142na rado\u015bci i wspomnie\u0144. Dzi\u0119ki temu Tw\u00f3j tata b\u0119dzie m\u00f3g\u0142 zawsze mie\u0107 to wyj\u0105tkowe zdj\u0119cie przy sobie, nawet w trakcie podr\u00f3\u017cy samochodem. Dbamy o ka\u017cdy detal, aby zapewni\u0107 najwy\u017csz\u0105 jako\u015b\u0107 wykonania. Mo\u017cesz r\u00f3wnie\u017c doda\u0107 dedykacj\u0119, imi\u0119 lub inny tekst, kt\u00f3ry chcia\u0142by\u015b umie\u015bci\u0107 na zawieszce, aby uczyni\u0107 j\u0105 jeszcze bardziej wyj\u0105tkow\u0105. Ta zawieszka do auta ze zdj\u0119ciem dla taty to doskona\u0142y prezent na Dzie\u0144 Ojca, urodziny, \u015awi\u0119ta czy inn\u0105 okazj\u0119. Nie tylko b\u0119dzie pe\u0142ni\u0107 praktyczn\u0105 funkcj\u0119, ale tak\u017ce wyrazi Twoj\u0105 mi\u0142o\u015b\u0107 i wdzi\u0119czno\u015b\u0107 w spos\u00f3b niezwykle osobisty. <\/p>\n\n\n\n<figure class=\"wp-block-image size-large\"><a href=\"https:\/\/fotobum.pl\/kategoria\/780-zawieszki-do-samochodu-ze-zdjeciem?sort=newest\" target=\"_blank\" rel=\"noopener\"><img loading=\"lazy\" decoding=\"async\" width=\"1024\" height=\"768\" src=\"https:\/\/fotobum.pl\/blog\/wp-content\/uploads\/2023\/05\/image00028-1-1024x768.jpeg\" alt=\"\" class=\"wp-image-1568\" srcset=\"https:\/\/fotobum.pl\/blog\/wp-content\/uploads\/2023\/05\/image00028-1-1024x768.jpeg 1024w, https:\/\/fotobum.pl\/blog\/wp-content\/uploads\/2023\/05\/image00028-1-300x225.jpeg 300w, https:\/\/fotobum.pl\/blog\/wp-content\/uploads\/2023\/05\/image00028-1-768x576.jpeg 768w, https:\/\/fotobum.pl\/blog\/wp-content\/uploads\/2023\/05\/image00028-1-1536x1152.jpeg 1536w, https:\/\/fotobum.pl\/blog\/wp-content\/uploads\/2023\/05\/image00028-1-2048x1536.jpeg 2048w, https:\/\/fotobum.pl\/blog\/wp-content\/uploads\/2023\/05\/image00028-1-750x563.jpeg 750w\" sizes=\"auto, (max-width: 1024px) 100vw, 1024px\" \/><\/a><\/figure>\n\n\n\n<div class=\"wp-block-columns is-layout-flex wp-container-core-columns-is-layout-9d6595d7 wp-block-columns-is-layout-flex\">\n<div class=\"wp-block-column is-layout-flow wp-block-column-is-layout-flow\">\n<figure class=\"wp-block-image size-large is-style-default\"><a href=\"https:\/\/fotobum.pl\/kategoria\/780-zawieszki-do-samochodu-ze-zdjeciem?sort=newest\"><img loading=\"lazy\" decoding=\"async\" width=\"1024\" height=\"1024\" src=\"https:\/\/fotobum.pl\/blog\/wp-content\/uploads\/2023\/05\/Zawieszka-do-auta-1-1024x1024.jpg\" alt=\"\" class=\"wp-image-1550\" srcset=\"https:\/\/fotobum.pl\/blog\/wp-content\/uploads\/2023\/05\/Zawieszka-do-auta-1-1024x1024.jpg 1024w, https:\/\/fotobum.pl\/blog\/wp-content\/uploads\/2023\/05\/Zawieszka-do-auta-1-300x300.jpg 300w, https:\/\/fotobum.pl\/blog\/wp-content\/uploads\/2023\/05\/Zawieszka-do-auta-1-150x150.jpg 150w, https:\/\/fotobum.pl\/blog\/wp-content\/uploads\/2023\/05\/Zawieszka-do-auta-1-768x768.jpg 768w, https:\/\/fotobum.pl\/blog\/wp-content\/uploads\/2023\/05\/Zawieszka-do-auta-1-1536x1536.jpg 1536w, https:\/\/fotobum.pl\/blog\/wp-content\/uploads\/2023\/05\/Zawieszka-do-auta-1-750x750.jpg 750w, https:\/\/fotobum.pl\/blog\/wp-content\/uploads\/2023\/05\/Zawieszka-do-auta-1.jpg 2000w\" sizes=\"auto, (max-width: 1024px) 100vw, 1024px\" \/><\/a><\/figure>\n<\/div>\n\n\n\n<div class=\"wp-block-column is-layout-flow wp-block-column-is-layout-flow\">\n<figure class=\"wp-block-image size-large is-style-default\"><a href=\"https:\/\/fotobum.pl\/kategoria\/780-zawieszki-do-samochodu-ze-zdjeciem?sort=newest\"><img loading=\"lazy\" decoding=\"async\" width=\"1024\" height=\"1024\" src=\"https:\/\/fotobum.pl\/blog\/wp-content\/uploads\/2023\/05\/Zawieszka-do-auta-3-1024x1024.jpg\" alt=\"\" class=\"wp-image-1551\" srcset=\"https:\/\/fotobum.pl\/blog\/wp-content\/uploads\/2023\/05\/Zawieszka-do-auta-3-1024x1024.jpg 1024w, https:\/\/fotobum.pl\/blog\/wp-content\/uploads\/2023\/05\/Zawieszka-do-auta-3-300x300.jpg 300w, https:\/\/fotobum.pl\/blog\/wp-content\/uploads\/2023\/05\/Zawieszka-do-auta-3-150x150.jpg 150w, https:\/\/fotobum.pl\/blog\/wp-content\/uploads\/2023\/05\/Zawieszka-do-auta-3-768x768.jpg 768w, https:\/\/fotobum.pl\/blog\/wp-content\/uploads\/2023\/05\/Zawieszka-do-auta-3-1536x1536.jpg 1536w, https:\/\/fotobum.pl\/blog\/wp-content\/uploads\/2023\/05\/Zawieszka-do-auta-3-750x750.jpg 750w, https:\/\/fotobum.pl\/blog\/wp-content\/uploads\/2023\/05\/Zawieszka-do-auta-3.jpg 2000w\" sizes=\"auto, (max-width: 1024px) 100vw, 1024px\" \/><\/a><\/figure>\n<\/div>\n<\/div>\n\n\n\n<hr class=\"wp-block-separator has-text-color has-background has-black-background-color has-black-color is-style-wide\"\/>\n\n\n\n<p class=\"has-text-align-center\" style=\"font-size:23px\"><strong><span class=\"has-inline-color has-vivid-red-color\">Uda\u0142o Ci si\u0119 stworzy\u0107 spersonalizowany prezent dla swojego Taty? Pochwal si\u0119 nim!<\/span><\/strong><\/p>\n\n\n\n<p class=\"has-text-align-center\" style=\"font-size:17px\">Ch\u0119tnie zobaczymy rado\u015b\u0107 Twojego Taty! Pstryknij zdj\u0119cie Taty z prezentem i oznacz nas na swoim Instagramie <strong><a href=\"https:\/\/www.instagram.com\/fotobum_pl\/\" target=\"_blank\" rel=\"noreferrer noopener\">@fotobum_pl<\/a><\/strong>. Mamy nadziej\u0119, \u017ce nasze podpowiedzi by\u0142y pomocne. Reasumuj\u0105c, chcieli\u015bmy Ci\u0119 zainspirowa\u0107, ale pami\u0119taj, \u017ce ostateczny wyb\u00f3r nale\u017cy wy\u0142\u0105cznie do Ciebie. To Ty, wiesz najlepiej co najbardziej ucieszy Twojego ukochanego Ojca.<\/p>\n\n\n\n<div class=\"wp-block-image is-style-default\"><figure class=\"aligncenter size-large\"><img loading=\"lazy\" decoding=\"async\" width=\"1024\" height=\"683\" src=\"https:\/\/fotobum.pl\/blog\/wp-content\/uploads\/2022\/06\/dad-head-leans-against-son-sofa-1024x683.jpg\" alt=\"Dzie\u0144 Taty\" class=\"wp-image-1330\" srcset=\"https:\/\/fotobum.pl\/blog\/wp-content\/uploads\/2022\/06\/dad-head-leans-against-son-sofa-1024x683.jpg 1024w, https:\/\/fotobum.pl\/blog\/wp-content\/uploads\/2022\/06\/dad-head-leans-against-son-sofa-300x200.jpg 300w, https:\/\/fotobum.pl\/blog\/wp-content\/uploads\/2022\/06\/dad-head-leans-against-son-sofa-768x513.jpg 768w, https:\/\/fotobum.pl\/blog\/wp-content\/uploads\/2022\/06\/dad-head-leans-against-son-sofa-1536x1025.jpg 1536w, https:\/\/fotobum.pl\/blog\/wp-content\/uploads\/2022\/06\/dad-head-leans-against-son-sofa-2048x1367.jpg 2048w, https:\/\/fotobum.pl\/blog\/wp-content\/uploads\/2022\/06\/dad-head-leans-against-son-sofa-750x501.jpg 750w\" sizes=\"auto, (max-width: 1024px) 100vw, 1024px\" \/><figcaption>Dzie\u0144 Taty 2023<\/figcaption><\/figure><\/div>\n\n\n\n<hr class=\"wp-block-separator has-text-color has-background has-black-background-color has-black-color is-style-wide\"\/>\n\n\n\n<p class=\"has-text-align-center\" style=\"font-size:30px\"><strong>Odbierz niespodziank\u0119 od fotobum<\/strong><\/p>\n\n\n\n<p class=\"has-text-align-center has-white-color has-vivid-red-background-color has-text-color has-background\" style=\"font-size:18px\">MAMY DLA CIEBIE <strong>PONAD 20 DARMOWYCH GRAFIK<\/strong><\/p>\n\n\n\n<p class=\"has-text-align-center has-medium-font-size\">Na foto produktach mo\u017cesz umieszcza\u0107 dowolne zdj\u0119cia. Je\u015bli wiesz, \u017ce Tw\u00f3j Tata jest fanatykiem samochodowym i marzy o du\u017cym obrazie z szybkim autem lub widokiem na g\u00f3ry skorzystaj z proponowanych przez nas darmowych grafik w wysokiej rozdzielczo\u015bci i spe\u0142nij jego marzenie. Sprawd\u017a co dla Ciebie przygotowali\u015bmy! ?<\/p>\n\n\n\n<div class=\"wp-block-columns is-layout-flex wp-container-core-columns-is-layout-9d6595d7 wp-block-columns-is-layout-flex\">\n<div class=\"wp-block-column is-vertically-aligned-bottom is-layout-flow wp-block-column-is-layout-flow\" style=\"flex-basis:100%\"><\/div>\n<\/div>\n\n\n\n<div class=\"wp-block-file aligncenter\"><a href=\"https:\/\/fotobum.pl\/blog\/wp-content\/uploads\/2022\/06\/auta.zip\" class=\"wp-block-file__button\" download>POBIERZ ZDJ\u0118CIA AUTA<\/a><\/div>\n\n\n\n<div class=\"wp-block-file aligncenter\"><a href=\"https:\/\/fotobum.pl\/blog\/wp-content\/uploads\/2022\/06\/krajobrazy.zip\" class=\"wp-block-file__button\" download>POBIERZ ZDJ\u0118CIA KRAJOBRAZY<\/a><\/div>\n\n\n\n<p style=\"font-size:15px\">Pami\u0119taj, \u017ce kadrowanie zdj\u0119\u0107 powoduje utrat\u0119 ich jako\u015bci.<\/p>\n","protected":false},"excerpt":{"rendered":"<p>Zbli\u017ca si\u0119 Dzie\u0144 Ojca, a Ty nie masz pomys\u0142u na prezent? W takim razie przychodzimy z pomoc\u0105 i przedstawiamy poni\u017cej kilkana\u015bcie ciekawych rozwi\u0105za\u0144. Dobierz upominek do upodoba\u0144, hobby Twojego taty lub skup si\u0119 na tym, aby obdarowa\u0107 go czym\u015b, co wzbudzi wzruszenie! 1. Prezent na Dzie\u0144 Ojca \u2013 zegarek, portfel, krawat. Prezent na dzie\u0144 taty mo\u017ce przybra\u0107 r\u00f3\u017cn\u0105 form\u0119, je\u015bli jednak nie wiesz, na co postawi\u0107, zach\u0119camy do wyboru upomink\u00f3w [&hellip;]<\/p>\n","protected":false},"author":1,"featured_media":1308,"comment_status":"open","ping_status":"open","sticky":true,"template":"","format":"image","meta":{"footnotes":""},"categories":[1],"tags":[104,32,103,102,105],"class_list":["post-1306","post","type-post","status-publish","format-image","has-post-thumbnail","hentry","category-bez-kategorii","tag-dzien-ojca","tag-fotoprodukty","tag-pomysl-na-prezent-dla-taty","tag-prezent-dla-taty","tag-prezent-na-dzien-ojca","post_format-post-format-image"],"yoast_head":"<!-- This site is optimized with the Yoast SEO plugin v27.4 - https:\/\/yoast.com\/product\/yoast-seo-wordpress\/ -->\n<title>Top 10 pomys\u0142\u00f3w na prezent dla Taty - Fotobum.pl\/blog<\/title>\n<meta name=\"description\" content=\"Nie masz pomys\u0142u na prezent dla Taty, kt\u00f3ry wszystko ma? Zobacz 10 propozycji prezent\u00f3w na Dzie\u0144 Ojca 2022. Zainspiruj si\u0119!\" \/>\n<meta name=\"robots\" content=\"index, follow, max-snippet:-1, max-image-preview:large, max-video-preview:-1\" \/>\n<link rel=\"canonical\" href=\"https:\/\/fotobum.pl\/blog\/top-10-pomyslow-na-prezent-dla-taty\/\" \/>\n<meta property=\"og:locale\" content=\"pl_PL\" \/>\n<meta property=\"og:type\" content=\"article\" \/>\n<meta property=\"og:title\" content=\"Top 10 pomys\u0142\u00f3w na prezent dla Taty\" \/>\n<meta property=\"og:description\" content=\"Zobacz top 10 pomys\u0142\u00f3w na prezent dla Taty\" \/>\n<meta property=\"og:url\" content=\"https:\/\/fotobum.pl\/blog\/top-10-pomyslow-na-prezent-dla-taty\/\" \/>\n<meta property=\"og:site_name\" content=\"Fotobum.pl\/blog\" \/>\n<meta property=\"article:published_time\" content=\"2022-06-08T20:43:00+00:00\" \/>\n<meta property=\"article:modified_time\" content=\"2024-01-23T06:53:18+00:00\" \/>\n<meta property=\"og:image\" content=\"https:\/\/fotobum.pl\/blog\/wp-content\/uploads\/2022\/06\/fathers-day-concept-with-happy-father-daughter-1-scaled.jpg\" \/>\n\t<meta property=\"og:image:width\" content=\"2560\" \/>\n\t<meta property=\"og:image:height\" content=\"1709\" \/>\n\t<meta property=\"og:image:type\" content=\"image\/jpeg\" \/>\n<meta name=\"author\" content=\"Fotobum\" \/>\n<meta name=\"twitter:card\" content=\"summary_large_image\" \/>\n<meta name=\"twitter:label1\" content=\"Napisane przez\" \/>\n\t<meta name=\"twitter:data1\" content=\"Fotobum\" \/>\n\t<meta name=\"twitter:label2\" content=\"Szacowany czas czytania\" \/>\n\t<meta name=\"twitter:data2\" content=\"17 minut\" \/>\n<script type=\"application\/ld+json\" class=\"yoast-schema-graph\">{\"@context\":\"https:\\\/\\\/schema.org\",\"@graph\":[{\"@type\":\"Article\",\"@id\":\"https:\\\/\\\/fotobum.pl\\\/blog\\\/top-10-pomyslow-na-prezent-dla-taty\\\/#article\",\"isPartOf\":{\"@id\":\"https:\\\/\\\/fotobum.pl\\\/blog\\\/top-10-pomyslow-na-prezent-dla-taty\\\/\"},\"author\":{\"name\":\"Fotobum\",\"@id\":\"https:\\\/\\\/fotobum.pl\\\/blog\\\/#\\\/schema\\\/person\\\/edd15ac5cab48171e1f2a38698c7e536\"},\"headline\":\"Top 10 pomys\u0142\u00f3w na prezent dla Taty\",\"datePublished\":\"2022-06-08T20:43:00+00:00\",\"dateModified\":\"2024-01-23T06:53:18+00:00\",\"mainEntityOfPage\":{\"@id\":\"https:\\\/\\\/fotobum.pl\\\/blog\\\/top-10-pomyslow-na-prezent-dla-taty\\\/\"},\"wordCount\":2107,\"commentCount\":0,\"publisher\":{\"@id\":\"https:\\\/\\\/fotobum.pl\\\/blog\\\/#organization\"},\"image\":{\"@id\":\"https:\\\/\\\/fotobum.pl\\\/blog\\\/top-10-pomyslow-na-prezent-dla-taty\\\/#primaryimage\"},\"thumbnailUrl\":\"https:\\\/\\\/fotobum.pl\\\/blog\\\/wp-content\\\/uploads\\\/2022\\\/06\\\/fathers-day-concept-with-happy-father-daughter-2-scaled.jpg\",\"keywords\":[\"dzie\u0144 ojca\",\"fotoprodukty\",\"pomys\u0142 na prezent dla taty\",\"prezent dla taty\",\"prezent na dzie\u0144 ojca\"],\"inLanguage\":\"pl-PL\",\"potentialAction\":[{\"@type\":\"CommentAction\",\"name\":\"Comment\",\"target\":[\"https:\\\/\\\/fotobum.pl\\\/blog\\\/top-10-pomyslow-na-prezent-dla-taty\\\/#respond\"]}]},{\"@type\":\"WebPage\",\"@id\":\"https:\\\/\\\/fotobum.pl\\\/blog\\\/top-10-pomyslow-na-prezent-dla-taty\\\/\",\"url\":\"https:\\\/\\\/fotobum.pl\\\/blog\\\/top-10-pomyslow-na-prezent-dla-taty\\\/\",\"name\":\"Top 10 pomys\u0142\u00f3w na prezent dla Taty - Fotobum.pl\\\/blog\",\"isPartOf\":{\"@id\":\"https:\\\/\\\/fotobum.pl\\\/blog\\\/#website\"},\"primaryImageOfPage\":{\"@id\":\"https:\\\/\\\/fotobum.pl\\\/blog\\\/top-10-pomyslow-na-prezent-dla-taty\\\/#primaryimage\"},\"image\":{\"@id\":\"https:\\\/\\\/fotobum.pl\\\/blog\\\/top-10-pomyslow-na-prezent-dla-taty\\\/#primaryimage\"},\"thumbnailUrl\":\"https:\\\/\\\/fotobum.pl\\\/blog\\\/wp-content\\\/uploads\\\/2022\\\/06\\\/fathers-day-concept-with-happy-father-daughter-2-scaled.jpg\",\"datePublished\":\"2022-06-08T20:43:00+00:00\",\"dateModified\":\"2024-01-23T06:53:18+00:00\",\"description\":\"Nie masz pomys\u0142u na prezent dla Taty, kt\u00f3ry wszystko ma? Zobacz 10 propozycji prezent\u00f3w na Dzie\u0144 Ojca 2022. Zainspiruj si\u0119!\",\"breadcrumb\":{\"@id\":\"https:\\\/\\\/fotobum.pl\\\/blog\\\/top-10-pomyslow-na-prezent-dla-taty\\\/#breadcrumb\"},\"inLanguage\":\"pl-PL\",\"potentialAction\":[{\"@type\":\"ReadAction\",\"target\":[\"https:\\\/\\\/fotobum.pl\\\/blog\\\/top-10-pomyslow-na-prezent-dla-taty\\\/\"]}]},{\"@type\":\"ImageObject\",\"inLanguage\":\"pl-PL\",\"@id\":\"https:\\\/\\\/fotobum.pl\\\/blog\\\/top-10-pomyslow-na-prezent-dla-taty\\\/#primaryimage\",\"url\":\"https:\\\/\\\/fotobum.pl\\\/blog\\\/wp-content\\\/uploads\\\/2022\\\/06\\\/fathers-day-concept-with-happy-father-daughter-2-scaled.jpg\",\"contentUrl\":\"https:\\\/\\\/fotobum.pl\\\/blog\\\/wp-content\\\/uploads\\\/2022\\\/06\\\/fathers-day-concept-with-happy-father-daughter-2-scaled.jpg\",\"width\":2560,\"height\":1709},{\"@type\":\"BreadcrumbList\",\"@id\":\"https:\\\/\\\/fotobum.pl\\\/blog\\\/top-10-pomyslow-na-prezent-dla-taty\\\/#breadcrumb\",\"itemListElement\":[{\"@type\":\"ListItem\",\"position\":1,\"name\":\"Home\",\"item\":\"https:\\\/\\\/fotobum.pl\\\/blog\\\/\"},{\"@type\":\"ListItem\",\"position\":2,\"name\":\"Top 10 pomys\u0142\u00f3w na prezent dla Taty\"}]},{\"@type\":\"WebSite\",\"@id\":\"https:\\\/\\\/fotobum.pl\\\/blog\\\/#website\",\"url\":\"https:\\\/\\\/fotobum.pl\\\/blog\\\/\",\"name\":\"Fotobum.pl\\\/blog\",\"description\":\"Personalizowane produkty\",\"publisher\":{\"@id\":\"https:\\\/\\\/fotobum.pl\\\/blog\\\/#organization\"},\"potentialAction\":[{\"@type\":\"SearchAction\",\"target\":{\"@type\":\"EntryPoint\",\"urlTemplate\":\"https:\\\/\\\/fotobum.pl\\\/blog\\\/?s={search_term_string}\"},\"query-input\":{\"@type\":\"PropertyValueSpecification\",\"valueRequired\":true,\"valueName\":\"search_term_string\"}}],\"inLanguage\":\"pl-PL\"},{\"@type\":\"Organization\",\"@id\":\"https:\\\/\\\/fotobum.pl\\\/blog\\\/#organization\",\"name\":\"Fotobum.pl\\\/blog\",\"url\":\"https:\\\/\\\/fotobum.pl\\\/blog\\\/\",\"logo\":{\"@type\":\"ImageObject\",\"inLanguage\":\"pl-PL\",\"@id\":\"https:\\\/\\\/fotobum.pl\\\/blog\\\/#\\\/schema\\\/logo\\\/image\\\/\",\"url\":\"https:\\\/\\\/fotobum.pl\\\/blog\\\/wp-content\\\/uploads\\\/2019\\\/07\\\/cropped-fotobum_logo.png\",\"contentUrl\":\"https:\\\/\\\/fotobum.pl\\\/blog\\\/wp-content\\\/uploads\\\/2019\\\/07\\\/cropped-fotobum_logo.png\",\"width\":210,\"height\":67,\"caption\":\"Fotobum.pl\\\/blog\"},\"image\":{\"@id\":\"https:\\\/\\\/fotobum.pl\\\/blog\\\/#\\\/schema\\\/logo\\\/image\\\/\"}},{\"@type\":\"Person\",\"@id\":\"https:\\\/\\\/fotobum.pl\\\/blog\\\/#\\\/schema\\\/person\\\/edd15ac5cab48171e1f2a38698c7e536\",\"name\":\"Fotobum\",\"image\":{\"@type\":\"ImageObject\",\"inLanguage\":\"pl-PL\",\"@id\":\"https:\\\/\\\/secure.gravatar.com\\\/avatar\\\/24b02673ce1161ec1d040a52860847d95f3f1246c5c811d20ea28738a8986c7e?s=96&d=mm&r=g\",\"url\":\"https:\\\/\\\/secure.gravatar.com\\\/avatar\\\/24b02673ce1161ec1d040a52860847d95f3f1246c5c811d20ea28738a8986c7e?s=96&d=mm&r=g\",\"contentUrl\":\"https:\\\/\\\/secure.gravatar.com\\\/avatar\\\/24b02673ce1161ec1d040a52860847d95f3f1246c5c811d20ea28738a8986c7e?s=96&d=mm&r=g\",\"caption\":\"Fotobum\"},\"url\":\"https:\\\/\\\/fotobum.pl\\\/blog\\\/author\\\/admin\\\/\"}]}<\/script>\n<!-- \/ Yoast SEO plugin. -->","yoast_head_json":{"title":"Top 10 pomys\u0142\u00f3w na prezent dla Taty - Fotobum.pl\/blog","description":"Nie masz pomys\u0142u na prezent dla Taty, kt\u00f3ry wszystko ma? Zobacz 10 propozycji prezent\u00f3w na Dzie\u0144 Ojca 2022. Zainspiruj si\u0119!","robots":{"index":"index","follow":"follow","max-snippet":"max-snippet:-1","max-image-preview":"max-image-preview:large","max-video-preview":"max-video-preview:-1"},"canonical":"https:\/\/fotobum.pl\/blog\/top-10-pomyslow-na-prezent-dla-taty\/","og_locale":"pl_PL","og_type":"article","og_title":"Top 10 pomys\u0142\u00f3w na prezent dla Taty","og_description":"Zobacz top 10 pomys\u0142\u00f3w na prezent dla Taty","og_url":"https:\/\/fotobum.pl\/blog\/top-10-pomyslow-na-prezent-dla-taty\/","og_site_name":"Fotobum.pl\/blog","article_published_time":"2022-06-08T20:43:00+00:00","article_modified_time":"2024-01-23T06:53:18+00:00","og_image":[{"width":2560,"height":1709,"url":"https:\/\/fotobum.pl\/blog\/wp-content\/uploads\/2022\/06\/fathers-day-concept-with-happy-father-daughter-1-scaled.jpg","type":"image\/jpeg"}],"author":"Fotobum","twitter_card":"summary_large_image","twitter_misc":{"Napisane przez":"Fotobum","Szacowany czas czytania":"17 minut"},"schema":{"@context":"https:\/\/schema.org","@graph":[{"@type":"Article","@id":"https:\/\/fotobum.pl\/blog\/top-10-pomyslow-na-prezent-dla-taty\/#article","isPartOf":{"@id":"https:\/\/fotobum.pl\/blog\/top-10-pomyslow-na-prezent-dla-taty\/"},"author":{"name":"Fotobum","@id":"https:\/\/fotobum.pl\/blog\/#\/schema\/person\/edd15ac5cab48171e1f2a38698c7e536"},"headline":"Top 10 pomys\u0142\u00f3w na prezent dla Taty","datePublished":"2022-06-08T20:43:00+00:00","dateModified":"2024-01-23T06:53:18+00:00","mainEntityOfPage":{"@id":"https:\/\/fotobum.pl\/blog\/top-10-pomyslow-na-prezent-dla-taty\/"},"wordCount":2107,"commentCount":0,"publisher":{"@id":"https:\/\/fotobum.pl\/blog\/#organization"},"image":{"@id":"https:\/\/fotobum.pl\/blog\/top-10-pomyslow-na-prezent-dla-taty\/#primaryimage"},"thumbnailUrl":"https:\/\/fotobum.pl\/blog\/wp-content\/uploads\/2022\/06\/fathers-day-concept-with-happy-father-daughter-2-scaled.jpg","keywords":["dzie\u0144 ojca","fotoprodukty","pomys\u0142 na prezent dla taty","prezent dla taty","prezent na dzie\u0144 ojca"],"inLanguage":"pl-PL","potentialAction":[{"@type":"CommentAction","name":"Comment","target":["https:\/\/fotobum.pl\/blog\/top-10-pomyslow-na-prezent-dla-taty\/#respond"]}]},{"@type":"WebPage","@id":"https:\/\/fotobum.pl\/blog\/top-10-pomyslow-na-prezent-dla-taty\/","url":"https:\/\/fotobum.pl\/blog\/top-10-pomyslow-na-prezent-dla-taty\/","name":"Top 10 pomys\u0142\u00f3w na prezent dla Taty - Fotobum.pl\/blog","isPartOf":{"@id":"https:\/\/fotobum.pl\/blog\/#website"},"primaryImageOfPage":{"@id":"https:\/\/fotobum.pl\/blog\/top-10-pomyslow-na-prezent-dla-taty\/#primaryimage"},"image":{"@id":"https:\/\/fotobum.pl\/blog\/top-10-pomyslow-na-prezent-dla-taty\/#primaryimage"},"thumbnailUrl":"https:\/\/fotobum.pl\/blog\/wp-content\/uploads\/2022\/06\/fathers-day-concept-with-happy-father-daughter-2-scaled.jpg","datePublished":"2022-06-08T20:43:00+00:00","dateModified":"2024-01-23T06:53:18+00:00","description":"Nie masz pomys\u0142u na prezent dla Taty, kt\u00f3ry wszystko ma? Zobacz 10 propozycji prezent\u00f3w na Dzie\u0144 Ojca 2022. Zainspiruj si\u0119!","breadcrumb":{"@id":"https:\/\/fotobum.pl\/blog\/top-10-pomyslow-na-prezent-dla-taty\/#breadcrumb"},"inLanguage":"pl-PL","potentialAction":[{"@type":"ReadAction","target":["https:\/\/fotobum.pl\/blog\/top-10-pomyslow-na-prezent-dla-taty\/"]}]},{"@type":"ImageObject","inLanguage":"pl-PL","@id":"https:\/\/fotobum.pl\/blog\/top-10-pomyslow-na-prezent-dla-taty\/#primaryimage","url":"https:\/\/fotobum.pl\/blog\/wp-content\/uploads\/2022\/06\/fathers-day-concept-with-happy-father-daughter-2-scaled.jpg","contentUrl":"https:\/\/fotobum.pl\/blog\/wp-content\/uploads\/2022\/06\/fathers-day-concept-with-happy-father-daughter-2-scaled.jpg","width":2560,"height":1709},{"@type":"BreadcrumbList","@id":"https:\/\/fotobum.pl\/blog\/top-10-pomyslow-na-prezent-dla-taty\/#breadcrumb","itemListElement":[{"@type":"ListItem","position":1,"name":"Home","item":"https:\/\/fotobum.pl\/blog\/"},{"@type":"ListItem","position":2,"name":"Top 10 pomys\u0142\u00f3w na prezent dla Taty"}]},{"@type":"WebSite","@id":"https:\/\/fotobum.pl\/blog\/#website","url":"https:\/\/fotobum.pl\/blog\/","name":"Fotobum.pl\/blog","description":"Personalizowane produkty","publisher":{"@id":"https:\/\/fotobum.pl\/blog\/#organization"},"potentialAction":[{"@type":"SearchAction","target":{"@type":"EntryPoint","urlTemplate":"https:\/\/fotobum.pl\/blog\/?s={search_term_string}"},"query-input":{"@type":"PropertyValueSpecification","valueRequired":true,"valueName":"search_term_string"}}],"inLanguage":"pl-PL"},{"@type":"Organization","@id":"https:\/\/fotobum.pl\/blog\/#organization","name":"Fotobum.pl\/blog","url":"https:\/\/fotobum.pl\/blog\/","logo":{"@type":"ImageObject","inLanguage":"pl-PL","@id":"https:\/\/fotobum.pl\/blog\/#\/schema\/logo\/image\/","url":"https:\/\/fotobum.pl\/blog\/wp-content\/uploads\/2019\/07\/cropped-fotobum_logo.png","contentUrl":"https:\/\/fotobum.pl\/blog\/wp-content\/uploads\/2019\/07\/cropped-fotobum_logo.png","width":210,"height":67,"caption":"Fotobum.pl\/blog"},"image":{"@id":"https:\/\/fotobum.pl\/blog\/#\/schema\/logo\/image\/"}},{"@type":"Person","@id":"https:\/\/fotobum.pl\/blog\/#\/schema\/person\/edd15ac5cab48171e1f2a38698c7e536","name":"Fotobum","image":{"@type":"ImageObject","inLanguage":"pl-PL","@id":"https:\/\/secure.gravatar.com\/avatar\/24b02673ce1161ec1d040a52860847d95f3f1246c5c811d20ea28738a8986c7e?s=96&d=mm&r=g","url":"https:\/\/secure.gravatar.com\/avatar\/24b02673ce1161ec1d040a52860847d95f3f1246c5c811d20ea28738a8986c7e?s=96&d=mm&r=g","contentUrl":"https:\/\/secure.gravatar.com\/avatar\/24b02673ce1161ec1d040a52860847d95f3f1246c5c811d20ea28738a8986c7e?s=96&d=mm&r=g","caption":"Fotobum"},"url":"https:\/\/fotobum.pl\/blog\/author\/admin\/"}]}},"_links":{"self":[{"href":"https:\/\/fotobum.pl\/blog\/wp-json\/wp\/v2\/posts\/1306","targetHints":{"allow":["GET"]}}],"collection":[{"href":"https:\/\/fotobum.pl\/blog\/wp-json\/wp\/v2\/posts"}],"about":[{"href":"https:\/\/fotobum.pl\/blog\/wp-json\/wp\/v2\/types\/post"}],"author":[{"embeddable":true,"href":"https:\/\/fotobum.pl\/blog\/wp-json\/wp\/v2\/users\/1"}],"replies":[{"embeddable":true,"href":"https:\/\/fotobum.pl\/blog\/wp-json\/wp\/v2\/comments?post=1306"}],"version-history":[{"count":26,"href":"https:\/\/fotobum.pl\/blog\/wp-json\/wp\/v2\/posts\/1306\/revisions"}],"predecessor-version":[{"id":2065,"href":"https:\/\/fotobum.pl\/blog\/wp-json\/wp\/v2\/posts\/1306\/revisions\/2065"}],"wp:featuredmedia":[{"embeddable":true,"href":"https:\/\/fotobum.pl\/blog\/wp-json\/wp\/v2\/media\/1308"}],"wp:attachment":[{"href":"https:\/\/fotobum.pl\/blog\/wp-json\/wp\/v2\/media?parent=1306"}],"wp:term":[{"taxonomy":"category","embeddable":true,"href":"https:\/\/fotobum.pl\/blog\/wp-json\/wp\/v2\/categories?post=1306"},{"taxonomy":"post_tag","embeddable":true,"href":"https:\/\/fotobum.pl\/blog\/wp-json\/wp\/v2\/tags?post=1306"}],"curies":[{"name":"wp","href":"https:\/\/api.w.org\/{rel}","templated":true}]}}